{"id":600640,"date":"2023-06-09T16:41:45","date_gmt":"2023-06-09T14:41:45","guid":{"rendered":"https:\/\/www.hashtag.al\/?p=600640"},"modified":"2023-06-09T16:41:45","modified_gmt":"2023-06-09T14:41:45","slug":"trump-akuzohet-per-rastin-e-dokumenteve-te-klasifikuara-aktakuza-e-dyte-ne-pak-muaj-washington-post","status":"publish","type":"post","link":"https:\/\/www.hashtag.al\/index.php\/2023\/06\/09\/trump-akuzohet-per-rastin-e-dokumenteve-te-klasifikuara-aktakuza-e-dyte-ne-pak-muaj-washington-post\/","title":{"rendered":"Trump akuzohet p\u00ebr rastin e dokumenteve t\u00eb klasifikuara, aktakuza e dyt\u00eb n\u00eb pak muaj &#8211; Washington Post","gt_translate_keys":[{"key":"rendered","format":"text"}]},"content":{"rendered":"<p><img loading=\"lazy\" decoding=\"async\" class=\"aligncenter size-full wp-image-600641\" src=\"https:\/\/www.hashtag.al\/wp-content\/uploads\/2023\/06\/ezgif.com-gif-maker-14.jpg\" alt=\"\" width=\"1280\" height=\"854\" srcset=\"https:\/\/www.hashtag.al\/wp-content\/uploads\/2023\/06\/ezgif.com-gif-maker-14.jpg 1280w, https:\/\/www.hashtag.al\/wp-content\/uploads\/2023\/06\/ezgif.com-gif-maker-14-300x200.jpg 300w, https:\/\/www.hashtag.al\/wp-content\/uploads\/2023\/06\/ezgif.com-gif-maker-14-1024x683.jpg 1024w, https:\/\/www.hashtag.al\/wp-content\/uploads\/2023\/06\/ezgif.com-gif-maker-14-768x512.jpg 768w\" sizes=\"auto, (max-width: 1280px) 100vw, 1280px\" \/><\/p>\n<p><span style=\"color: #000000;\">Ish-presidenti Donald Trump tha t\u00eb enjten mbr\u00ebma se ai \u00ebsht\u00eb akuzuar nga Departamenti i Drejt\u00ebsis\u00eb n\u00eb lidhje me zbulimin se qindra dokumente t\u00eb klasifikuara u d\u00ebrguan n\u00eb sht\u00ebpin\u00eb e tij n\u00eb Mar-a-Lago pasi ai u largua nga Sht\u00ebpia e Bardh\u00eb. <\/span><\/p>\n<p><span style=\"color: #000000;\">Nj\u00eb aktakuz\u00eb me shtat\u00eb pika \u00ebsht\u00eb ngritur n\u00eb gjykat\u00ebn federale duke e klasifikuar ish-presidentin si t\u00eb pandehur penal, sipas njer\u00ebzve t\u00eb njohur me \u00e7\u00ebshtjen, t\u00eb cil\u00ebt fol\u00ebn n\u00eb kushte anonimiteti p\u00ebr t\u00eb p\u00ebrshkruar nj\u00eb \u00e7\u00ebshtje q\u00eb ende nuk \u00ebsht\u00eb zbardhur.<\/span><\/p>\n<p><span style=\"color: #000000;\"> Akuzat p\u00ebrfshijn\u00eb mbajtjen e q\u00ebllimshme t\u00eb sekreteve t\u00eb mbrojtjes komb\u00ebtare, pengim t\u00eb drejt\u00ebsis\u00eb dhe konspiracion, t\u00eb cilat mbartin potencialin e d\u00ebnimit me burg n\u00ebse Trump shpallet fajtor.<\/span><\/p>\n<p><span style=\"color: #000000;\">Trump, i cili \u00ebsht\u00eb kandidati kryesor p\u00ebr nominimin presidencial republikan n\u00eb vitin 2024, do paraqitet n\u00eb gjykat\u00ebn federale n\u00eb Miami p\u00ebr nj\u00eb gjykim t\u00eb mart\u00ebn n\u00eb or\u00ebn 15.00.<\/span><\/p>\n<p><span style=\"color: #000000;\">Akuza p\u00ebr mbajtje me dashje \u00ebsht\u00eb nj\u00eb shkelje e nj\u00eb pjese t\u00eb Aktit t\u00eb gjer\u00eb t\u00eb spiunazhit, megjith\u00ebse spiunimi nuk \u00ebsht\u00eb nd\u00ebr akuzat kund\u00ebr ish-presidentit. <\/span><\/p>\n<p><span style=\"color: #000000;\">\u00cbsht\u00eb hera e dyt\u00eb q\u00eb ai akuzohet penalisht q\u00eb nga marsi, kur ai u padit n\u00eb gjykat\u00ebn shtet\u00ebrore n\u00eb Nju Jork p\u00ebr 34 akuza p\u00ebr falsifikim t\u00eb t\u00eb dh\u00ebnave t\u00eb biznesit n\u00eb lidhje me pagesat e parave t\u00eb fshehta n\u00eb vitin 2016 ndaj ish-pornostares Stormy Daniels. Trump, i cili ka mohuar keqb\u00ebrjen n\u00eb t\u00eb dyja rastet, \u00ebsht\u00eb i vetmi ish-presidenti i akuzuar ndonj\u00ebher\u00eb p\u00ebr nj\u00eb krim.<\/span><\/p>\n<p><span style=\"color: #000000;\"><em>\u201cUn\u00eb jam paditur, me sa duket p\u00ebr kutit\u00eb\u201d<\/em>, shkroi Trump n\u00eb faqen e mediave sociale Truth Social. Ai pretendoi se po trajtohej n\u00eb m\u00ebnyr\u00eb t\u00eb padrejt\u00eb.<\/span><\/p>\n<p><span style=\"color: #000000;\"><em>\u201cNuk e kam menduar kurr\u00eb se nj\u00eb gj\u00eb e till\u00eb mund t\u2019i ndodh\u00eb nj\u00eb ish-presidenti t\u00eb Shteteve t\u00eb Bashkuara\u201d<\/em>, tha ai n\u00eb nj\u00eb postim t\u00eb gjat\u00eb q\u00eb p\u00ebrfundonte me: <em>\u201cJam i pafajsh\u00ebm!\u201d<\/em><\/span><\/p>\n<p><span style=\"color: #000000;\">Nj\u00eb z\u00ebdh\u00ebn\u00ebs i k\u00ebshilltarit special Jack Smith, i cili ka drejtuar hetimin e dokumenteve t\u00eb klasifikuara, nuk pranoi t\u00eb komentoj\u00eb.<\/span><\/p>\n<p><span style=\"color: #000000;\">Trump m\u00ebsoi p\u00ebr aktakuz\u00ebn e tij nd\u00ebrsa ishte n\u00eb klubin e tij n\u00eb Bedminster, N.J., me nj\u00eb grumbull k\u00ebshilltar\u00ebsh, sipas shum\u00eb njer\u00ebzve t\u00eb njohur me situat\u00ebn, t\u00eb cil\u00ebt fol\u00ebn n\u00eb kushte anonimiteti p\u00ebr t\u00eb diskutuar holl\u00ebsi q\u00eb nuk ishin publikuar publikisht.<\/span><\/p>\n<p><span style=\"color: #000000;\"> Thirrja nga Departamenti i Drejt\u00ebsis\u00eb iu drejtua avokat\u00ebve t\u00eb tij n\u00eb or\u00ebt e hershme t\u00eb mbr\u00ebmjes, rreth or\u00ebs 19:00 dhe ish-presidenti donte ta shpallte vet\u00eb aktakuz\u00ebn, than\u00eb dy nga k\u00ebta persona.<\/span><\/p>\n<p><span style=\"color: #000000;\">Sipas k\u00ebshilltar\u00ebve, ekipi i tij kishte pritur q\u00eb aktakuza e tij t\u00eb ngrihej dhe stafi tashm\u00eb kishte gati fushata, deklarata dhe video p\u00ebr mbledhjen e fondeve. Ai diktoi postimin e tij n\u00eb Truth Social brenda nj\u00eb ore pasi mori lajmin.<\/span><\/p>\n<p><span style=\"color: #000000;\"><em>&#8220;Askush nuk \u00ebsht\u00eb i zhg\u00ebnjyer q\u00eb vendi i takimit \u00ebsht\u00eb Miami,&#8221;<\/em> tha nj\u00eb person p\u00ebr takimin e ekipit ligjor.<\/span><\/p>\n<p><span style=\"color: #000000;\">Avokati i Trump, Jim Trusty, shkoi n\u00eb CNN t\u00eb enjten mbr\u00ebma p\u00ebr t\u00eb mbrojtur klientin e tij si t\u00eb pafajsh\u00ebm, duke konfirmuar gjithashtu akuzat kund\u00ebr ish-presidentit. P\u00ebrve\u00e7 mbajtjes s\u00eb q\u00ebllimshme, pengimit dhe komplotit, ai tha se Trump ishte akuzuar p\u00ebr deklarata t\u00eb rreme. Trusty tha se nuk ishte i sigurt se kur ekipi ligjor i Trump do e merrte aktakuz\u00ebn dhe nuk ishte n\u00eb dijeni n\u00ebse ndonj\u00eb individ tjet\u00ebr i lidhur me rastin ishte akuzuar gjithashtu.<\/span><\/p>\n<p><span style=\"color: #000000;\">Akuzat mbulojn\u00eb nj\u00eb hetim t\u00eb madh q\u00eb filloi n\u00eb fillim t\u00eb vitit 2022 dhe filloi ngadal\u00eb gjat\u00eb ver\u00ebs, teksa agjent\u00ebt e FBI-s\u00eb kryen nj\u00eb kontroll me urdh\u00ebr t\u00eb gjykat\u00ebs n\u00eb sht\u00ebpin\u00eb dhe klubin privat t\u00eb Trump n\u00eb fillim t\u00eb gushtit, ku u zbuluan m\u00eb shum\u00eb se 100 dokumente t\u00eb klasifikuara. <\/span><\/p>\n<p><span style=\"color: #000000;\">K\u00ebshilltar\u00ebt e Trump i kishin th\u00ebn\u00eb Departamentit t\u00eb Drejt\u00ebsis\u00eb n\u00eb qershor se ata kishin kryer nj\u00eb k\u00ebrkim t\u00eb zellsh\u00ebm p\u00ebr dokumente t\u00eb tilla n\u00eb p\u00ebrgjigje t\u00eb nj\u00eb thirrjeje dhe kishin dor\u00ebzuar gjith\u00e7ka q\u00eb mund t\u00eb gjenin.<\/span><\/p>\n<p><span style=\"color: #000000;\">N\u00eb muajt q\u00eb pas atij k\u00ebrkimi, hetuesit kan\u00eb mbledhur prova p\u00ebr t\u00eb p\u00ebrcaktuar n\u00ebse ish-presidenti kishte vendosur t\u00eb pengonte p\u00ebrpjekjet e zbatimit t\u00eb ligjit p\u00ebr t\u00eb rikuperuar materialin top-sekret q\u00eb ishte fshehur n\u00eb Mar-a-Lago.<\/span><\/p>\n<p><span style=\"color: #000000;\">Nd\u00ebrsa nj\u00eb president nuk \u00ebsht\u00eb akuzuar kurr\u00eb p\u00ebr krime t\u00eb tilla, ndjekjet penale n\u00eb lidhje me keqp\u00ebrdorimin e materialeve t\u00eb klasifikuara nuk jan\u00eb t\u00eb rralla, tha Steven Aftergood, nj\u00eb ekspert i informacionit t\u00eb klasifikuar.<\/span><\/p>\n<p><span style=\"color: #000000;\"><em>\u201cKjo pasqyron zbatimin e ligjit nga Departamenti i Drejt\u00ebsis\u00eb ndaj nj\u00eb ish-presidenti dhe kjo \u00ebsht\u00eb v\u00ebrtet inkurajuese,\u201d<\/em> tha Aftergood.<\/span><\/p>\n<p><span style=\"color: #000000;\"><em>\u201cKjo v\u00ebrtet n\u00ebnvizon faktin se askush nuk \u00ebsht\u00eb mbi ligjin.\u201d<\/em><\/span><\/p>\n<p><span style=\"color: #000000;\">Nd\u00ebrsa akuzat ka t\u00eb ngjar\u00eb t\u00eb testojn\u00eb fuqin\u00eb e q\u00ebndrimit t\u00eb Trump si udh\u00ebheq\u00ebs i nj\u00eb fushe republikane gjithnj\u00eb e m\u00eb t\u00eb mbushur me rival\u00eb, \u00e7\u00ebshtja do vendos\u00eb gjithashtu tendosje t\u00eb reja mbi Departamentin e Drejt\u00ebsis\u00eb dhe FBI-n\u00eb, t\u00eb cilat duhet t\u00eb nxjerrin n\u00eb gjyq nj\u00eb manjat t\u00eb kthyer n\u00eb politikan, i cili ka demonizuar publikisht forcat federale t\u00eb zbatimit t\u00eb lgjit prej vitesh.<\/span><\/p>\n<p><span style=\"color: #000000;\"> Sht\u00ebpia e Bardh\u00eb nuk pranoi t\u00eb komentoj\u00eb mbi aktakuz\u00ebn t\u00eb enjten mbr\u00ebma dhe i referoi hetimet Departamentit t\u00eb Drejt\u00ebsis\u00eb. <\/span><\/p>\n<p><span style=\"color: #000000;\">Por m\u00eb her\u00ebt t\u00eb enjten, p\u00ebrpara se Trump t\u00eb njoftonte se ishte akuzuar, presidenti Biden u pyet nga nj\u00eb gazetar se \u00e7far\u00eb mund t&#8217;u thoshte amerikan\u00ebve p\u00ebr t&#8217;i \u2018bindur ata\u2019 se \u2018duhet t&#8217;i besojn\u00eb pavar\u00ebsis\u00eb dhe drejt\u00ebsis\u00eb s\u00eb Departamentit t\u00eb Drejt\u00ebsis\u00eb\u2019.<\/span><\/p>\n<p><span style=\"color: #000000;\">Biden u p\u00ebrgjigj se ai \u2018asnj\u00ebher\u00eb, as nj\u00eb her\u00eb t\u00eb vetme, nuk i ka sugjeruar Departamentit t\u00eb Drejt\u00ebsis\u00eb se \u00e7far\u00eb duhet t\u00eb b\u00ebj\u00eb ose t\u00eb mos b\u00ebj\u00eb n\u00eb lidhje me ngritjen ose mosngritjen e nj\u00eb akuze\u2019.<\/span><\/p>\n<p><span style=\"color: #000000;\">Pjesa m\u00eb e madhe e hetimit t\u00eb Departamentit t\u00eb Drejt\u00ebsis\u00eb u p\u00ebrqendrua rreth veprimeve t\u00eb Trump dhe k\u00ebshilltar\u00ebve t\u00eb tij m\u00eb t\u00eb af\u00ebrt pas thirrjes s\u00eb majit 2022 nga qeveria p\u00ebr kthimin e t\u00eb gjitha dokumenteve me shenja t\u00eb klasifikuara. <\/span><\/p>\n<p><span style=\"color: #000000;\">D\u00ebshmitar\u00ebt dhe provat video t\u00eb mbledhura nga FBI-ja treguan se Trump mund t\u00eb ket\u00eb k\u00ebrkuar t\u00eb mbaj\u00eb dokumente, i than\u00eb Washington Post persona t\u00eb njohur me hetimin, pavar\u00ebsisht se u kan\u00eb dor\u00ebzuar disa materiale autoriteteve n\u00eb p\u00ebrgjigje t\u00eb thirrjes.<\/span><\/p>\n<p><span style=\"color: #000000;\">N\u00eb n\u00ebntor, Prokurori i P\u00ebrgjithsh\u00ebm Merrick Garland caktoi Smithin t\u00eb sh\u00ebrbente si k\u00ebshilltar special dhe t\u00eb merrte p\u00ebrgjegj\u00ebsin\u00eb p\u00ebr \u00e7\u00ebshtjen Mar-a-Lago, duke th\u00ebn\u00eb se kandidatura e shpallur e Trump p\u00ebr presidenc\u00eb dhe oferta e mundshme e Biden p\u00ebr rizgjedhje do t\u00eb thoshte se duhet t\u00eb kishte nj\u00eb shtres\u00eb tjet\u00ebr pavar\u00ebsie p\u00ebr hetimet q\u00eb p\u00ebrfshin Trump.<\/span><\/p>\n<p><span style=\"color: #000000;\">Nj\u00eb avokat special i ve\u00e7ant\u00eb, Robert Hur, \u00ebsht\u00eb caktuar p\u00ebr t\u00eb hetuar se si nj\u00eb num\u00ebr shum\u00eb m\u00eb i vog\u00ebl dokumentesh t\u00eb klasifikuara u d\u00ebrguan n\u00eb sht\u00ebpin\u00eb dhe zyr\u00ebn e Biden. Trump ka pretenduar se ai nuk duhet t\u00eb akuzohet sepse sjellja e Biden ishte m\u00eb e keqe.<\/span><\/p>\n<p><span style=\"color: #000000;\">P\u00ebr shum\u00eb muaj, prokuror\u00ebt e Departamentit t\u00eb Drejt\u00ebsis\u00eb kan\u00eb marr\u00eb n\u00eb pyetje d\u00ebshmitar\u00ebt n\u00eb \u00e7\u00ebshtjen Mar-a-Lago p\u00ebrpara nj\u00eb jurie t\u00eb madhe federale n\u00eb Uashington. Procedurat sekrete soll\u00ebn prova t\u00eb keqp\u00ebrdorimeve t\u00eb mundshme, si dhe pengimit t\u00eb drejt\u00ebsis\u00eb, kan\u00eb th\u00ebn\u00eb njer\u00ebz t\u00eb njohur me hetimin, duke e b\u00ebr\u00eb gjykat\u00ebn federale n\u00eb kryeqytetin e vendit pik\u00ebn kryesore t\u00eb nj\u00eb loje pritjeje: A do t\u00eb ishte Trump ish-presidenti i par\u00eb i paditur nga Departamenti i Drejt\u00ebsis\u00eb?<\/span><\/p>\n<p><span style=\"color: #000000;\">N\u00eb fillim t\u00eb majit, parada e d\u00ebshmitar\u00ebve t\u00eb asaj jurie t\u00eb madhe u duk se ndaloi, por n\u00eb fakt mbledhja e provave vazhdoi n\u00eb nj\u00eb gjykat\u00eb federale nj\u00eb mij\u00eb milje n\u00eb jug, n\u00eb Miami. Kjo gjykat\u00eb \u00ebsht\u00eb shum\u00eb m\u00eb af\u00ebr Mar-a-Lago, ku ndodhi shumica e sjelljeve t\u00eb supozuara n\u00ebn v\u00ebzhgim.<\/span><\/p>\n<p><span style=\"color: #000000;\">The Post raportoi t\u00eb m\u00ebrkur\u00ebn se avokat\u00ebt e Departamentit t\u00eb Drejt\u00ebsis\u00eb kishin arritur n\u00eb p\u00ebrfundimin se \u00e7\u00ebshtja kund\u00ebr Trump do sillet n\u00eb m\u00ebnyr\u00eb m\u00eb t\u00eb sigurt n\u00eb Florida sesa n\u00eb Uashington, n\u00eb m\u00ebnyr\u00eb q\u00eb t\u00eb shmangen grindjet ligjore q\u00eb mund t\u00eb k\u00ebrkojn\u00eb koh\u00eb p\u00ebr vendin e duhur.<\/span><\/p>\n<p><span style=\"color: #000000;\">Pas muajsh spekulimesh dhe pritjesh, jav\u00ebt e fundit u b\u00eb e qart\u00eb se \u00e7\u00ebshtja e Shteteve t\u00eb Bashkuara kund\u00ebr Donald J. Trump po shkonte drejt nj\u00eb vendimi t\u00eb r\u00ebnd\u00ebsish\u00ebm.<\/span><\/p>\n<p><span style=\"color: #000000;\">Departamenti i Drejt\u00ebsis\u00eb njoftoi zyrtarisht avokat\u00ebt e Trump se ai ishte nj\u00eb objektiv i nj\u00eb hetimi penal, jo surpriz\u00eb, duke pasur parasysh bastisjen e FBI-s\u00eb n\u00eb sht\u00ebpin\u00eb e tij ver\u00ebn e kaluar, por nj\u00eb hap procedural q\u00eb e afroi \u00e7\u00ebshtjen me aktakuz\u00ebn.<\/span><\/p>\n<p><span style=\"color: #000000;\">T\u00eb h\u00ebn\u00ebn, avokat\u00ebt e ish-presidentit u takuan n\u00eb selin\u00eb e Departamentit t\u00eb Drejt\u00ebsis\u00eb me Smith dhe zyrtar\u00eb t\u00eb tjer\u00eb, duke p\u00ebrfshir\u00eb nj\u00eb avokat t\u00eb lart\u00eb t\u00eb karrier\u00ebs. Avokat\u00ebt e Trump u p\u00ebrpoq\u00ebn t\u00eb bindin prokuror\u00ebt q\u00eb t\u00eb mos ngrinin akuza. Njer\u00ebzit e njohur me bised\u00ebn than\u00eb se takimi nuk shkoi mir\u00eb dhe ekipi i Trump u largua nga takimi duke pritur q\u00eb klienti i tyre s\u00eb shpejti t\u00eb paditet.<\/span><\/p>\n<p><span style=\"color: #000000;\">Pas muajsh l\u00ebvizjeje, 15 kuti me letra nga Mar-a-Lago u kthyen n\u00eb fillim t\u00eb vitit 2022. Kur zyrtar\u00ebt e Arkivave hap\u00ebn kutit\u00eb, ata gjet\u00ebn m\u00eb shum\u00eb se 100 dokumente t\u00eb klasifikuara t\u00eb shp\u00ebrndara midis artikujve t\u00eb ndrysh\u00ebm.<\/span><\/p>\n<p><span style=\"color: #000000;\">Kjo \u00e7oi n\u00eb pyetje n\u00ebse Trump kishte m\u00eb shum\u00eb dokumente t\u00eb klasifikuara n\u00eb sht\u00ebpin\u00eb e tij n\u00eb Florida. Pas thirrjes s\u00eb juris\u00eb s\u00eb madhe at\u00eb pranver\u00eb, avokat\u00ebt e Trump dor\u00ebzuan 38 dokumente shtes\u00eb t\u00eb klasifikuara n\u00eb nj\u00eb zarf t\u00eb mbyllur qershorin e kaluar, sipas dokumenteve t\u00eb gjykat\u00ebs. <\/span><\/p>\n<p><span style=\"color: #000000;\">Por agjent\u00ebt e FBI-s\u00eb m\u00eb von\u00eb mor\u00ebn prova q\u00eb sugjeronin se Trump po mbante edhe m\u00eb shum\u00eb materiale, duke i shtyr\u00eb ata t\u00eb merrnin nj\u00eb urdh\u00ebr gjykate p\u00ebr nj\u00eb kontroll m\u00eb 8 gusht t\u00eb pron\u00ebs n\u00eb t\u00eb cil\u00ebn agjent\u00ebt gjet\u00ebn m\u00eb shum\u00eb se 100 dokumente t\u00eb klasifikuara.<\/span><\/p>\n<p><span style=\"color: #000000;\">Gjat\u00eb hetimit t\u00eb tyre, agjent\u00ebt dhe prokuror\u00ebt zbuluan se kutit\u00eb q\u00eb p\u00ebrmbanin letra t\u00eb ndjeshme u zhvendos\u00ebn nga nj\u00eb dhom\u00eb magazinimi n\u00eb Mar-a-Lago, pasi zyra e Trump mori nj\u00eb thirrje p\u00ebr \u00e7do dokument t\u00eb klasifikuar dhe kutit\u00eb u zhvendos\u00ebn p\u00ebrs\u00ebri n\u00eb t\u00eb nj\u00ebjt\u00ebn dhom\u00eb magazinimi nj\u00eb dit\u00eb p\u00ebrpara se nj\u00eb prokuror federal dhe agjent\u00ebt t\u00eb vizitonin n\u00eb qershor p\u00ebr t\u00eb marr\u00eb ndonj\u00eb dokument t\u00eb klasifikuar.<\/span><\/p>\n<p><span style=\"color: #000000;\">Nd\u00ebr dokumentet e klasifikuara t\u00eb gjetura gjat\u00eb hetimit ishin dokumente n\u00eb lidhje me aft\u00ebsit\u00eb b\u00ebrthamore t\u00eb nj\u00eb vendi t\u00eb huaj, nj\u00eb dokument shum\u00eb i ndjesh\u00ebm n\u00eb lidhje me programin raketor t\u00eb Iranit dhe faqe p\u00ebr p\u00ebrpjekjet e SHBA-s\u00eb p\u00ebr mbledhjen e inteligjenc\u00ebs q\u00eb synonin Kin\u00ebn, sipas njer\u00ebzve t\u00eb njohur me k\u00ebt\u00eb \u00e7\u00ebshtje.<\/span><\/p>\n<p><span style=\"color: #000000;\">Smith po heton ve\u00e7mas p\u00ebrpjekjet e Trump dhe t\u00eb tjer\u00ebve p\u00ebr t\u00eb p\u00ebrmbysur rezultatet e zgjedhjeve presidenciale t\u00eb vitit 2020, si dhe p\u00ebrfshirjen e Trump dhe ndihm\u00ebsve t\u00eb tij t\u00eb ngusht\u00eb n\u00eb ngjarjet rreth trazirave t\u00eb 6 janarit 2021 n\u00eb Kapitolin e SHBA-s\u00eb.<\/span><\/p>\n<p><span style=\"color: #000000;\"> Trump dhe shum\u00eb nga k\u00ebshilltar\u00ebt e tij jan\u00eb gjithashtu n\u00ebn hetim nga Prokurori i Qarkut Fulton, Ga., n\u00eb lidhje me p\u00ebrpjekjet p\u00ebr t\u00eb bllokuar fitoren zgjedhore t\u00eb Biden.<\/span><\/p>\n<p><span style=\"color: #000000;\"><span style=\"color: #ff0000;\"><strong>VINI RE<\/strong><\/span>: Ky material \u00ebsht\u00eb pron\u00ebsi intelektuale e <a href=\"https:\/\/www.washingtonpost.com\/national-security\/2023\/06\/08\/trump-classified-documents-mar-a-lago\/\"><span style=\"color: #0000ff;\">Washington Post<\/span><\/a><\/span><\/p>\n","protected":false,"gt_translate_keys":[{"key":"rendered","format":"html"}]},"excerpt":{"rendered":"<p>Ish-presidenti Donald Trump tha t\u00eb enjten mbr\u00ebma se ai \u00ebsht\u00eb akuzuar nga Departamenti i Drejt\u00ebsis\u00eb n\u00eb lidhje me zbulimin se qindra dokumente t\u00eb klasifikuara u d\u00ebrguan n\u00eb sht\u00ebpin\u00eb e tij n\u00eb Mar-a-Lago pasi ai u largua nga Sht\u00ebpia e Bardh\u00eb. Nj\u00eb aktakuz\u00eb me shtat\u00eb pika \u00ebsht\u00eb ngritur n\u00eb gjykat\u00ebn federale duke e klasifikuar ish-presidentin si [&hellip;]<\/p>\n","protected":false,"gt_translate_keys":[{"key":"rendered","format":"html"}]},"author":51,"featured_media":600641,"comment_status":"closed","ping_status":"closed","sticky":false,"template":"","format":"standard","meta":{"footnotes":""},"categories":[22],"tags":[],"class_list":["post-600640","post","type-post","status-publish","format-standard","has-post-thumbnail","hentry","category-ballina"],"gt_translate_keys":[{"key":"link","format":"url"}],"_links":{"self":[{"href":"https:\/\/www.hashtag.al\/index.php\/wp-json\/wp\/v2\/posts\/600640","targetHints":{"allow":["GET"]}}],"collection":[{"href":"https:\/\/www.hashtag.al\/index.php\/wp-json\/wp\/v2\/posts"}],"about":[{"href":"https:\/\/www.hashtag.al\/index.php\/wp-json\/wp\/v2\/types\/post"}],"author":[{"embeddable":true,"href":"https:\/\/www.hashtag.al\/index.php\/wp-json\/wp\/v2\/users\/51"}],"replies":[{"embeddable":true,"href":"https:\/\/www.hashtag.al\/index.php\/wp-json\/wp\/v2\/comments?post=600640"}],"version-history":[{"count":0,"href":"https:\/\/www.hashtag.al\/index.php\/wp-json\/wp\/v2\/posts\/600640\/revisions"}],"wp:featuredmedia":[{"embeddable":true,"href":"https:\/\/www.hashtag.al\/index.php\/wp-json\/wp\/v2\/media\/600641"}],"wp:attachment":[{"href":"https:\/\/www.hashtag.al\/index.php\/wp-json\/wp\/v2\/media?parent=600640"}],"wp:term":[{"taxonomy":"category","embeddable":true,"href":"https:\/\/www.hashtag.al\/index.php\/wp-json\/wp\/v2\/categories?post=600640"},{"taxonomy":"post_tag","embeddable":true,"href":"https:\/\/www.hashtag.al\/index.php\/wp-json\/wp\/v2\/tags?post=600640"}],"curies":[{"name":"wp","href":"https:\/\/api.w.org\/{rel}","templated":true}]}}