{"id":600598,"date":"2023-06-09T12:56:35","date_gmt":"2023-06-09T10:56:35","guid":{"rendered":"https:\/\/www.hashtag.al\/?p=600598"},"modified":"2023-06-09T13:12:59","modified_gmt":"2023-06-09T11:12:59","slug":"detektivi-i-kitaristit-joe-walsh-do-hetoj-dhe-mcgonigalin","status":"publish","type":"post","link":"https:\/\/www.hashtag.al\/index.php\/2023\/06\/09\/detektivi-i-kitaristit-joe-walsh-do-hetoj-dhe-mcgonigalin\/","title":{"rendered":"Detektivi i kitaristit Joe Walsh: Do hetoj dhe McGonigalin","gt_translate_keys":[{"key":"rendered","format":"text"}]},"content":{"rendered":"<p><span style=\"color: #000000;\"><a style=\"color: #000000;\" href=\"https:\/\/www.hashtag.al\/wp-content\/uploads\/2023\/06\/berisha-mcgonigal.jpg\"><img loading=\"lazy\" decoding=\"async\" class=\"aligncenter size-full wp-image-600599\" src=\"https:\/\/www.hashtag.al\/wp-content\/uploads\/2023\/06\/berisha-mcgonigal.jpg\" alt=\"\" width=\"971\" height=\"491\" srcset=\"https:\/\/www.hashtag.al\/wp-content\/uploads\/2023\/06\/berisha-mcgonigal.jpg 971w, https:\/\/www.hashtag.al\/wp-content\/uploads\/2023\/06\/berisha-mcgonigal-300x152.jpg 300w, https:\/\/www.hashtag.al\/wp-content\/uploads\/2023\/06\/berisha-mcgonigal-768x388.jpg 768w\" sizes=\"auto, (max-width: 971px) 100vw, 971px\" \/><\/a><\/span><\/p>\n<p><span style=\"color: #000000;\">Kryetari i PD-s\u00eb t\u00eb Rithemilimit, Sali Berisha i cili ngat\u00ebrroi kitaristin Joe Walsh me Erion Veliajn n\u00eb nj\u00eb bashk\u00ebbisedim me gazetar\u00ebt tha se do hetoj\u00eb lidhjet e ish-agjentit t\u00eb FBI-s\u00eb McGonigal n\u00eb Shqip\u00ebri.<\/span><\/p>\n<p><span style=\"color: #000000;\">Berisha tha se do k\u00ebrkoj\u00eb ngritjen e Komisionit Hetimor parlamentar p\u00ebr t\u00eb hetuar Mc Gonigalin dhe kryeministrin Edi Rama.<\/span><\/p>\n<p><span style=\"color: #000000;\">\u201c<em>\u00c7\u00ebshtja shqiptare kishte t\u00eb b\u00ebnte me ryshfet. Ryshfet q\u00eb Edi Rama kishte angazhuar kryezbuluesin e FBI-s\u00eb kund\u00ebr opozit\u00ebs shqiptare. Natyrisht Edi Rama ka imunitet diplomatik por \u00e7\u00ebshtja e tij nuk mbyllet kurr\u00eb. Le t\u00eb aktivizoj\u00eb ai gjith\u00eb miqt\u00eb q\u00eb ka me Aleks me Xhorxh me k\u00eb ka ai. Prokurori i k\u00ebrkon gjykat\u00ebsit shkrirjen e \u00e7\u00ebshtjeve n\u00eb nj\u00eb. \u00c7ka do t\u00eb thot\u00eb q\u00eb dosja shqiptare nuk \u00ebsht\u00eb m\u00eb nj\u00eb dosje ryshfeti. <\/em><\/span><\/p>\n<p><span style=\"color: #000000;\"><em>N\u00eb k\u00ebt\u00eb kontekst Komisioni Hetimor Parlamentar do mblidhet do apo s\u2019do Edi Rama, dhe do b\u00ebjm\u00eb gjith<\/em><em>\u00e7ka p\u00ebr t\u00eb t\u00eb dh\u00ebn\u00eb kontributin ton\u00eb p\u00ebr hetimin e t\u00eb gjith\u00eb personave t\u00eb lidhur me afer\u00ebn McGonigal n\u00eb Shqip\u00ebri dhe jasht\u00eb saj me ato mund\u00ebsi q\u00eb kemi<\/em>\u201d-deklaroi Berisha.<\/span><\/p>\n<p><span style=\"color: #000000;\">Berisha do arrij\u00eb ndoshta t\u00eb hetoj\u00eb \u00e7\u00ebshtjen Mc Gonigal, por shpresojm\u00eb q\u00eb p\u00ebr shkak t\u00eb demenc\u00ebs s\u00eb mosh\u00ebs t\u00eb mos harroj\u00eb q\u00eb hetimi t\u00eb rezultoj\u00eb nj\u00ebsoj si hetimi i lidhjeve t\u00eb Erion Veliajt me Iranin ku ish-kryeministri doli n\u00eb studio televizive dhe prezantoi nj\u00eb kitarist si Veliajn e veshur me paruke.\/<strong>Hashtag.al<\/strong><\/span><\/p>\n<div style=\"width: 640px;\" class=\"wp-video\"><video class=\"wp-video-shortcode\" id=\"video-600598-1\" width=\"640\" height=\"360\" preload=\"metadata\" controls=\"controls\"><source type=\"video\/mp4\" src=\"https:\/\/www.hashtag.al\/wp-content\/uploads\/2023\/06\/10000000_196981149969794_6618018043606456427_n_Trim.mp4?_=1\" \/><a href=\"https:\/\/www.hashtag.al\/wp-content\/uploads\/2023\/06\/10000000_196981149969794_6618018043606456427_n_Trim.mp4\">https:\/\/www.hashtag.al\/wp-content\/uploads\/2023\/06\/10000000_196981149969794_6618018043606456427_n_Trim.mp4<\/a><\/video><\/div>\n","protected":false,"gt_translate_keys":[{"key":"rendered","format":"html"}]},"excerpt":{"rendered":"<p>Kryetari i PD-s\u00eb t\u00eb Rithemilimit, Sali Berisha i cili ngat\u00ebrroi kitaristin Joe Walsh me Erion Veliajn n\u00eb nj\u00eb bashk\u00ebbisedim me gazetar\u00ebt tha se do hetoj\u00eb lidhjet e ish-agjentit t\u00eb FBI-s\u00eb McGonigal n\u00eb Shqip\u00ebri. Berisha tha se do k\u00ebrkoj\u00eb ngritjen e Komisionit Hetimor parlamentar p\u00ebr t\u00eb hetuar Mc Gonigalin dhe kryeministrin Edi Rama. \u201c\u00c7\u00ebshtja shqiptare kishte [&hellip;]<\/p>\n","protected":false,"gt_translate_keys":[{"key":"rendered","format":"html"}]},"author":32,"featured_media":600599,"comment_status":"closed","ping_status":"closed","sticky":false,"template":"","format":"standard","meta":{"footnotes":""},"categories":[22,65,13],"tags":[],"class_list":["post-600598","post","type-post","status-publish","format-standard","has-post-thumbnail","hentry","category-ballina","category-lajme","category-te-fundit"],"gt_translate_keys":[{"key":"link","format":"url"}],"_links":{"self":[{"href":"https:\/\/www.hashtag.al\/index.php\/wp-json\/wp\/v2\/posts\/600598","targetHints":{"allow":["GET"]}}],"collection":[{"href":"https:\/\/www.hashtag.al\/index.php\/wp-json\/wp\/v2\/posts"}],"about":[{"href":"https:\/\/www.hashtag.al\/index.php\/wp-json\/wp\/v2\/types\/post"}],"author":[{"embeddable":true,"href":"https:\/\/www.hashtag.al\/index.php\/wp-json\/wp\/v2\/users\/32"}],"replies":[{"embeddable":true,"href":"https:\/\/www.hashtag.al\/index.php\/wp-json\/wp\/v2\/comments?post=600598"}],"version-history":[{"count":0,"href":"https:\/\/www.hashtag.al\/index.php\/wp-json\/wp\/v2\/posts\/600598\/revisions"}],"wp:featuredmedia":[{"embeddable":true,"href":"https:\/\/www.hashtag.al\/index.php\/wp-json\/wp\/v2\/media\/600599"}],"wp:attachment":[{"href":"https:\/\/www.hashtag.al\/index.php\/wp-json\/wp\/v2\/media?parent=600598"}],"wp:term":[{"taxonomy":"category","embeddable":true,"href":"https:\/\/www.hashtag.al\/index.php\/wp-json\/wp\/v2\/categories?post=600598"},{"taxonomy":"post_tag","embeddable":true,"href":"https:\/\/www.hashtag.al\/index.php\/wp-json\/wp\/v2\/tags?post=600598"}],"curies":[{"name":"wp","href":"https:\/\/api.w.org\/{rel}","templated":true}]}}