{"id":600451,"date":"2023-06-08T14:09:26","date_gmt":"2023-06-08T12:09:26","guid":{"rendered":"https:\/\/www.hashtag.al\/?p=600451"},"modified":"2023-06-08T14:09:26","modified_gmt":"2023-06-08T12:09:26","slug":"korreshi-flet-per-takimin-me-bashen-eshte-pergjegjes-por-u-distancua-nga-dhuna-e-militanteve","status":"publish","type":"post","link":"https:\/\/www.hashtag.al\/index.php\/2023\/06\/08\/korreshi-flet-per-takimin-me-bashen-eshte-pergjegjes-por-u-distancua-nga-dhuna-e-militanteve\/","title":{"rendered":"Korreshi flet p\u00ebr takimin me Bash\u00ebn: \u00cbsht\u00eb p\u00ebrgjegj\u00ebs por u distancua nga dhuna e militant\u00ebve","gt_translate_keys":[{"key":"rendered","format":"text"}]},"content":{"rendered":"<p><span style=\"color: #000000;\"><a style=\"color: #000000;\" href=\"https:\/\/www.hashtag.al\/wp-content\/uploads\/2023\/06\/korreshi.jpg\"><img loading=\"lazy\" decoding=\"async\" class=\"aligncenter size-full wp-image-600452\" src=\"https:\/\/www.hashtag.al\/wp-content\/uploads\/2023\/06\/korreshi.jpg\" alt=\"\" width=\"780\" height=\"440\" srcset=\"https:\/\/www.hashtag.al\/wp-content\/uploads\/2023\/06\/korreshi.jpg 780w, https:\/\/www.hashtag.al\/wp-content\/uploads\/2023\/06\/korreshi-300x169.jpg 300w, https:\/\/www.hashtag.al\/wp-content\/uploads\/2023\/06\/korreshi-768x433.jpg 768w\" sizes=\"auto, (max-width: 780px) 100vw, 780px\" \/><\/a><\/span><\/p>\n<p><span style=\"color: #000000;\">Deputeti i PD-s\u00eb, Saimir Korreshi ka deklaruar se \u00ebsht\u00eb kund\u00ebr sjelljes s\u00eb Bash\u00ebs n\u00eb krye t\u00eb PD-s\u00eb.<\/span><\/p>\n<p><span style=\"color: #000000;\">Ai \u00ebsht\u00eb po ashtu kund\u00ebr rikthimit t\u00eb Berish\u00ebs dhe Alibeajt n\u00eb krye t\u00eb partis\u00eb. I pyetur lidhur me takimin, q\u00eb zhvilloi s\u00eb bashku me deputetin Sula e Basha,<\/span><\/p>\n<p><span style=\"color: #000000;\">Korreshi u shpreh se Basha kishe k\u00ebrkuar ndjes\u00eb dhe \u00ebsht\u00eb distancuar nga dhuna nga militant\u00ebt e tij ndaj deputet\u00ebve. Gjithashtu ai sqaroi pozicionin e tij ku tha se ai \u00ebsht\u00eb pro PD si n\u00eb vitin 2021. :<\/span><\/p>\n<p><span style=\"color: #000000;\"><em>\u201cP\u00ebr ato skena un\u00eb i kam th\u00ebn\u00eb dhe vazhdoj t\u2019i them q\u00eb jan\u00eb t\u00eb papranueshme. Diskutuam se kush ishte p\u00ebrgjegj\u00ebs. Mb\u00ebshtet\u00ebsit e Bash\u00ebs ishin p\u00ebrgjegj\u00ebs. Un\u00eb e kam th\u00ebn\u00eb \u00e7do her\u00eb, takimi im ishte p\u00ebr k\u00ebt\u00eb pjes\u00eb. Un\u00eb i q\u00ebndroj reagimit tim Basha, Berisha dhe Alibeaj nuk duhet m\u00eb t\u00eb jet\u00eb n\u00eb krye t\u00eb PD-s\u00eb. N\u00ebse procesi nuk futet n\u00eb binar\u00eb apo n\u00eb shina, jo nuk do t\u00eb marr pjes\u00eb. Bardhit ja kam th\u00ebn\u00eb: N\u00ebse ju doni t\u00eb b\u00ebni nj\u00eb Parti q\u00eb do i sh\u00ebrbej vet\u00ebm atij q\u00eb \u00ebsht\u00eb kryetar, mua nuk m\u00eb keni. Un\u00eb jam p\u00ebr parti demokratike si\u00e7 ka qen\u00eb n\u00eb vitin 2021. N\u00ebse nuk e prodhojm\u00eb nj\u00eb gj\u00eb t\u00eb till\u00eb, nuk kemi pse lodhemi kot.<\/em><\/span><\/p>\n<p><span style=\"color: #000000;\"><em>I kam k\u00ebrkuar q\u00eb t\u00eb sqaroj\u00eb pozicionin e tij, sqaroi se distancohet dhe se nuk e ka ditur fare. E ka marr\u00eb vesh n\u00eb m\u00ebngjes k\u00ebt\u00eb gj\u00eb. Nuk jam p\u00ebr nj\u00eb proces q\u00eb sjell Bash\u00ebn n\u00eb krye t\u00eb PD.\u201d- <\/em>deklaroi Korreshi.<\/span><\/p>\n","protected":false,"gt_translate_keys":[{"key":"rendered","format":"html"}]},"excerpt":{"rendered":"<p>Deputeti i PD-s\u00eb, Saimir Korreshi ka deklaruar se \u00ebsht\u00eb kund\u00ebr sjelljes s\u00eb Bash\u00ebs n\u00eb krye t\u00eb PD-s\u00eb. Ai \u00ebsht\u00eb po ashtu kund\u00ebr rikthimit t\u00eb Berish\u00ebs dhe Alibeajt n\u00eb krye t\u00eb partis\u00eb. I pyetur lidhur me takimin, q\u00eb zhvilloi s\u00eb bashku me deputetin Sula e Basha, Korreshi u shpreh se Basha kishe k\u00ebrkuar ndjes\u00eb dhe \u00ebsht\u00eb [&hellip;]<\/p>\n","protected":false,"gt_translate_keys":[{"key":"rendered","format":"html"}]},"author":32,"featured_media":600452,"comment_status":"closed","ping_status":"closed","sticky":false,"template":"","format":"standard","meta":{"footnotes":""},"categories":[65,13],"tags":[],"class_list":["post-600451","post","type-post","status-publish","format-standard","has-post-thumbnail","hentry","category-lajme","category-te-fundit"],"gt_translate_keys":[{"key":"link","format":"url"}],"_links":{"self":[{"href":"https:\/\/www.hashtag.al\/index.php\/wp-json\/wp\/v2\/posts\/600451","targetHints":{"allow":["GET"]}}],"collection":[{"href":"https:\/\/www.hashtag.al\/index.php\/wp-json\/wp\/v2\/posts"}],"about":[{"href":"https:\/\/www.hashtag.al\/index.php\/wp-json\/wp\/v2\/types\/post"}],"author":[{"embeddable":true,"href":"https:\/\/www.hashtag.al\/index.php\/wp-json\/wp\/v2\/users\/32"}],"replies":[{"embeddable":true,"href":"https:\/\/www.hashtag.al\/index.php\/wp-json\/wp\/v2\/comments?post=600451"}],"version-history":[{"count":0,"href":"https:\/\/www.hashtag.al\/index.php\/wp-json\/wp\/v2\/posts\/600451\/revisions"}],"wp:featuredmedia":[{"embeddable":true,"href":"https:\/\/www.hashtag.al\/index.php\/wp-json\/wp\/v2\/media\/600452"}],"wp:attachment":[{"href":"https:\/\/www.hashtag.al\/index.php\/wp-json\/wp\/v2\/media?parent=600451"}],"wp:term":[{"taxonomy":"category","embeddable":true,"href":"https:\/\/www.hashtag.al\/index.php\/wp-json\/wp\/v2\/categories?post=600451"},{"taxonomy":"post_tag","embeddable":true,"href":"https:\/\/www.hashtag.al\/index.php\/wp-json\/wp\/v2\/tags?post=600451"}],"curies":[{"name":"wp","href":"https:\/\/api.w.org\/{rel}","templated":true}]}}