{"id":599890,"date":"2023-06-05T11:17:08","date_gmt":"2023-06-05T09:17:08","guid":{"rendered":"https:\/\/www.hashtag.al\/?p=599890"},"modified":"2023-06-05T11:17:08","modified_gmt":"2023-06-05T09:17:08","slug":"basha-koha-per-lista-te-hapura-vetting-ne-politike-sakrifikova-veten-per-demokratet-berisha-beri-te-kunderten","status":"publish","type":"post","link":"https:\/\/www.hashtag.al\/index.php\/2023\/06\/05\/basha-koha-per-lista-te-hapura-vetting-ne-politike-sakrifikova-veten-per-demokratet-berisha-beri-te-kunderten\/","title":{"rendered":"Basha: Koha p\u00ebr lista t\u00eb hapura, vetting n\u00eb politik\u00eb. Sakrifikova veten p\u00ebr demokrat\u00ebt, Berisha b\u00ebri t\u00eb kund\u00ebrt\u00ebn","gt_translate_keys":[{"key":"rendered","format":"text"}]},"content":{"rendered":"<p><img loading=\"lazy\" decoding=\"async\" class=\"aligncenter size-full wp-image-599891\" src=\"https:\/\/www.hashtag.al\/wp-content\/uploads\/2023\/06\/basha1.jpg\" alt=\"\" width=\"750\" height=\"500\" srcset=\"https:\/\/www.hashtag.al\/wp-content\/uploads\/2023\/06\/basha1.jpg 750w, https:\/\/www.hashtag.al\/wp-content\/uploads\/2023\/06\/basha1-300x200.jpg 300w\" sizes=\"auto, (max-width: 750px) 100vw, 750px\" \/><\/p>\n<p><span style=\"color: #000000;\">Ish-kreu i PD-s\u00eb Lulzim Basha ka p\u00ebrmbledhur takimin e tij dit\u00ebn e djeshme me nj\u00eb grup t\u00eb rinjsh w qytetar\u00ebsh n\u00eb Kam\u00ebz.<\/span><\/p>\n<p><span style=\"color: #000000;\">Ai shkruan n\u00eb Facebook se n\u00eb vend ka ardhur koha p\u00ebr lista t\u00eb hapura, vetting n\u00eb politik, kufizimit t\u00eb mandateve e mund\u00ebsimin e vot\u00ebs s\u00eb emigrant\u00ebve. <\/span><\/p>\n<p><span style=\"color: #000000;\">Basha shton se Shqip\u00ebria ka mbetur n\u00eb duart e Ram\u00ebs, Berish\u00ebs e Met\u00ebs p\u00ebr mbi 30 vite nd\u00ebrsa zgjedhjet e 14 majit, sipas tij, treguan braktisjen e tyre nga qytetar\u00ebt.<\/span><\/p>\n<p><span style=\"color: #000000;\"><em>\u201cK\u00ebnaq\u00ebsi t\u00eb bisedoja me t\u00eb reja dhe t\u00eb rinj t\u00eb Kamz\u00ebs, ku na u bashkuan edhe an\u00ebtar\u00eb e kontributor\u00eb t\u00eb Partis\u00eb Demokratike. Sot \u00ebsht\u00eb koha q\u00eb bashk\u00eb me shqiptar\u00ebt, t\u00eb majt\u00eb e t\u00eb djathj\u00eb, t\u2019i japim fuqi vot\u00ebs dhe z\u00ebrit t\u00eb qytetar\u00ebve p\u00ebrmes listave t\u00eb hapura, vetting-ut n\u00eb politik\u00eb, kufizimit t\u00eb mandateve e vot\u00ebs s\u00eb emigrant\u00ebve. P\u00ebr k\u00ebt\u00eb ne duhet t\u00eb b\u00ebjm\u00eb gjith\u00e7ka mundemi duke k\u00ebrkuar edhe referendum. <\/em><\/span><\/p>\n<p><span style=\"color: #000000;\"><em>Ata do mundohen t\u00eb na pengojn\u00eb. Ata q\u00eb duan monopol mbi politik\u00ebn, median, ekonomin\u00eb duan q\u00eb Shqip\u00ebria t\u00eb mbetet n\u00eb duart e atyre t\u00eb treve, si\u00e7 ka qen\u00eb p\u00ebr mbi 30 vite. Por m\u00eb 14 maj shumica i ka kthyer kurrizin treshes, dhe kjo i ka shqet\u00ebsuar, prandaj kan\u00eb hapur s\u00ebrisht thesin e mashtrimeve, q\u00eb i thon\u00eb sot e i p\u00ebrg\u00ebnjeshtrojn\u00eb po vet\u00eb nes\u00ebr.\u201d<\/em> &#8211; shkruan Basha.<\/span><\/p>\n<p><span style=\"color: #000000;\"><img loading=\"lazy\" decoding=\"async\" class=\"aligncenter size-full wp-image-599892\" src=\"https:\/\/www.hashtag.al\/wp-content\/uploads\/2023\/06\/basha2.jpg\" alt=\"\" width=\"750\" height=\"500\" srcset=\"https:\/\/www.hashtag.al\/wp-content\/uploads\/2023\/06\/basha2.jpg 750w, https:\/\/www.hashtag.al\/wp-content\/uploads\/2023\/06\/basha2-300x200.jpg 300w\" sizes=\"auto, (max-width: 750px) 100vw, 750px\" \/><\/span><\/p>\n<p><span style=\"color: #000000;\">M\u00eb tej ish-kryedemokrati shton se pasuria e \u00e7do politikani duhet b\u00ebr\u00eb publike, duke nisur nga e tija. <\/span><\/p>\n<p><span style=\"color: #000000;\">Basha e mbyll sh\u00ebnimin me mesazhin se ai e ka sakrifikuar veten e tij n\u00eb interes t\u00eb demokrat\u00ebve duke duruar gjith\u00e7far\u00eb mashtrimi n\u00eb t\u00eb kund\u00ebrt, Berisha sakrifikoi interesin e demokrat\u00ebve p\u00ebr interesin e tij personal.<\/span><\/p>\n<p><span style=\"color: #000000;\"><em>\u201cUn\u00eb kam vet\u00ebm nj\u00eb p\u00ebrgjigje p\u00ebr ata, dhe k\u00ebdo q\u00eb u beson atyre. T\u00eb hapim letrat dhe t\u00eb tregojm\u00eb pasurin\u00eb e \u00e7do politikani. Le ta fillojm\u00eb me mua dhe rrethin tim familjar dhe m\u00eb pas me ata, f\u00ebmij\u00ebt dhe familjar\u00ebt e tyre. T\u00eb shohim a i justifikojn\u00eb apo jo? Ky \u00ebsht\u00eb vettingu i politikan\u00ebve. K\u00ebt\u00eb se duan, sepse duan t\u00eb baltosin dhe t\u00eb godasin k\u00ebdo q\u00eb trazon agjend\u00ebn e tyre. Sot \u00ebsht\u00eb koha q\u00eb demokrat\u00ebt t\u00eb ulin thikat, duke filluar nga ai q\u00eb i ngriti i pari, sepse e kemi kund\u00ebrshtarin politik t\u00eb ulur k\u00ebmb\u00ebkryq n\u00eb familjet ton\u00eb me ndihm\u00ebn e atij q\u00eb nxiti k\u00ebt\u00eb luft\u00eb brenda nesh. Un\u00eb e mora vendimin tim! Vendosa t\u00eb sakrifikoj veten n\u00eb interes t\u00eb demokrat\u00ebve, duke duruar edhe gjithfar\u00eb mashtrimi. Ai ka b\u00ebr\u00eb t\u00eb kund\u00ebrt\u00ebn, sakrifikoi interesin e demokrateve p\u00ebr interesat e tij personale. \u00a0P\u00ebr k\u00ebt\u00eb, \u00e7do dit\u00eb e m\u00eb shum\u00eb, koha po na jep t\u00eb drejt\u00eb!\u201d<\/em> &#8211; mbyll mesazhin n\u00eb Facebook, Basha.<\/span><\/p>\n","protected":false,"gt_translate_keys":[{"key":"rendered","format":"html"}]},"excerpt":{"rendered":"<p>Ish-kreu i PD-s\u00eb Lulzim Basha ka p\u00ebrmbledhur takimin e tij dit\u00ebn e djeshme me nj\u00eb grup t\u00eb rinjsh w qytetar\u00ebsh n\u00eb Kam\u00ebz. Ai shkruan n\u00eb Facebook se n\u00eb vend ka ardhur koha p\u00ebr lista t\u00eb hapura, vetting n\u00eb politik, kufizimit t\u00eb mandateve e mund\u00ebsimin e vot\u00ebs s\u00eb emigrant\u00ebve. Basha shton se Shqip\u00ebria ka mbetur n\u00eb [&hellip;]<\/p>\n","protected":false,"gt_translate_keys":[{"key":"rendered","format":"html"}]},"author":51,"featured_media":599891,"comment_status":"closed","ping_status":"closed","sticky":false,"template":"","format":"standard","meta":{"footnotes":""},"categories":[65,13],"tags":[],"class_list":["post-599890","post","type-post","status-publish","format-standard","has-post-thumbnail","hentry","category-lajme","category-te-fundit"],"gt_translate_keys":[{"key":"link","format":"url"}],"_links":{"self":[{"href":"https:\/\/www.hashtag.al\/index.php\/wp-json\/wp\/v2\/posts\/599890","targetHints":{"allow":["GET"]}}],"collection":[{"href":"https:\/\/www.hashtag.al\/index.php\/wp-json\/wp\/v2\/posts"}],"about":[{"href":"https:\/\/www.hashtag.al\/index.php\/wp-json\/wp\/v2\/types\/post"}],"author":[{"embeddable":true,"href":"https:\/\/www.hashtag.al\/index.php\/wp-json\/wp\/v2\/users\/51"}],"replies":[{"embeddable":true,"href":"https:\/\/www.hashtag.al\/index.php\/wp-json\/wp\/v2\/comments?post=599890"}],"version-history":[{"count":0,"href":"https:\/\/www.hashtag.al\/index.php\/wp-json\/wp\/v2\/posts\/599890\/revisions"}],"wp:featuredmedia":[{"embeddable":true,"href":"https:\/\/www.hashtag.al\/index.php\/wp-json\/wp\/v2\/media\/599891"}],"wp:attachment":[{"href":"https:\/\/www.hashtag.al\/index.php\/wp-json\/wp\/v2\/media?parent=599890"}],"wp:term":[{"taxonomy":"category","embeddable":true,"href":"https:\/\/www.hashtag.al\/index.php\/wp-json\/wp\/v2\/categories?post=599890"},{"taxonomy":"post_tag","embeddable":true,"href":"https:\/\/www.hashtag.al\/index.php\/wp-json\/wp\/v2\/tags?post=599890"}],"curies":[{"name":"wp","href":"https:\/\/api.w.org\/{rel}","templated":true}]}}