{"id":599798,"date":"2023-06-04T20:23:45","date_gmt":"2023-06-04T18:23:45","guid":{"rendered":"https:\/\/www.hashtag.al\/?p=599798"},"modified":"2023-06-04T20:45:11","modified_gmt":"2023-06-04T18:45:11","slug":"qytetari-bashes-duhet-ta-kishe-kafshuar-ujkun-qe-ne-2013-en-meqe-zgjodhe-ti-versulesh-na-ke-mbrapa","status":"publish","type":"post","link":"https:\/\/www.hashtag.al\/index.php\/2023\/06\/04\/qytetari-bashes-duhet-ta-kishe-kafshuar-ujkun-qe-ne-2013-en-meqe-zgjodhe-ti-versulesh-na-ke-mbrapa\/","title":{"rendered":"Ish-deputeti i drejtohet Bash\u00ebs: Ta kishe kafshuar ujkun q\u00eb n\u00eb 2013-\u00ebn, meq\u00eb zgjodhe t\u2019i v\u00ebrsulesh na ke mbrapa","gt_translate_keys":[{"key":"rendered","format":"text"}]},"content":{"rendered":"<p><img loading=\"lazy\" decoding=\"async\" class=\"aligncenter size-full wp-image-599799\" src=\"https:\/\/www.hashtag.al\/wp-content\/uploads\/2023\/06\/basha-3.jpg\" alt=\"\" width=\"780\" height=\"440\" srcset=\"https:\/\/www.hashtag.al\/wp-content\/uploads\/2023\/06\/basha-3.jpg 780w, https:\/\/www.hashtag.al\/wp-content\/uploads\/2023\/06\/basha-3-300x169.jpg 300w, https:\/\/www.hashtag.al\/wp-content\/uploads\/2023\/06\/basha-3-768x433.jpg 768w\" sizes=\"auto, (max-width: 780px) 100vw, 780px\" \/><\/p>\n<p><span style=\"color: #000000;\">Ish-deputeti i PD-s\u00eb Korab Lita i tha ish-kreut t\u00eb PD-s\u00eb Basha se do e ndjekin nga pas teksa ai ka vendosur t\u2019i \u2018v\u00ebrsulet ujkut\u2019, duke em\u00ebrtuar k\u00ebsisoj kreun e Rithemelimit Berisha. <\/span><\/p>\n<p><span style=\"color: #000000;\">Gjat\u00eb nj\u00eb takimi me nj\u00eb grup t\u00eb rinjsh, qytetari i tha Bash\u00ebs se nuk e kishte mbajtur fjal\u00ebn Berish\u00ebn dhe se duhet ta kishte kafshuar \u2018ujkun\u2019 q\u00eb n\u00eb vitin 2013.<\/span><\/p>\n<p><span style=\"color: #000000;\"><em>\u201cJe 10 vite me vones\u00eb. Ti duhet ta kishe kafshuar ujkun q\u00eb n\u00eb 2013-\u00ebn. Kjo \u00ebsht\u00eb e vetmja fjal\u00eb q\u00eb nuk ke mbajtur. Por meq\u00eb ke zgjedhur t\u2019i v\u00ebrsulesh ujkut, neve na ke mbrapa.\u201d<\/em> &#8211; tha qytetari.<\/span><\/p>\n<p><span style=\"color: #000000;\">Basha nga ana e tij e pranoi gabimin duke theksuar se nuk e kishte menduar se Berisha do e vendoste interesat personale mbi at\u00eb komb\u00ebtare.<\/span><\/p>\n<p><span style=\"color: #000000;\"><em>\u201cN\u00eb 2013 kurr\u00eb nuk ma kishte marr\u00eb mendja q\u00eb njeriu q\u00eb kishim besuar gjith\u00e7ka mund t\u00eb vendoste interesat personale mbi ato komb\u00ebtare. Un\u00eb k\u00ebshtu jam m\u00ebsuar. T\u00eb respektoj, por kurr\u00eb nuk e kisha menduar q\u00eb gjat\u00eb koh\u00ebs q\u00eb e kishim vendosur n\u00eb nj\u00eb vend nderi t\u00eb vendoste interesat personale mbi ato komb\u00ebtare\u201d<\/em> &#8211; tha Basha.<\/span><\/p>\n","protected":false,"gt_translate_keys":[{"key":"rendered","format":"html"}]},"excerpt":{"rendered":"<p>Ish-deputeti i PD-s\u00eb Korab Lita i tha ish-kreut t\u00eb PD-s\u00eb Basha se do e ndjekin nga pas teksa ai ka vendosur t\u2019i \u2018v\u00ebrsulet ujkut\u2019, duke em\u00ebrtuar k\u00ebsisoj kreun e Rithemelimit Berisha. Gjat\u00eb nj\u00eb takimi me nj\u00eb grup t\u00eb rinjsh, qytetari i tha Bash\u00ebs se nuk e kishte mbajtur fjal\u00ebn Berish\u00ebn dhe se duhet ta kishte [&hellip;]<\/p>\n","protected":false,"gt_translate_keys":[{"key":"rendered","format":"html"}]},"author":51,"featured_media":599799,"comment_status":"closed","ping_status":"closed","sticky":false,"template":"","format":"standard","meta":{"footnotes":""},"categories":[65,13],"tags":[],"class_list":["post-599798","post","type-post","status-publish","format-standard","has-post-thumbnail","hentry","category-lajme","category-te-fundit"],"gt_translate_keys":[{"key":"link","format":"url"}],"_links":{"self":[{"href":"https:\/\/www.hashtag.al\/index.php\/wp-json\/wp\/v2\/posts\/599798","targetHints":{"allow":["GET"]}}],"collection":[{"href":"https:\/\/www.hashtag.al\/index.php\/wp-json\/wp\/v2\/posts"}],"about":[{"href":"https:\/\/www.hashtag.al\/index.php\/wp-json\/wp\/v2\/types\/post"}],"author":[{"embeddable":true,"href":"https:\/\/www.hashtag.al\/index.php\/wp-json\/wp\/v2\/users\/51"}],"replies":[{"embeddable":true,"href":"https:\/\/www.hashtag.al\/index.php\/wp-json\/wp\/v2\/comments?post=599798"}],"version-history":[{"count":0,"href":"https:\/\/www.hashtag.al\/index.php\/wp-json\/wp\/v2\/posts\/599798\/revisions"}],"wp:featuredmedia":[{"embeddable":true,"href":"https:\/\/www.hashtag.al\/index.php\/wp-json\/wp\/v2\/media\/599799"}],"wp:attachment":[{"href":"https:\/\/www.hashtag.al\/index.php\/wp-json\/wp\/v2\/media?parent=599798"}],"wp:term":[{"taxonomy":"category","embeddable":true,"href":"https:\/\/www.hashtag.al\/index.php\/wp-json\/wp\/v2\/categories?post=599798"},{"taxonomy":"post_tag","embeddable":true,"href":"https:\/\/www.hashtag.al\/index.php\/wp-json\/wp\/v2\/tags?post=599798"}],"curies":[{"name":"wp","href":"https:\/\/api.w.org\/{rel}","templated":true}]}}