{"id":599792,"date":"2023-06-04T19:57:11","date_gmt":"2023-06-04T17:57:11","guid":{"rendered":"https:\/\/www.hashtag.al\/?p=599792"},"modified":"2023-06-04T20:22:08","modified_gmt":"2023-06-04T18:22:08","slug":"anglo-saksonet-nuk-ekzistonin-universiteti-i-kembrixhit-po-perpiqet-te-cmontoje-bazen-e-miteve-te-nacionalizmit-media","status":"publish","type":"post","link":"https:\/\/www.hashtag.al\/index.php\/2023\/06\/04\/anglo-saksonet-nuk-ekzistonin-universiteti-i-kembrixhit-po-perpiqet-te-cmontoje-bazen-e-miteve-te-nacionalizmit-media\/","title":{"rendered":"Anglo-Sakson\u00ebt nuk ekzistonin &#8211; Universiteti i Kembrixhit","gt_translate_keys":[{"key":"rendered","format":"text"}]},"content":{"rendered":"<p><img loading=\"lazy\" decoding=\"async\" class=\"aligncenter size-full wp-image-599793\" src=\"https:\/\/www.hashtag.al\/wp-content\/uploads\/2023\/06\/anglosakson.jpg\" alt=\"\" width=\"768\" height=\"432\" srcset=\"https:\/\/www.hashtag.al\/wp-content\/uploads\/2023\/06\/anglosakson.jpg 768w, https:\/\/www.hashtag.al\/wp-content\/uploads\/2023\/06\/anglosakson-300x169.jpg 300w\" sizes=\"auto, (max-width: 768px) 100vw, 768px\" \/><\/p>\n<p><span style=\"color: #000000;\">Universiteti i Kembrixhit po u m\u00ebson student\u00ebve se anglo-sakson\u00ebt nuk kan\u00eb ekzistuar kurr\u00eb si nj\u00eb grup i ve\u00e7ant\u00eb etnik, n\u00eb nj\u00eb p\u00ebrpjekje p\u00ebr t\u00eb \u2018\u00e7montuar mitet\u2019 e nacionalizmit anglez, raportoi The Telegraph t\u00eb shtun\u00ebn. Akademik\u00ebt liberal\u00eb e kan\u00eb d\u00ebnuar prej koh\u00ebsh termin p\u00ebr lidhjen e tij me \u2018bardh\u00ebsin\u00eb\u2019.<\/span><\/p>\n<p><span style=\"color: #000000;\">Departamenti i Anglo-Sakson\u00ebve, Norvegjis\u00eb dhe Kelt\u00ebve t\u00eb Kembrixhit (ASNC) do p\u00ebrpiqet \u2018t\u00eb \u00e7montoj\u00eb baz\u00ebn e miteve t\u00eb nacionalizmit, se ka pasur ndonj\u00ebher\u00eb nj\u00eb popull &#8216;britanik&#8217;, &#8216;anglez&#8217;, &#8216;skocez&#8217;, &#8216;wels&#8217; ose &#8216;irlandez&#8217;. me nj\u00eb identitet koherent dhe t\u00eb lasht\u00eb etnik &#8211; duke u treguar student\u00ebve se sa t\u00eb konstruktuar dhe kontigjent jan\u00eb dhe kan\u00eb qen\u00eb gjithmon\u00eb k\u00ebto identitete\u2019, shkruan gazeta britanike, duke cituar informacione nga universiteti.<\/span><\/p>\n<p><span style=\"color: #000000;\">Duke denigruar iden\u00eb e nj\u00eb identiteti t\u00eb ve\u00e7ant\u00eb anglo-sakson, universiteti tha se synon ta b\u00ebj\u00eb m\u00ebsimin e tij m\u00eb \u2018anti-racist\u2019.<\/span><\/p>\n<p><span style=\"color: #000000;\">Polemika mbi termin \u2018Anglo-Sakson\u2019 filloi n\u00eb vitin 2019, kur akademiku kanadez Dr. Mary Rambaran-Olm dha dor\u00ebheqjen nga Shoq\u00ebria Nd\u00ebrkomb\u00ebtare e Anglo-Saksonist\u00ebve p\u00ebr \u2018bardh\u00ebsin\u00eb e qen\u00ebsishme\u2019 t\u00eb fush\u00ebs. Rambaran-Olm, i cili nuk \u00ebsht\u00eb i bardh\u00eb, vazhdoi t\u00eb shkruaj\u00eb se \u2018miti anglo-sakson p\u00ebrjet\u00ebson nj\u00eb ide t\u00eb rreme se \u00e7far\u00eb do t\u00eb thot\u00eb t\u00eb jesh &#8216;vendas&#8217; n\u00eb Britani&#8221; dhe se termi \u00ebsht\u00eb \u2018historikisht i pasakt\u00eb\u2019.<\/span><\/p>\n<p><span style=\"color: #000000;\">Shoq\u00ebria ndryshoi emrin e saj n\u00eb Shoq\u00ebria Nd\u00ebrkomb\u00ebtare p\u00ebr Studimin e Anglis\u00eb s\u00eb Mesjet\u00ebs s\u00eb Hershme, por disa akademik\u00eb ishin t\u00eb zem\u00ebruar, duke e p\u00ebrshkruar polemik\u00ebn si nj\u00eb p\u00ebrpjekje p\u00ebr t\u00eb imponuar politikat e identitetit racor amerikan n\u00eb nj\u00eb fush\u00eb studimi britanike.<\/span><\/p>\n<p><span style=\"color: #000000;\"><em>\u201cKushtet n\u00eb t\u00eb cilat ndeshet termi dhe si perceptohet, jan\u00eb shum\u00eb t\u00eb ndryshme n\u00eb SHBA nga vendet e tjera\u201d<\/em>, shkruan 70 historian\u00eb n\u00eb nj\u00eb let\u00ebr t\u00eb hapur n\u00eb vitin 2020.<\/span><\/p>\n<p><span style=\"color: #000000;\"><em>&#8220;\u00cbsht\u00eb nj\u00eb vazhdim\u00ebsi e asaj q\u00eb po ndodh prej disa vitesh, ku krenaria p\u00ebr identitetin komb\u00ebtar po sulmohet,&#8221;<\/em> tha komentatori politik Anthony Webber.<\/span><\/p>\n<p><span style=\"color: #000000;\">Duke v\u00ebn\u00eb n\u00eb dukje se anglez\u00ebt e sot\u00ebm i detyrohen nj\u00eb t\u00eb tret\u00ebn e prejardhjes s\u00eb tyre anglo-sakson\u00ebve, ai shtoi: <em>\u201cUn\u00eb nuk mendoj se i sh\u00ebrben kauz\u00ebs s\u00eb antiracizmit q\u00eb befas t\u00eb b\u00ebj\u00eb pjes\u00eb t\u00eb popullsis\u00eb t\u00eb ndjejn\u00eb se nuk duhet t\u00eb t\u00eb jen\u00eb krenar\u00eb p\u00ebr prejardhjen e tyre.\u201d<\/em><\/span><\/p>\n<p><span style=\"color: #000000;\">Historikisht, periudha anglo-saksone tregon koh\u00ebn midis viteve 450 dhe 1066 pas Krishtit. Gjat\u00eb k\u00ebsaj periudhe, popujt gjermanik\u00eb &#8211; anglez\u00ebt, sakson\u00ebt dhe jut\u00ebt &#8211; arrit\u00ebn n\u00eb Britani dhe krijuan mbret\u00ebri q\u00eb u konsoliduan n\u00eb Mbret\u00ebrin\u00eb e Anglis\u00eb nga Athelstani i Wessex n\u00eb 927. Kjo periudh\u00eb pa zhvillimin e p\u00ebrs\u00ebritjes s\u00eb par\u00eb t\u00eb gjuh\u00ebs angleze dhe krijimi i poemave epike si \u2018Beowulf\u2019 dhe \u2018Waldere\u2019.<\/span><\/p>\n<p><span style=\"color: #000000;\">Kaq ndikues ishin anglo-sakson\u00ebt n\u00eb kultur\u00ebn moderne britanike dhe amerikane sa francez\u00ebt dhe rus\u00ebt e p\u00ebrdorin termin si stenografi p\u00ebr elitat anglishtfol\u00ebse n\u00eb t\u00eb dy an\u00ebt e Atlantikut.<\/span><\/p>\n","protected":false,"gt_translate_keys":[{"key":"rendered","format":"html"}]},"excerpt":{"rendered":"<p>Universiteti i Kembrixhit po u m\u00ebson student\u00ebve se anglo-sakson\u00ebt nuk kan\u00eb ekzistuar kurr\u00eb si nj\u00eb grup i ve\u00e7ant\u00eb etnik, n\u00eb nj\u00eb p\u00ebrpjekje p\u00ebr t\u00eb \u2018\u00e7montuar mitet\u2019 e nacionalizmit anglez, raportoi The Telegraph t\u00eb shtun\u00ebn. Akademik\u00ebt liberal\u00eb e kan\u00eb d\u00ebnuar prej koh\u00ebsh termin p\u00ebr lidhjen e tij me \u2018bardh\u00ebsin\u00eb\u2019. Departamenti i Anglo-Sakson\u00ebve, Norvegjis\u00eb dhe Kelt\u00ebve t\u00eb [&hellip;]<\/p>\n","protected":false,"gt_translate_keys":[{"key":"rendered","format":"html"}]},"author":51,"featured_media":599793,"comment_status":"closed","ping_status":"closed","sticky":false,"template":"","format":"standard","meta":{"footnotes":""},"categories":[53],"tags":[],"class_list":["post-599792","post","type-post","status-publish","format-standard","has-post-thumbnail","hentry","category-fast-foodi"],"gt_translate_keys":[{"key":"link","format":"url"}],"_links":{"self":[{"href":"https:\/\/www.hashtag.al\/index.php\/wp-json\/wp\/v2\/posts\/599792","targetHints":{"allow":["GET"]}}],"collection":[{"href":"https:\/\/www.hashtag.al\/index.php\/wp-json\/wp\/v2\/posts"}],"about":[{"href":"https:\/\/www.hashtag.al\/index.php\/wp-json\/wp\/v2\/types\/post"}],"author":[{"embeddable":true,"href":"https:\/\/www.hashtag.al\/index.php\/wp-json\/wp\/v2\/users\/51"}],"replies":[{"embeddable":true,"href":"https:\/\/www.hashtag.al\/index.php\/wp-json\/wp\/v2\/comments?post=599792"}],"version-history":[{"count":0,"href":"https:\/\/www.hashtag.al\/index.php\/wp-json\/wp\/v2\/posts\/599792\/revisions"}],"wp:featuredmedia":[{"embeddable":true,"href":"https:\/\/www.hashtag.al\/index.php\/wp-json\/wp\/v2\/media\/599793"}],"wp:attachment":[{"href":"https:\/\/www.hashtag.al\/index.php\/wp-json\/wp\/v2\/media?parent=599792"}],"wp:term":[{"taxonomy":"category","embeddable":true,"href":"https:\/\/www.hashtag.al\/index.php\/wp-json\/wp\/v2\/categories?post=599792"},{"taxonomy":"post_tag","embeddable":true,"href":"https:\/\/www.hashtag.al\/index.php\/wp-json\/wp\/v2\/tags?post=599792"}],"curies":[{"name":"wp","href":"https:\/\/api.w.org\/{rel}","templated":true}]}}