{"id":599742,"date":"2023-06-04T16:50:50","date_gmt":"2023-06-04T14:50:50","guid":{"rendered":"https:\/\/www.hashtag.al\/?p=599742"},"modified":"2023-06-04T16:52:28","modified_gmt":"2023-06-04T14:52:28","slug":"benzema-largohet-nga-real-madridi-pas-14-vitesh-i-bashkohet-cr7-es-ne-arabine-saudite","status":"publish","type":"post","link":"https:\/\/www.hashtag.al\/index.php\/2023\/06\/04\/benzema-largohet-nga-real-madridi-pas-14-vitesh-i-bashkohet-cr7-es-ne-arabine-saudite\/","title":{"rendered":"Benzema largohet nga Reali i Madridit pas 14 vitesh, i bashkohet CR7-\u00ebs n\u00eb Arabin\u00eb Saudite","gt_translate_keys":[{"key":"rendered","format":"text"}]},"content":{"rendered":"<p><img loading=\"lazy\" decoding=\"async\" class=\"aligncenter size-full wp-image-599743\" src=\"https:\/\/www.hashtag.al\/wp-content\/uploads\/2023\/06\/benzema.jpg\" alt=\"\" width=\"2511\" height=\"1674\" srcset=\"https:\/\/www.hashtag.al\/wp-content\/uploads\/2023\/06\/benzema.jpg 2511w, https:\/\/www.hashtag.al\/wp-content\/uploads\/2023\/06\/benzema-300x200.jpg 300w, https:\/\/www.hashtag.al\/wp-content\/uploads\/2023\/06\/benzema-1024x683.jpg 1024w, https:\/\/www.hashtag.al\/wp-content\/uploads\/2023\/06\/benzema-768x512.jpg 768w, https:\/\/www.hashtag.al\/wp-content\/uploads\/2023\/06\/benzema-1536x1024.jpg 1536w, https:\/\/www.hashtag.al\/wp-content\/uploads\/2023\/06\/benzema-2048x1365.jpg 2048w\" sizes=\"auto, (max-width: 2511px) 100vw, 2511px\" \/><\/p>\n<p><span style=\"color: #000000;\">Fituesi i Topit t\u00eb Art\u00eb, Karim Benzema do largohet nga Real Madridi si lojtar i lir\u00eb pas 14 viteve t\u00eb mbushura me trofe, tha klubi i La Liga t\u00eb diel\u00ebn, me sulmuesin q\u00eb do transferohet n\u00eb Arabin\u00eb Saudite ku do luaj\u00eb me Al Ittihad.<\/span><\/p>\n<p><span style=\"color: #000000;\">Stacioni televiziv shtet\u00ebror i Arabis\u00eb Saudite Al Ekhbariya raportoi se Al Ittihad kishte arritur nj\u00eb marr\u00ebveshje me Benzema p\u00ebr nj\u00eb kontrat\u00eb dyvje\u00e7are, nd\u00ebrsa klubi madrilen\u00eb do p\u00ebrfitoj\u00eb nj\u00eb shum\u00eb \u2018rekord\u2019 p\u00ebr sulmuesin.<\/span><\/p>\n<p><span style=\"color: #000000;\">Francezi 35-vje\u00e7ar dukej se do q\u00ebndronte n\u00eb klubin spanjoll edhe p\u00ebr nj\u00eb vit pas nj\u00eb sezoni 2022-23, n\u00eb t\u00eb cilin ai u p\u00ebrball me l\u00ebndime\u00a0 t\u00eb shumta dhe humbi pjes\u00ebmarrjen me Franc\u00ebn n\u00eb Kup\u00ebn e Bot\u00ebs n\u00eb Katar p\u00ebr shkak t\u00eb nj\u00eb d\u00ebmtimi tjet\u00ebr.<\/span><\/p>\n<p><span style=\"color: #000000;\">Megjithat\u00eb, nj\u00eb ofert\u00eb e vler\u00ebsuar nga mediat me vler\u00eb m\u00eb shum\u00eb se 100 milion\u00eb euro nga Arabia Saudite thuhet se e b\u00ebri at\u00eb t\u00eb rishqyrtoj\u00eb t\u00eb ardhmen e tij.<\/span><\/p>\n<p><span style=\"color: #000000;\">Francezi vendosi t\u00eb anuloj\u00eb klauzol\u00ebn e zgjatjes nj\u00ebvje\u00e7are q\u00eb kishte n\u00eb kontrat\u00ebn e tij, me Realin q\u00eb tha se ai kishte ;fituar t\u00eb drejt\u00ebn p\u00ebr t\u00eb vendosur t\u00eb ardhmen e tij;.<\/span><\/p>\n<p><span style=\"color: #000000;\"><em>\u201cReal Madridi dhe kapiteni yn\u00eb Karim Benzema kan\u00eb r\u00ebn\u00eb dakord q\u00eb t\u00eb mbyllin periudh\u00ebn e tij t\u00eb shk\u00eblqyer dhe t\u00eb paharrueshme si lojtar n\u00eb klubin ton\u00eb\u201d<\/em>, thuhet n\u00eb nj\u00eb deklarat\u00eb t\u00eb klubit.<\/span><\/p>\n<p><span style=\"color: #000000;\">Benzema mund t\u00eb ndjek\u00eb ish-shokun e tij t\u00eb skuadr\u00ebs te Real Madrid, Cristiano Ronaldo n\u00eb vendin e Gjirit pasi sulmuesi portugez n\u00ebnshkroi nj\u00eb kontrat\u00eb 2 vjet e gjysm\u00eb q\u00eb vler\u00ebsohet t\u00eb jet\u00eb m\u00eb shum\u00eb se 200 milion\u00eb euro me Al Nassr n\u00eb dhjetor.<\/span><\/p>\n","protected":false,"gt_translate_keys":[{"key":"rendered","format":"html"}]},"excerpt":{"rendered":"<p>Fituesi i Topit t\u00eb Art\u00eb, Karim Benzema do largohet nga Real Madridi si lojtar i lir\u00eb pas 14 viteve t\u00eb mbushura me trofe, tha klubi i La Liga t\u00eb diel\u00ebn, me sulmuesin q\u00eb do transferohet n\u00eb Arabin\u00eb Saudite ku do luaj\u00eb me Al Ittihad. Stacioni televiziv shtet\u00ebror i Arabis\u00eb Saudite Al Ekhbariya raportoi se Al [&hellip;]<\/p>\n","protected":false,"gt_translate_keys":[{"key":"rendered","format":"html"}]},"author":51,"featured_media":599743,"comment_status":"closed","ping_status":"closed","sticky":false,"template":"","format":"standard","meta":{"footnotes":""},"categories":[134],"tags":[],"class_list":["post-599742","post","type-post","status-publish","format-standard","has-post-thumbnail","hentry","category-sport"],"gt_translate_keys":[{"key":"link","format":"url"}],"_links":{"self":[{"href":"https:\/\/www.hashtag.al\/index.php\/wp-json\/wp\/v2\/posts\/599742","targetHints":{"allow":["GET"]}}],"collection":[{"href":"https:\/\/www.hashtag.al\/index.php\/wp-json\/wp\/v2\/posts"}],"about":[{"href":"https:\/\/www.hashtag.al\/index.php\/wp-json\/wp\/v2\/types\/post"}],"author":[{"embeddable":true,"href":"https:\/\/www.hashtag.al\/index.php\/wp-json\/wp\/v2\/users\/51"}],"replies":[{"embeddable":true,"href":"https:\/\/www.hashtag.al\/index.php\/wp-json\/wp\/v2\/comments?post=599742"}],"version-history":[{"count":0,"href":"https:\/\/www.hashtag.al\/index.php\/wp-json\/wp\/v2\/posts\/599742\/revisions"}],"wp:featuredmedia":[{"embeddable":true,"href":"https:\/\/www.hashtag.al\/index.php\/wp-json\/wp\/v2\/media\/599743"}],"wp:attachment":[{"href":"https:\/\/www.hashtag.al\/index.php\/wp-json\/wp\/v2\/media?parent=599742"}],"wp:term":[{"taxonomy":"category","embeddable":true,"href":"https:\/\/www.hashtag.al\/index.php\/wp-json\/wp\/v2\/categories?post=599742"},{"taxonomy":"post_tag","embeddable":true,"href":"https:\/\/www.hashtag.al\/index.php\/wp-json\/wp\/v2\/tags?post=599742"}],"curies":[{"name":"wp","href":"https:\/\/api.w.org\/{rel}","templated":true}]}}