{"id":599693,"date":"2023-06-04T11:44:28","date_gmt":"2023-06-04T09:44:28","guid":{"rendered":"https:\/\/www.hashtag.al\/?p=599693"},"modified":"2023-06-04T11:44:28","modified_gmt":"2023-06-04T09:44:28","slug":"kurti-per-bbc-shqyrtojme-largimin-e-policise-nga-komunat-nese-bandat-kriminale-kthehen-ne-serbi","status":"publish","type":"post","link":"https:\/\/www.hashtag.al\/index.php\/2023\/06\/04\/kurti-per-bbc-shqyrtojme-largimin-e-policise-nga-komunat-nese-bandat-kriminale-kthehen-ne-serbi\/","title":{"rendered":"Kurti p\u00ebr BBC: Shqyrtojm\u00eb largimin e Policis\u00eb nga komunat, n\u00ebse bandat kriminale kthehen n\u00eb Serbi","gt_translate_keys":[{"key":"rendered","format":"text"}]},"content":{"rendered":"<p><a href=\"https:\/\/www.hashtag.al\/wp-content\/uploads\/2023\/06\/Screenshot-2023-06-04-113140.png\"><img loading=\"lazy\" decoding=\"async\" class=\"aligncenter size-full wp-image-599694\" src=\"https:\/\/www.hashtag.al\/wp-content\/uploads\/2023\/06\/Screenshot-2023-06-04-113140.png\" alt=\"\" width=\"922\" height=\"505\" srcset=\"https:\/\/www.hashtag.al\/wp-content\/uploads\/2023\/06\/Screenshot-2023-06-04-113140.png 922w, https:\/\/www.hashtag.al\/wp-content\/uploads\/2023\/06\/Screenshot-2023-06-04-113140-300x164.png 300w, https:\/\/www.hashtag.al\/wp-content\/uploads\/2023\/06\/Screenshot-2023-06-04-113140-768x421.png 768w\" sizes=\"auto, (max-width: 922px) 100vw, 922px\" \/><\/a><\/p>\n<p>&nbsp;<\/p>\n<p><span style=\"color: #000000;\">Kryeministri i Kosov\u00ebs, Albin Kurti, ka folur p\u00ebr \u201cBBC\u201d p\u00ebr situat\u00ebn n\u00eb veri t\u00eb Kosov\u00ebs.<\/span><\/p>\n<p><span style=\"color: #000000;\">Kurti ka th\u00ebn\u00eb se Nj\u00ebsitet Speciale t\u00eb Policis\u00eb s\u00eb Kosov\u00ebs do t\u00eb largohen nga nd\u00ebrtesat e komunave n\u00eb veri, n\u00ebse bandat kriminale n\u00eb veri largohen p\u00ebr n\u00eb Serbi apo futen n\u00eb burg n\u00eb Kosov\u00eb.<\/span><\/p>\n<p><span style=\"color: #000000;\">\u201c<em>N\u00ebse k\u00ebto nd\u00ebrtesa nuk jan\u00eb p\u00ebr kryetar\u00ebt tan\u00eb at\u00ebher\u00eb kujt duhet t\u2019i sh\u00ebrbejn\u00eb ato. Kryetar\u00ebt jan\u00eb n\u00eb zyrat e tyre dhe k\u00ebshtu duhet t\u00eb jet\u00eb e q\u00ebndroj\u00eb. Ne mund t\u00eb rishikojm\u00eb largimin e Policis\u00eb nga k\u00ebto nd\u00ebrtesa, por s\u00eb pari bandat e dhunshme kriminale, t\u00eb cilat kan\u00eb sulmuar e plagosur gazetar\u00ebt, polic\u00ebt tan\u00eb dhe ushtar\u00ebt e NATO-s, duhet t\u00eb kthehen n\u00eb Serbi apo t\u00eb futen n\u00eb burg\u201d,<\/em> tha Kurti.<\/span><\/p>\n<p><span style=\"color: #000000;\">Kurti ka th\u00ebn\u00eb se nuk e ka n\u00eb plan t\u00eb dor\u00ebzoj\u00eb \u201c<em>Republik\u00ebn demokratike ta milicia fashiste\u201d.<\/em><\/span><\/p>\n<p><span style=\"color: #000000;\"><em>\u201cNe nuk mund t\u00eb dor\u00ebzojm\u00eb Republik\u00ebn demokratike te kjo milicia fashiste, q\u00eb paguhet nga nj\u00eb autokrat n\u00eb Beograd, q\u00eb ishte edhe minist\u00ebr i propagand\u00ebs s\u00eb Millosheviqit. Ata nuk distancohen nga e kaluara nga Milloshevi\u00e7i, nuk distancohen nga e tashmja nga despoti Vladimir Putin. Serbia \u00ebsht\u00eb vendi i vet\u00ebm n\u00eb Evrop\u00eb q\u00eb s\u2019i ka v\u00ebn\u00eb sanksione Rusis\u00eb\u201d,<\/em> tha Kurti.<\/span><\/p>\n<p><span style=\"color: #000000;\">Lidhur me situat\u00ebn n\u00eb veri, dhe deklaratat e ashpra nga SHBA-t\u00eb dhe BE-ja, Kurti theksoi se Shtetet e Bashkuara dhe Bashkimi Evropian jan\u00eb aleat\u00eb t\u00eb pakontestuesh\u00ebm t\u00eb Kosov\u00ebs.<\/span><\/p>\n<p><span style=\"color: #000000;\">\u201c<em>Ne i konsiderojm\u00eb SHBA-t\u00eb, BE-n\u00eb, Britanin\u00eb e Madhe, aleat\u00eb dhe miq t\u00eb pakontestuesh\u00ebm, dhe u jemi shum\u00eb mir\u00ebnjoh\u00ebs p\u00ebr lirin\u00eb dhe pavar\u00ebsin\u00eb ton\u00eb dhe p\u00ebr zhvillimin e demokracis\u00eb. Gjithsesi ne nuk mund tua dor\u00ebzojm\u00eb Republik\u00ebn ton\u00eb, milicis\u00eb fashiste e cila paguhet nga autokrat\u00ebt n\u00eb Beograd, i cili dikur ka qen\u00eb minist\u00ebr i propagand\u00ebs s\u00eb Milloshevi\u00e7it\u201d,<\/em> tha Kurti.\/ <span style=\"color: #0000ff;\"><a style=\"color: #0000ff;\" href=\"https:\/\/www.koha.net\/arberi\/380261\/kurti-per-bbc-shqyrtojme-largimin-e-policise-nga-komunat-nese-bandat-kriminale-kthehen-ne-serbi\/\">KOHA.<\/a><\/span><\/span><\/p>\n","protected":false,"gt_translate_keys":[{"key":"rendered","format":"html"}]},"excerpt":{"rendered":"<p>&nbsp; Kryeministri i Kosov\u00ebs, Albin Kurti, ka folur p\u00ebr \u201cBBC\u201d p\u00ebr situat\u00ebn n\u00eb veri t\u00eb Kosov\u00ebs. Kurti ka th\u00ebn\u00eb se Nj\u00ebsitet Speciale t\u00eb Policis\u00eb s\u00eb Kosov\u00ebs do t\u00eb largohen nga nd\u00ebrtesat e komunave n\u00eb veri, n\u00ebse bandat kriminale n\u00eb veri largohen p\u00ebr n\u00eb Serbi apo futen n\u00eb burg n\u00eb Kosov\u00eb. \u201cN\u00ebse k\u00ebto nd\u00ebrtesa nuk jan\u00eb [&hellip;]<\/p>\n","protected":false,"gt_translate_keys":[{"key":"rendered","format":"html"}]},"author":30,"featured_media":599694,"comment_status":"closed","ping_status":"closed","sticky":false,"template":"","format":"standard","meta":{"footnotes":""},"categories":[149],"tags":[],"class_list":["post-599693","post","type-post","status-publish","format-standard","has-post-thumbnail","hentry","category-kosoverajon"],"gt_translate_keys":[{"key":"link","format":"url"}],"_links":{"self":[{"href":"https:\/\/www.hashtag.al\/index.php\/wp-json\/wp\/v2\/posts\/599693","targetHints":{"allow":["GET"]}}],"collection":[{"href":"https:\/\/www.hashtag.al\/index.php\/wp-json\/wp\/v2\/posts"}],"about":[{"href":"https:\/\/www.hashtag.al\/index.php\/wp-json\/wp\/v2\/types\/post"}],"author":[{"embeddable":true,"href":"https:\/\/www.hashtag.al\/index.php\/wp-json\/wp\/v2\/users\/30"}],"replies":[{"embeddable":true,"href":"https:\/\/www.hashtag.al\/index.php\/wp-json\/wp\/v2\/comments?post=599693"}],"version-history":[{"count":0,"href":"https:\/\/www.hashtag.al\/index.php\/wp-json\/wp\/v2\/posts\/599693\/revisions"}],"wp:featuredmedia":[{"embeddable":true,"href":"https:\/\/www.hashtag.al\/index.php\/wp-json\/wp\/v2\/media\/599694"}],"wp:attachment":[{"href":"https:\/\/www.hashtag.al\/index.php\/wp-json\/wp\/v2\/media?parent=599693"}],"wp:term":[{"taxonomy":"category","embeddable":true,"href":"https:\/\/www.hashtag.al\/index.php\/wp-json\/wp\/v2\/categories?post=599693"},{"taxonomy":"post_tag","embeddable":true,"href":"https:\/\/www.hashtag.al\/index.php\/wp-json\/wp\/v2\/tags?post=599693"}],"curies":[{"name":"wp","href":"https:\/\/api.w.org\/{rel}","templated":true}]}}