{"id":599225,"date":"2023-06-01T10:28:59","date_gmt":"2023-06-01T08:28:59","guid":{"rendered":"https:\/\/www.hashtag.al\/?p=599225"},"modified":"2023-06-01T10:37:13","modified_gmt":"2023-06-01T08:37:13","slug":"shtyhet-seanca-per-inceneratorin-e-elbasanit","status":"publish","type":"post","link":"https:\/\/www.hashtag.al\/index.php\/2023\/06\/01\/shtyhet-seanca-per-inceneratorin-e-elbasanit\/","title":{"rendered":"Shtyhet seanca p\u00ebr inceneratorin e Elbasanit","gt_translate_keys":[{"key":"rendered","format":"text"}]},"content":{"rendered":"<p><img loading=\"lazy\" decoding=\"async\" class=\"aligncenter size-full wp-image-591459\" src=\"https:\/\/www.hashtag.al\/wp-content\/uploads\/2023\/04\/inceneratorielbasa.jpg\" alt=\"\" width=\"1068\" height=\"712\" srcset=\"https:\/\/www.hashtag.al\/wp-content\/uploads\/2023\/04\/inceneratorielbasa.jpg 1068w, https:\/\/www.hashtag.al\/wp-content\/uploads\/2023\/04\/inceneratorielbasa-300x200.jpg 300w, https:\/\/www.hashtag.al\/wp-content\/uploads\/2023\/04\/inceneratorielbasa-1024x683.jpg 1024w, https:\/\/www.hashtag.al\/wp-content\/uploads\/2023\/04\/inceneratorielbasa-768x512.jpg 768w\" sizes=\"auto, (max-width: 1068px) 100vw, 1068px\" \/><\/p>\n<p><span style=\"color: #000000;\">\u00cbsht\u00eb shtyr\u00eb s\u00ebrish seanca n\u00eb gjykat\u00eb p\u00ebr inceneratorin e Elbasanit.<\/span><\/p>\n<p><span style=\"color: #000000;\"> Shkak p\u00ebr shtyrjen e seanc\u00ebs \u00ebsht\u00eb b\u00ebr\u00eb mungesa e avokat\u00ebve t\u00eb t\u00eb pandehurve. <\/span><\/p>\n<p><span style=\"color: #000000;\">Seanca e radh\u00ebs \u00ebsht\u00eb caktuar p\u00ebr n\u00eb dat\u00ebn 8 qershor.<\/span><\/p>\n","protected":false,"gt_translate_keys":[{"key":"rendered","format":"html"}]},"excerpt":{"rendered":"<p>\u00cbsht\u00eb shtyr\u00eb s\u00ebrish seanca n\u00eb gjykat\u00eb p\u00ebr inceneratorin e Elbasanit. Shkak p\u00ebr shtyrjen e seanc\u00ebs \u00ebsht\u00eb b\u00ebr\u00eb mungesa e avokat\u00ebve t\u00eb t\u00eb pandehurve. Seanca e radh\u00ebs \u00ebsht\u00eb caktuar p\u00ebr n\u00eb dat\u00ebn 8 qershor.<\/p>\n","protected":false,"gt_translate_keys":[{"key":"rendered","format":"html"}]},"author":51,"featured_media":591459,"comment_status":"closed","ping_status":"closed","sticky":false,"template":"","format":"standard","meta":{"footnotes":""},"categories":[65,13],"tags":[],"class_list":["post-599225","post","type-post","status-publish","format-standard","has-post-thumbnail","hentry","category-lajme","category-te-fundit"],"gt_translate_keys":[{"key":"link","format":"url"}],"_links":{"self":[{"href":"https:\/\/www.hashtag.al\/index.php\/wp-json\/wp\/v2\/posts\/599225","targetHints":{"allow":["GET"]}}],"collection":[{"href":"https:\/\/www.hashtag.al\/index.php\/wp-json\/wp\/v2\/posts"}],"about":[{"href":"https:\/\/www.hashtag.al\/index.php\/wp-json\/wp\/v2\/types\/post"}],"author":[{"embeddable":true,"href":"https:\/\/www.hashtag.al\/index.php\/wp-json\/wp\/v2\/users\/51"}],"replies":[{"embeddable":true,"href":"https:\/\/www.hashtag.al\/index.php\/wp-json\/wp\/v2\/comments?post=599225"}],"version-history":[{"count":0,"href":"https:\/\/www.hashtag.al\/index.php\/wp-json\/wp\/v2\/posts\/599225\/revisions"}],"wp:featuredmedia":[{"embeddable":true,"href":"https:\/\/www.hashtag.al\/index.php\/wp-json\/wp\/v2\/media\/591459"}],"wp:attachment":[{"href":"https:\/\/www.hashtag.al\/index.php\/wp-json\/wp\/v2\/media?parent=599225"}],"wp:term":[{"taxonomy":"category","embeddable":true,"href":"https:\/\/www.hashtag.al\/index.php\/wp-json\/wp\/v2\/categories?post=599225"},{"taxonomy":"post_tag","embeddable":true,"href":"https:\/\/www.hashtag.al\/index.php\/wp-json\/wp\/v2\/tags?post=599225"}],"curies":[{"name":"wp","href":"https:\/\/api.w.org\/{rel}","templated":true}]}}