{"id":599184,"date":"2023-05-31T23:30:47","date_gmt":"2023-05-31T21:30:47","guid":{"rendered":"https:\/\/www.hashtag.al\/?p=599184"},"modified":"2023-05-31T23:30:47","modified_gmt":"2023-05-31T21:30:47","slug":"piktura-e-rralle-e-grabitur-nga-nazistet-gjate-luftes-se-dyte-boterore-kthehet-ne-poloni","status":"publish","type":"post","link":"https:\/\/www.hashtag.al\/index.php\/2023\/05\/31\/piktura-e-rralle-e-grabitur-nga-nazistet-gjate-luftes-se-dyte-boterore-kthehet-ne-poloni\/","title":{"rendered":"Piktura e rrall\u00eb e grabitur nga nazist\u00ebt gjat\u00eb Luft\u00ebs s\u00eb Dyt\u00eb Bot\u00ebrore kthehet n\u00eb Poloni","gt_translate_keys":[{"key":"rendered","format":"text"}]},"content":{"rendered":"<p><img loading=\"lazy\" decoding=\"async\" class=\"aligncenter size-full wp-image-599185\" src=\"https:\/\/www.hashtag.al\/wp-content\/uploads\/2023\/05\/ezgif.com-webp-to-jpg-57.jpg\" alt=\"\" width=\"1000\" height=\"652\" srcset=\"https:\/\/www.hashtag.al\/wp-content\/uploads\/2023\/05\/ezgif.com-webp-to-jpg-57.jpg 1000w, https:\/\/www.hashtag.al\/wp-content\/uploads\/2023\/05\/ezgif.com-webp-to-jpg-57-300x196.jpg 300w, https:\/\/www.hashtag.al\/wp-content\/uploads\/2023\/05\/ezgif.com-webp-to-jpg-57-768x501.jpg 768w\" sizes=\"auto, (max-width: 1000px) 100vw, 1000px\" \/><\/p>\n<p><span style=\"color: #000000;\">Nj\u00eb piktur\u00eb italiane e pa\u00e7muar e shekullit t\u00eb 16-t\u00eb, e cila u grabit nga Gjermania naziste gjat\u00eb Luft\u00ebs s\u00eb Dyt\u00eb Bot\u00ebrore dhe u zbulua n\u00eb Japoni, \u00ebsht\u00eb kthyer n\u00eb Poloni, than\u00eb autoritetet n\u00eb Varshav\u00eb t\u00eb m\u00ebrkur\u00ebn.<\/span><\/p>\n<p><span style=\"color: #000000;\"><em>&#8220;Madonna me f\u00ebmij\u00ebn&#8221;<\/em> q\u00eb i atribuohet piktorit Alessandro Turchi, \u00ebsht\u00eb e fundit nga rreth 600 pjes\u00ebt artistike t\u00eb grabitura q\u00eb Polonia i ka riatdhesuar me sukses. M\u00eb shum\u00eb se 66,000 t\u00eb ashtuquajturat humbje lufte mbeten t\u00eb pallogaritura. Piktura u dor\u00ebzua gjat\u00eb nj\u00eb ceremonie n\u00eb Ambasad\u00ebn e Polonis\u00eb n\u00eb Tokio t\u00eb m\u00ebrkur\u00ebn.<\/span><\/p>\n<p><span style=\"color: #000000;\">Ministri i Kultur\u00ebs Piotr Glinski u tha gazetar\u00ebve n\u00eb Varshav\u00eb se piktura barok ishte n\u00eb list\u00ebn e 521 veprave m\u00eb t\u00eb vlefshme t\u00eb artit t\u00eb nazist\u00ebve n\u00eb mesin e dhjet\u00ebra mij\u00ebra veprave t\u00eb artit q\u00eb ata pla\u00e7kit\u00ebn kur pushtuan Polonin\u00eb midis viteve 1939-45.<\/span><\/p>\n<p><span style=\"color: #000000;\">Ai tha se nuk ishte \u2018e leht\u00eb\u2019 t\u00eb shpjegohej historia pas veprave t\u00eb grabitura, si dhe nevoja p\u00ebr kthimin e tyre. Por ai tha se \u2018Madonna me f\u00ebmij\u00ebn\u2019 u kthye pas negociatave me pal\u00ebn japoneze dhe \u2018Mainichi Auction Inc. si dhe personi q\u00eb posedonte piktur\u00ebn kan\u00eb vendosur ta kthejn\u00eb at\u00eb n\u00eb Poloni, pa asnj\u00eb kosto\u2019.<\/span><\/p>\n<p><span style=\"color: #000000;\">Agata Modzelewska, kryetarja e departamentit t\u00eb Ministris\u00eb p\u00ebr Kthimin e Artikujve t\u00eb Kultur\u00ebs, tha se pala polake thekson gjithmon\u00eb n\u00eb negociata se kthimi i artit t\u00eb grabitur \u00ebsht\u00eb \u2018gjesti m\u00eb i mir\u00eb moral dhe etik\u2019.<\/span><\/p>\n<p><span style=\"color: #000000;\">Piktura u identifikua nga ekspert\u00ebt e ministris\u00eb n\u00eb nj\u00eb ankand n\u00eb Tokio n\u00eb vitin 2022. Ajo vjen nga nj\u00eb koleksion i aristokratit polak t\u00eb shekullit t\u00eb 18-t\u00eb Stanisla\u00eb Kostka-Potocki. N\u00eb 1823, piktura u rendit n\u00eb mesin e veprave t\u00eb artit q\u00eb i p\u00ebrkisnin nj\u00eb aristokrati tjet\u00ebr polak, Henryk Lubomirski, n\u00eb qytetin e Przeworsk. Ajo u grabit gjat\u00eb luft\u00ebs dhe u shit n\u00eb nj\u00eb ankand n\u00eb Nju Jork n\u00eb fund t\u00eb viteve 1990.<\/span><\/p>\n<p><span style=\"color: #000000;\"><em>\u201cGjithnj\u00eb e m\u00eb shum\u00eb nga objektet e grabitura po shfaqen n\u00eb ankande sepse kujtesa (e s\u00eb kaluar\u00ebs s\u00eb tyre) \u00ebsht\u00eb dob\u00ebsuar dhe personat q\u00eb jan\u00eb n\u00eb zot\u00ebrim t\u00eb tyre tani nuk kan\u00eb njohuri t\u00eb plot\u00eb ose nuk jan\u00eb t\u00eb vet\u00ebdijsh\u00ebm se nga vjen vepra arti.\u201d &#8211;<\/em> tha Modzelewska p\u00ebr Associated Press.<\/span><\/p>\n","protected":false,"gt_translate_keys":[{"key":"rendered","format":"html"}]},"excerpt":{"rendered":"<p>Nj\u00eb piktur\u00eb italiane e pa\u00e7muar e shekullit t\u00eb 16-t\u00eb, e cila u grabit nga Gjermania naziste gjat\u00eb Luft\u00ebs s\u00eb Dyt\u00eb Bot\u00ebrore dhe u zbulua n\u00eb Japoni, \u00ebsht\u00eb kthyer n\u00eb Poloni, than\u00eb autoritetet n\u00eb Varshav\u00eb t\u00eb m\u00ebrkur\u00ebn. &#8220;Madonna me f\u00ebmij\u00ebn&#8221; q\u00eb i atribuohet piktorit Alessandro Turchi, \u00ebsht\u00eb e fundit nga rreth 600 pjes\u00ebt artistike t\u00eb grabitura [&hellip;]<\/p>\n","protected":false,"gt_translate_keys":[{"key":"rendered","format":"html"}]},"author":51,"featured_media":599185,"comment_status":"closed","ping_status":"closed","sticky":false,"template":"","format":"standard","meta":{"footnotes":""},"categories":[53],"tags":[],"class_list":["post-599184","post","type-post","status-publish","format-standard","has-post-thumbnail","hentry","category-fast-foodi"],"gt_translate_keys":[{"key":"link","format":"url"}],"_links":{"self":[{"href":"https:\/\/www.hashtag.al\/index.php\/wp-json\/wp\/v2\/posts\/599184","targetHints":{"allow":["GET"]}}],"collection":[{"href":"https:\/\/www.hashtag.al\/index.php\/wp-json\/wp\/v2\/posts"}],"about":[{"href":"https:\/\/www.hashtag.al\/index.php\/wp-json\/wp\/v2\/types\/post"}],"author":[{"embeddable":true,"href":"https:\/\/www.hashtag.al\/index.php\/wp-json\/wp\/v2\/users\/51"}],"replies":[{"embeddable":true,"href":"https:\/\/www.hashtag.al\/index.php\/wp-json\/wp\/v2\/comments?post=599184"}],"version-history":[{"count":0,"href":"https:\/\/www.hashtag.al\/index.php\/wp-json\/wp\/v2\/posts\/599184\/revisions"}],"wp:featuredmedia":[{"embeddable":true,"href":"https:\/\/www.hashtag.al\/index.php\/wp-json\/wp\/v2\/media\/599185"}],"wp:attachment":[{"href":"https:\/\/www.hashtag.al\/index.php\/wp-json\/wp\/v2\/media?parent=599184"}],"wp:term":[{"taxonomy":"category","embeddable":true,"href":"https:\/\/www.hashtag.al\/index.php\/wp-json\/wp\/v2\/categories?post=599184"},{"taxonomy":"post_tag","embeddable":true,"href":"https:\/\/www.hashtag.al\/index.php\/wp-json\/wp\/v2\/tags?post=599184"}],"curies":[{"name":"wp","href":"https:\/\/api.w.org\/{rel}","templated":true}]}}