{"id":599065,"date":"2023-05-31T12:07:16","date_gmt":"2023-05-31T10:07:16","guid":{"rendered":"https:\/\/www.hashtag.al\/?p=599065"},"modified":"2023-05-31T12:07:16","modified_gmt":"2023-05-31T10:07:16","slug":"qeveria-shkrin-asa-n-kushi-e-gjetem-me-shkelje-institutet-e-saj-do-i-riorganizojme-te-akademia-e-shkencave","status":"publish","type":"post","link":"https:\/\/www.hashtag.al\/index.php\/2023\/05\/31\/qeveria-shkrin-asa-n-kushi-e-gjetem-me-shkelje-institutet-e-saj-do-i-riorganizojme-te-akademia-e-shkencave\/","title":{"rendered":"Qeveria shkrin ASA-n. Kushi: E gjet\u00ebm me shkelje, institutet e saj do i riorganizojm\u00eb te Akademia e Shkencave","gt_translate_keys":[{"key":"rendered","format":"text"}]},"content":{"rendered":"<p><span style=\"color: #000000;\"><a style=\"color: #000000;\" href=\"https:\/\/www.hashtag.al\/wp-content\/uploads\/2023\/05\/1685525758_kushi.jpg\"><img loading=\"lazy\" decoding=\"async\" class=\"aligncenter size-full wp-image-599067\" src=\"https:\/\/www.hashtag.al\/wp-content\/uploads\/2023\/05\/1685525758_kushi.jpg\" alt=\"\" width=\"780\" height=\"440\" srcset=\"https:\/\/www.hashtag.al\/wp-content\/uploads\/2023\/05\/1685525758_kushi.jpg 780w, https:\/\/www.hashtag.al\/wp-content\/uploads\/2023\/05\/1685525758_kushi-300x169.jpg 300w, https:\/\/www.hashtag.al\/wp-content\/uploads\/2023\/05\/1685525758_kushi-768x433.jpg 768w\" sizes=\"auto, (max-width: 780px) 100vw, 780px\" \/><\/a><\/span><\/p>\n<p><span style=\"color: #000000;\">Qeveria ka marr\u00eb dit\u00ebn e sotme vendimin p\u00ebr shkrirjen e Akademis\u00eb s\u00eb Studimeve Albanologjike (ASA).<\/span><\/p>\n<p><span style=\"color: #000000;\">N\u00ebp\u00ebrmjet daljes s\u00eb p\u00ebrjavshme pas mbledhjes s\u00eb K\u00ebshillit t\u00eb Ministrave, Evis Kushi b\u00ebri publik vendimin p\u00ebr shkrirjen e ASA-s.<\/span><\/p>\n<p><span style=\"color: #000000;\">Ministrja e Arsimit dhe Sportit e justifikoi vendimin se grupi i inspektimit gjeti shkelje t\u00eb r\u00ebnda.<\/span><\/p>\n<p><span style=\"color: #000000;\">Sipas saj ASA nuk \u00ebsht\u00eb akredituar dhe e ka t\u00eb pamundur t\u00eb funksionoj\u00eb si institucion i Arsimit t\u00eb Lart\u00eb. M\u00eb tej Kushi theksoi se n\u00eb 8 vite n\u00eb ASA nuk \u00ebsht\u00eb regjistruar asnj\u00eb student.<\/span><\/p>\n<p><span style=\"color: #000000;\"><em>\u201cASA edhe pse u mb\u00ebshtet n\u00eb m\u00ebnyr\u00eb t\u00eb vazhdueshme nuk arriti t\u00eb riorganizohet p\u00ebr t\u00eb qen\u00eb n\u00eb p\u00ebrputhje me ligjin. Ministria vijoi me nj\u00eb kontroll dhe jan\u00eb konstatuar nj\u00eb s\u00ebr\u00eb problematikash parregjullsish t\u00eb r\u00ebnda ligjore. Si t\u00eb fush\u00ebs s\u00eb struktur\u00ebs ashtu edhe nga ana e funksionimit administrativ dhe financiar.<\/em><\/span><\/p>\n<p><span style=\"color: #000000;\"><em>Mund t\u2019ju p\u00ebrmend disa nga k\u00ebto shkelje m\u00eb thelb\u00ebsoret: ASA sot q\u00eb flasim nuk ka patur nj\u00eb fakultet q\u00eb \u00ebsht\u00eb detyrimi i par\u00eb ligjor. Nuk kan\u00eb asnj\u00eb fakultet dhe n\u00eb asnj\u00eb prej nj\u00ebsive p\u00ebrb\u00ebr\u00ebse t\u00eb saj, nuk ka m\u00ebsimdh\u00ebnie q\u00eb e b\u00ebn t\u00eb pamundur t\u00eb vijoj\u00eb t\u00eb funksionoj\u00eb si institucion i Arsimit t\u00eb Larta. \u00cbsht\u00eb e paakredituar, nuk \u00ebsht\u00eb akredituar asnj\u00ebher\u00eb nd\u00ebrkoh\u00eb q\u00eb institucionet e tjera jan\u00eb akdredituar nga 2 apo 3 her\u00eb. Mosakreditimi i programeve t\u00eb studimit, e b\u00ebn t\u00eb pamundur t\u00eb l\u00ebshoj\u00eb diploma. Sepse akreditimi garanton cil\u00ebsin\u00eb. Nd\u00ebrkoh\u00eb para ca vitesh ASA ka l\u00ebshuar diploma, duke kryer shkelje tjet\u00ebr. Nga ana tjet\u00ebr ka 8 vite q\u00eb ASA nuk regjistron asnj\u00eb student. Ka nj\u00eb s\u00ebr\u00eb argumentash q\u00eb e b\u00ebjn\u00eb t\u00eb pamundur ekzistenc\u00ebn e ASA-s si nj\u00eb institucion t\u00eb Arsimit t\u00eb Lart\u00eb.<\/em><\/span><\/p>\n<p><span style=\"color: #000000;\"><em>Ne kemi nj\u00eb vendim ku shkeljet dhe parregullsit\u00eb jan\u00eb t\u00eb m\u00ebdha k\u00ebshtu q\u00eb ne sot me vendim t\u00eb K\u00ebshillit t\u00eb Ministrave po e riorganizojm\u00eb k\u00ebt\u00eb Akademi duke i riorganizuar institutet e saj pran\u00eb Akademis\u00eb s\u00eb Shkencave. Personeli dhe t\u00eb gjitha transferohen tek Akademia e Shkencave\u201d-<\/em>tha ministrja.<\/span><\/p>\n","protected":false,"gt_translate_keys":[{"key":"rendered","format":"html"}]},"excerpt":{"rendered":"<p>Qeveria ka marr\u00eb dit\u00ebn e sotme vendimin p\u00ebr shkrirjen e Akademis\u00eb s\u00eb Studimeve Albanologjike (ASA). N\u00ebp\u00ebrmjet daljes s\u00eb p\u00ebrjavshme pas mbledhjes s\u00eb K\u00ebshillit t\u00eb Ministrave, Evis Kushi b\u00ebri publik vendimin p\u00ebr shkrirjen e ASA-s. Ministrja e Arsimit dhe Sportit e justifikoi vendimin se grupi i inspektimit gjeti shkelje t\u00eb r\u00ebnda. Sipas saj ASA nuk \u00ebsht\u00eb [&hellip;]<\/p>\n","protected":false,"gt_translate_keys":[{"key":"rendered","format":"html"}]},"author":32,"featured_media":599067,"comment_status":"closed","ping_status":"closed","sticky":false,"template":"","format":"standard","meta":{"footnotes":""},"categories":[65,13],"tags":[],"class_list":["post-599065","post","type-post","status-publish","format-standard","has-post-thumbnail","hentry","category-lajme","category-te-fundit"],"gt_translate_keys":[{"key":"link","format":"url"}],"_links":{"self":[{"href":"https:\/\/www.hashtag.al\/index.php\/wp-json\/wp\/v2\/posts\/599065","targetHints":{"allow":["GET"]}}],"collection":[{"href":"https:\/\/www.hashtag.al\/index.php\/wp-json\/wp\/v2\/posts"}],"about":[{"href":"https:\/\/www.hashtag.al\/index.php\/wp-json\/wp\/v2\/types\/post"}],"author":[{"embeddable":true,"href":"https:\/\/www.hashtag.al\/index.php\/wp-json\/wp\/v2\/users\/32"}],"replies":[{"embeddable":true,"href":"https:\/\/www.hashtag.al\/index.php\/wp-json\/wp\/v2\/comments?post=599065"}],"version-history":[{"count":0,"href":"https:\/\/www.hashtag.al\/index.php\/wp-json\/wp\/v2\/posts\/599065\/revisions"}],"wp:featuredmedia":[{"embeddable":true,"href":"https:\/\/www.hashtag.al\/index.php\/wp-json\/wp\/v2\/media\/599067"}],"wp:attachment":[{"href":"https:\/\/www.hashtag.al\/index.php\/wp-json\/wp\/v2\/media?parent=599065"}],"wp:term":[{"taxonomy":"category","embeddable":true,"href":"https:\/\/www.hashtag.al\/index.php\/wp-json\/wp\/v2\/categories?post=599065"},{"taxonomy":"post_tag","embeddable":true,"href":"https:\/\/www.hashtag.al\/index.php\/wp-json\/wp\/v2\/tags?post=599065"}],"curies":[{"name":"wp","href":"https:\/\/api.w.org\/{rel}","templated":true}]}}