{"id":599002,"date":"2023-05-30T23:59:59","date_gmt":"2023-05-30T21:59:59","guid":{"rendered":"https:\/\/www.hashtag.al\/?p=599002"},"modified":"2023-05-30T23:50:05","modified_gmt":"2023-05-30T21:50:05","slug":"denohet-me-14-vite-burg-ish-presidenti-i-el-salvadorit-18-vite-per-ish-ministrin-e-drejtesise","status":"publish","type":"post","link":"https:\/\/www.hashtag.al\/index.php\/2023\/05\/30\/denohet-me-14-vite-burg-ish-presidenti-i-el-salvadorit-18-vite-per-ish-ministrin-e-drejtesise\/","title":{"rendered":"D\u00ebnohet me 14 vite burg ish-presidenti i El Salvadorit, 18\u00a0 vite p\u00ebr ish-ministrin e Drejt\u00ebsis\u00eb","gt_translate_keys":[{"key":"rendered","format":"text"}]},"content":{"rendered":"<p><span style=\"color: #000000;\"><img loading=\"lazy\" decoding=\"async\" class=\"aligncenter size-full wp-image-599003\" src=\"https:\/\/www.hashtag.al\/wp-content\/uploads\/2023\/05\/ezgif.com-gif-maker-3-5.jpg\" alt=\"\" width=\"960\" height=\"640\" srcset=\"https:\/\/www.hashtag.al\/wp-content\/uploads\/2023\/05\/ezgif.com-gif-maker-3-5.jpg 960w, https:\/\/www.hashtag.al\/wp-content\/uploads\/2023\/05\/ezgif.com-gif-maker-3-5-300x200.jpg 300w, https:\/\/www.hashtag.al\/wp-content\/uploads\/2023\/05\/ezgif.com-gif-maker-3-5-768x512.jpg 768w\" sizes=\"auto, (max-width: 960px) 100vw, 960px\" \/><\/span><\/p>\n<p><span style=\"color: #000000;\">Nj\u00eb gjykat\u00eb n\u00eb El Salvador d\u00ebnoi ish-presidentin Mauricio Funes dhe ministrin e tij t\u00eb Drejt\u00ebsis\u00eb me m\u00eb shum\u00eb se nj\u00eb dekad\u00eb pas hekurave p\u00ebr lidhjet e tyre me grupet kriminale dhe mosp\u00ebrmbushje t\u00eb detyrave, tha zyra e Prokurorit t\u00eb P\u00ebrgjithsh\u00ebm t\u00eb h\u00ebn\u00ebn.<\/span><\/p>\n<p><span style=\"color: #000000;\">Funes u d\u00ebnua me 14 vjet dhe ish-ministri i tij i Drejt\u00ebsis\u00eb dhe Mbrojtjes, David Munguia, me 18 vite burg.<\/span><\/p>\n<p><span style=\"color: #000000;\"><em>\u201cNe ishim n\u00eb gjendje t\u00eb verifikonim se k\u00ebta dy ish-zyrtar\u00eb, t\u00eb cil\u00ebt kishin detyrimin t\u00eb mbronin salvadoran\u00ebt, negociuan jet\u00ebn e tyre n\u00eb k\u00ebmbim t\u00eb favoreve elektorale, duke vepruar si an\u00ebtar\u00eb t\u00eb band\u00ebs\u201d<\/em>, tha n\u00eb Twitter Prokurori i P\u00ebrgjithsh\u00ebm Rodolfo Delgado.<\/span><\/p>\n<p><span style=\"color: #000000;\">Funes, i cili qeverisi nga viti 2009 deri n\u00eb 2014 dhe jeton n\u00eb Nikaragua, iu dha n\u00ebnshtet\u00ebsia nikaraguane n\u00eb vitin 2019. Kushtetuta e Nikaraguas thot\u00eb se asnj\u00eb shtetas nuk mund t\u00eb ekstradohet.<\/span><\/p>\n<p><span style=\"color: #000000;\">Munguia u arrestua p\u00ebr her\u00eb t\u00eb par\u00eb n\u00eb vitin 2020 p\u00ebr dyshimin p\u00ebr shoq\u00ebrim t\u00eb paligjsh\u00ebm dhe krime t\u00eb tjera t\u00eb lidhura me aranzhimin e supozuar t\u00eb nj\u00eb arm\u00ebpushimi midis bandave q\u00eb synojn\u00eb reduktimin e vrasjeve n\u00eb k\u00ebmbim t\u00eb p\u00ebrfitimeve t\u00eb pazbuluara p\u00ebr organizatat kriminale.<\/span><\/p>\n<p><span style=\"color: #000000;\">Funes nuk iu p\u00ebrgjigj menj\u00ebher\u00eb nj\u00eb k\u00ebrkese p\u00ebr koment. Munguia u tha gazetar\u00ebve duke l\u00ebn\u00eb seanc\u00ebn se ai besonte se d\u00ebnimi i tij ishte i bazuar politikisht dhe akuzat e pabaza.<\/span><\/p>\n<p><span style=\"color: #000000;\">El Salvador ka m\u00eb shum\u00eb se nj\u00eb vit q\u00eb jeton n\u00ebn nj\u00eb gjendje t\u00eb jasht\u00ebzakonshme t\u00eb shpallur nga qeveria e Presidentit Nayib Bukele.<\/span><\/p>\n<p><span style=\"color: #000000;\">Masa, e cila ka \u00e7uar n\u00eb arrestimin e m\u00eb shum\u00eb se 68,000 personave q\u00eb supozohet se jan\u00eb an\u00ebtar\u00eb t\u00eb band\u00ebs, \u00ebsht\u00eb gjer\u00ebsisht e popullarizuar n\u00eb mesin e banor\u00ebve t\u00eb El Salvadorit. Por ajo \u00ebsht\u00eb kritikuar nga grupet e t\u00eb drejtave t\u00eb njeriut duke p\u00ebrmendur arrestime arbitrare, tortura dhe vdekje t\u00eb t\u00eb burgosurve n\u00eb paraburgim.<\/span><\/p>\n<p><span style=\"color: #000000;\">T\u00eb dh\u00ebnat zyrtare tregojn\u00eb se 5000 prej t\u00eb burgosurve jan\u00eb liruar, pasi autoritetet nuk gjet\u00ebn lidhje me grupe kriminale.<\/span><\/p>\n","protected":false,"gt_translate_keys":[{"key":"rendered","format":"html"}]},"excerpt":{"rendered":"<p>Nj\u00eb gjykat\u00eb n\u00eb El Salvador d\u00ebnoi ish-presidentin Mauricio Funes dhe ministrin e tij t\u00eb Drejt\u00ebsis\u00eb me m\u00eb shum\u00eb se nj\u00eb dekad\u00eb pas hekurave p\u00ebr lidhjet e tyre me grupet kriminale dhe mosp\u00ebrmbushje t\u00eb detyrave, tha zyra e Prokurorit t\u00eb P\u00ebrgjithsh\u00ebm t\u00eb h\u00ebn\u00ebn. Funes u d\u00ebnua me 14 vjet dhe ish-ministri i tij i Drejt\u00ebsis\u00eb dhe [&hellip;]<\/p>\n","protected":false,"gt_translate_keys":[{"key":"rendered","format":"html"}]},"author":51,"featured_media":599003,"comment_status":"closed","ping_status":"closed","sticky":false,"template":"","format":"standard","meta":{"footnotes":""},"categories":[53],"tags":[],"class_list":["post-599002","post","type-post","status-publish","format-standard","has-post-thumbnail","hentry","category-fast-foodi"],"gt_translate_keys":[{"key":"link","format":"url"}],"_links":{"self":[{"href":"https:\/\/www.hashtag.al\/index.php\/wp-json\/wp\/v2\/posts\/599002","targetHints":{"allow":["GET"]}}],"collection":[{"href":"https:\/\/www.hashtag.al\/index.php\/wp-json\/wp\/v2\/posts"}],"about":[{"href":"https:\/\/www.hashtag.al\/index.php\/wp-json\/wp\/v2\/types\/post"}],"author":[{"embeddable":true,"href":"https:\/\/www.hashtag.al\/index.php\/wp-json\/wp\/v2\/users\/51"}],"replies":[{"embeddable":true,"href":"https:\/\/www.hashtag.al\/index.php\/wp-json\/wp\/v2\/comments?post=599002"}],"version-history":[{"count":0,"href":"https:\/\/www.hashtag.al\/index.php\/wp-json\/wp\/v2\/posts\/599002\/revisions"}],"wp:featuredmedia":[{"embeddable":true,"href":"https:\/\/www.hashtag.al\/index.php\/wp-json\/wp\/v2\/media\/599003"}],"wp:attachment":[{"href":"https:\/\/www.hashtag.al\/index.php\/wp-json\/wp\/v2\/media?parent=599002"}],"wp:term":[{"taxonomy":"category","embeddable":true,"href":"https:\/\/www.hashtag.al\/index.php\/wp-json\/wp\/v2\/categories?post=599002"},{"taxonomy":"post_tag","embeddable":true,"href":"https:\/\/www.hashtag.al\/index.php\/wp-json\/wp\/v2\/tags?post=599002"}],"curies":[{"name":"wp","href":"https:\/\/api.w.org\/{rel}","templated":true}]}}