{"id":598884,"date":"2023-05-30T13:59:05","date_gmt":"2023-05-30T11:59:05","guid":{"rendered":"https:\/\/www.hashtag.al\/?p=598884"},"modified":"2023-05-30T13:59:38","modified_gmt":"2023-05-30T11:59:38","slug":"kina-mbeshtet-serbine-rreth-tensioneve-ne-kosove","status":"publish","type":"post","link":"https:\/\/www.hashtag.al\/index.php\/2023\/05\/30\/kina-mbeshtet-serbine-rreth-tensioneve-ne-kosove\/","title":{"rendered":"Kina mb\u00ebshtet Serbin\u00eb rreth tensioneve n\u00eb Kosov\u00eb","gt_translate_keys":[{"key":"rendered","format":"text"}]},"content":{"rendered":"<p><a href=\"https:\/\/www.hashtag.al\/wp-content\/uploads\/2023\/05\/Screenshot-2023-05-30-134930.png\"><img loading=\"lazy\" decoding=\"async\" class=\"aligncenter size-full wp-image-598885\" src=\"https:\/\/www.hashtag.al\/wp-content\/uploads\/2023\/05\/Screenshot-2023-05-30-134930.png\" alt=\"\" width=\"1208\" height=\"693\" srcset=\"https:\/\/www.hashtag.al\/wp-content\/uploads\/2023\/05\/Screenshot-2023-05-30-134930.png 1208w, https:\/\/www.hashtag.al\/wp-content\/uploads\/2023\/05\/Screenshot-2023-05-30-134930-300x172.png 300w, https:\/\/www.hashtag.al\/wp-content\/uploads\/2023\/05\/Screenshot-2023-05-30-134930-1024x587.png 1024w, https:\/\/www.hashtag.al\/wp-content\/uploads\/2023\/05\/Screenshot-2023-05-30-134930-768x441.png 768w\" sizes=\"auto, (max-width: 1208px) 100vw, 1208px\" \/><\/a><\/p>\n<p>&nbsp;<\/p>\n<p><span style=\"color: #000000;\">Kina ka shprehur mb\u00ebshtetjen p\u00ebr p\u00ebrpjekjet e Serbis\u00eb <em>\u201cp\u00ebr t\u00eb mbrojtur sovranitetin dhe integritetin territorial\u201d<\/em>, pas p\u00ebrleshjeve mes protestuesve serb\u00eb n\u00eb Zve\u00e7an dhe trupave paqeruajt\u00ebse t\u00eb NATO-s.<\/span><\/p>\n<p><span style=\"color: #000000;\">Partia n\u00eb pushtet, Partia Komuniste p\u00ebr nj\u00eb koh\u00eb t\u00eb gjat\u00eb \u00ebsht\u00eb kritike e aleanc\u00ebs s\u00eb NATO-s. Mospajtimet me KFOR-in pjes\u00ebrisht burojn\u00eb nga bombardimi i Ambasad\u00ebs kineze n\u00eb Beograd, gjat\u00eb fushat\u00ebs ajrore t\u00eb aleanc\u00ebs m\u00eb 1999, q\u00eb i dha fund luft\u00ebs n\u00eb Kosov\u00eb.<\/span><\/p>\n<p><span style=\"color: #000000;\">Kina, s\u00eb bashku me Rusin\u00eb dhe Serbin\u00eb, nuk e njohin pavar\u00ebsin\u00eb e Kosov\u00ebs t\u00eb shpallur m\u00eb 2008.<\/span><\/p>\n<p><span style=\"color: #000000;\">Z\u00ebdh\u00ebn\u00ebsi i Ministris\u00eb s\u00eb Jashtme kineze, Mao Ning, p\u00ebr shp\u00ebrthimin e dhun\u00ebs n\u00eb veri t\u00eb Kosov\u00ebs, la fajtor d\u00ebshtimin p\u00ebr t\u00eb respektuar t\u00eb drejtat politike serbe.<\/span><\/p>\n<p><span style=\"color: #000000;\">\u201c<em>Ne kund\u00ebrshtojm\u00eb veprimet e nj\u00ebanshme t\u00eb institucioneve t\u00eb p\u00ebrkohshme vet\u00ebqeveris\u00ebse t\u00eb Kosov\u00ebs\u201d,<\/em> tha Mao gjat\u00eb nj\u00eb konference p\u00ebr media, duke iu referuar Qeveris\u00eb s\u00eb Kosov\u00ebs.<\/span><\/p>\n<p><span style=\"color: #000000;\">P\u00ebr t\u00eb dyt\u00ebn dit\u00eb me radh\u00eb, serb\u00ebt po protestojn\u00eb n\u00eb Zve\u00e7an, Leposaviq dhe Zubin Potok, duke kund\u00ebrshtuar kryetar\u00ebt e rinj shqiptar\u00eb, t\u00eb zgjedhur m\u00eb 23 prill.<\/span><\/p>\n<p><span style=\"color: #000000;\">Pavar\u00ebsisht se serb\u00ebt bojkotuan zgjedhjet lokale dhe po tentojn\u00eb t\u00eb mos lejojn\u00eb kryetar\u00ebt e rinj shqiptar\u00eb t\u00eb ushtrojn\u00eb funksionet e tyre, Mao tha se serb\u00ebve duke t\u2019iu ofrohet kontroll mbi komunat ku ata jan\u00eb shumic\u00eb.<\/span><\/p>\n<p><span style=\"color: #000000;\">Gjat\u00eb protestave t\u00eb s\u00eb h\u00ebn\u00ebs, 30 ushtar\u00eb t\u00eb misionit paqeruajt\u00ebs t\u00eb NATO-s n\u00eb Kosov\u00eb, KFOR u l\u00ebnduan gjat\u00eb p\u00ebrleshjeve me protestuesit serb\u00eb. Tre ushtar\u00eb mor\u00ebn plag\u00eb nga arm\u00ebt e zjarrit.<\/span><\/p>\n<p><span style=\"color: #000000;\"><em>\u201cNe i b\u00ebjm\u00eb thirrje NATO-s t\u00eb respektoj\u00eb sovranitetin dhe integritetin territorial t\u00eb shteteve t\u00eb r\u00ebnd\u00ebsishme dhe b\u00ebj\u00eb at\u00eb q\u00eb n\u00eb t\u00eb v\u00ebrtet\u00eb \u00ebsht\u00eb e favorshme p\u00ebr paqen rajonale\u201d,<\/em> tha Mao.<\/span><\/p>\n<p><span style=\"color: #000000;\">M\u00eb von\u00eb gjat\u00eb s\u00eb mart\u00ebs, presidenti i Serbis\u00eb, Aleksandar Vu\u00e7iq, pritet t\u00eb takohet me ambasadorin kinez dhe at\u00eb rus n\u00eb Beograd, p\u00ebr t\u00eb diskutuar p\u00ebr situat\u00ebn e fundit n\u00eb Kosov\u00eb.<\/span><\/p>\n<p><span style=\"color: #000000;\">Pas nisjes s\u00eb tensioneve n\u00eb veri t\u00eb Kosov\u00ebs m\u00eb 26 maj, Serbia ka ngritur n\u00eb nivelin m\u00eb t\u00eb lart\u00eb gatishm\u00ebrin\u00eb luftarake t\u00eb ushtris\u00eb s\u00eb saj dhe ka dislokuar nj\u00ebsit\u00eb ushtarake n\u00eb pozicionet pran\u00eb kufirit me Kosov\u00ebn.\/<span style=\"color: #0000ff;\"><a style=\"color: #0000ff;\" href=\"https:\/\/www.evropaelire.org\/a\/kina-serbia-protestat-ne-kosove-\/32435159.html\">REL.<\/a><\/span><\/span><\/p>\n","protected":false,"gt_translate_keys":[{"key":"rendered","format":"html"}]},"excerpt":{"rendered":"<p>&nbsp; Kina ka shprehur mb\u00ebshtetjen p\u00ebr p\u00ebrpjekjet e Serbis\u00eb \u201cp\u00ebr t\u00eb mbrojtur sovranitetin dhe integritetin territorial\u201d, pas p\u00ebrleshjeve mes protestuesve serb\u00eb n\u00eb Zve\u00e7an dhe trupave paqeruajt\u00ebse t\u00eb NATO-s. Partia n\u00eb pushtet, Partia Komuniste p\u00ebr nj\u00eb koh\u00eb t\u00eb gjat\u00eb \u00ebsht\u00eb kritike e aleanc\u00ebs s\u00eb NATO-s. Mospajtimet me KFOR-in pjes\u00ebrisht burojn\u00eb nga bombardimi i Ambasad\u00ebs kineze n\u00eb [&hellip;]<\/p>\n","protected":false,"gt_translate_keys":[{"key":"rendered","format":"html"}]},"author":30,"featured_media":598885,"comment_status":"closed","ping_status":"closed","sticky":false,"template":"","format":"standard","meta":{"footnotes":""},"categories":[149],"tags":[],"class_list":["post-598884","post","type-post","status-publish","format-standard","has-post-thumbnail","hentry","category-kosoverajon"],"gt_translate_keys":[{"key":"link","format":"url"}],"_links":{"self":[{"href":"https:\/\/www.hashtag.al\/index.php\/wp-json\/wp\/v2\/posts\/598884","targetHints":{"allow":["GET"]}}],"collection":[{"href":"https:\/\/www.hashtag.al\/index.php\/wp-json\/wp\/v2\/posts"}],"about":[{"href":"https:\/\/www.hashtag.al\/index.php\/wp-json\/wp\/v2\/types\/post"}],"author":[{"embeddable":true,"href":"https:\/\/www.hashtag.al\/index.php\/wp-json\/wp\/v2\/users\/30"}],"replies":[{"embeddable":true,"href":"https:\/\/www.hashtag.al\/index.php\/wp-json\/wp\/v2\/comments?post=598884"}],"version-history":[{"count":0,"href":"https:\/\/www.hashtag.al\/index.php\/wp-json\/wp\/v2\/posts\/598884\/revisions"}],"wp:featuredmedia":[{"embeddable":true,"href":"https:\/\/www.hashtag.al\/index.php\/wp-json\/wp\/v2\/media\/598885"}],"wp:attachment":[{"href":"https:\/\/www.hashtag.al\/index.php\/wp-json\/wp\/v2\/media?parent=598884"}],"wp:term":[{"taxonomy":"category","embeddable":true,"href":"https:\/\/www.hashtag.al\/index.php\/wp-json\/wp\/v2\/categories?post=598884"},{"taxonomy":"post_tag","embeddable":true,"href":"https:\/\/www.hashtag.al\/index.php\/wp-json\/wp\/v2\/tags?post=598884"}],"curies":[{"name":"wp","href":"https:\/\/api.w.org\/{rel}","templated":true}]}}