{"id":598665,"date":"2023-05-29T10:32:24","date_gmt":"2023-05-29T08:32:24","guid":{"rendered":"https:\/\/www.hashtag.al\/?p=598665"},"modified":"2023-05-29T10:32:24","modified_gmt":"2023-05-29T08:32:24","slug":"presidenti-begaj-dekreton-rritjen-e-pagave-per-administraten-dhe-zyrtaret-e-larte","status":"publish","type":"post","link":"https:\/\/www.hashtag.al\/index.php\/2023\/05\/29\/presidenti-begaj-dekreton-rritjen-e-pagave-per-administraten-dhe-zyrtaret-e-larte\/","title":{"rendered":"Presidenti Begaj dekreton rritjen e pagave p\u00ebr administrat\u00ebn dhe zyrtar\u00ebt e lart\u00eb","gt_translate_keys":[{"key":"rendered","format":"text"}]},"content":{"rendered":"<p><span style=\"color: #000000;\"><a href=\"https:\/\/www.hashtag.al\/wp-content\/uploads\/2023\/01\/begaj1.jpg\"><img loading=\"lazy\" decoding=\"async\" class=\"aligncenter size-full wp-image-575004\" src=\"https:\/\/www.hashtag.al\/wp-content\/uploads\/2023\/01\/begaj1.jpg\" alt=\"\" width=\"1920\" height=\"1080\" srcset=\"https:\/\/www.hashtag.al\/wp-content\/uploads\/2023\/01\/begaj1.jpg 1920w, https:\/\/www.hashtag.al\/wp-content\/uploads\/2023\/01\/begaj1-300x169.jpg 300w, https:\/\/www.hashtag.al\/wp-content\/uploads\/2023\/01\/begaj1-1024x576.jpg 1024w, https:\/\/www.hashtag.al\/wp-content\/uploads\/2023\/01\/begaj1-768x432.jpg 768w, https:\/\/www.hashtag.al\/wp-content\/uploads\/2023\/01\/begaj1-1536x864.jpg 1536w\" sizes=\"auto, (max-width: 1920px) 100vw, 1920px\" \/><\/a><\/span><\/p>\n<p><span style=\"color: #000000;\">Presidenti i Republik\u00ebs ka dekretuar ligjin p\u00ebr rritjen e pagave t\u00eb administrat\u00ebs deputet\u00ebve ministrave dhe Presidentit.<\/span><\/p>\n<p><span style=\"color: #000000;\">Dit\u00ebn e enjte parlamenti votoi me votat e deputet\u00ebve t\u00eb Partis\u00eb Socialiste dhe asaj Demokratike p\u00ebr rritjen e pagave.<\/span><\/p>\n<p><span style=\"color: #000000;\">Deputet\u00ebt, ministrat, kryeministri, Kryetari i Kuvendit dhe Presidenti sipas ligjit shohin nj\u00eb rritje shum\u00eb t\u00eb konsiderueshme.<\/span><\/p>\n<p><span style=\"color: #000000;\">Nd\u00ebrsa administrata publike sheh nj\u00eb rritje prej 7%.<\/span><\/p>\n\n\t\t<style type=\"text\/css\">\n\t\t\t#gallery-1 {\n\t\t\t\tmargin: auto;\n\t\t\t}\n\t\t\t#gallery-1 .gallery-item {\n\t\t\t\tfloat: left;\n\t\t\t\tmargin-top: 10px;\n\t\t\t\ttext-align: center;\n\t\t\t\twidth: 33%;\n\t\t\t}\n\t\t\t#gallery-1 img {\n\t\t\t\tborder: 2px solid #cfcfcf;\n\t\t\t}\n\t\t\t#gallery-1 .gallery-caption {\n\t\t\t\tmargin-left: 0;\n\t\t\t}\n\t\t\t\/* see gallery_shortcode() in wp-includes\/media.php *\/\n\t\t<\/style>\n\t\t<div id='gallery-1' class='gallery galleryid-598665 gallery-columns-3 gallery-size-full'><dl class='gallery-item'>\n\t\t\t<dt class='gallery-icon portrait'>\n\t\t\t\t<a href='https:\/\/www.hashtag.al\/index.php\/2023\/05\/29\/presidenti-begaj-dekreton-rritjen-e-pagave-per-administraten-dhe-zyrtaret-e-larte\/dekreti-paga\/'><img loading=\"lazy\" decoding=\"async\" width=\"1128\" height=\"1600\" src=\"https:\/\/www.hashtag.al\/wp-content\/uploads\/2023\/05\/dekreti-paga.jpg\" class=\"attachment-full size-full\" alt=\"\" srcset=\"https:\/\/www.hashtag.al\/wp-content\/uploads\/2023\/05\/dekreti-paga.jpg 1128w, https:\/\/www.hashtag.al\/wp-content\/uploads\/2023\/05\/dekreti-paga-212x300.jpg 212w, https:\/\/www.hashtag.al\/wp-content\/uploads\/2023\/05\/dekreti-paga-722x1024.jpg 722w, https:\/\/www.hashtag.al\/wp-content\/uploads\/2023\/05\/dekreti-paga-768x1089.jpg 768w, https:\/\/www.hashtag.al\/wp-content\/uploads\/2023\/05\/dekreti-paga-1083x1536.jpg 1083w\" sizes=\"auto, (max-width: 1128px) 100vw, 1128px\" \/><\/a>\n\t\t\t<\/dt><\/dl><dl class='gallery-item'>\n\t\t\t<dt class='gallery-icon portrait'>\n\t\t\t\t<a href='https:\/\/www.hashtag.al\/index.php\/2023\/05\/29\/presidenti-begaj-dekreton-rritjen-e-pagave-per-administraten-dhe-zyrtaret-e-larte\/dekreti-paga1\/'><img loading=\"lazy\" decoding=\"async\" width=\"1126\" height=\"1600\" src=\"https:\/\/www.hashtag.al\/wp-content\/uploads\/2023\/05\/dekreti-paga1.jpg\" class=\"attachment-full size-full\" alt=\"\" srcset=\"https:\/\/www.hashtag.al\/wp-content\/uploads\/2023\/05\/dekreti-paga1.jpg 1126w, https:\/\/www.hashtag.al\/wp-content\/uploads\/2023\/05\/dekreti-paga1-211x300.jpg 211w, https:\/\/www.hashtag.al\/wp-content\/uploads\/2023\/05\/dekreti-paga1-721x1024.jpg 721w, https:\/\/www.hashtag.al\/wp-content\/uploads\/2023\/05\/dekreti-paga1-768x1091.jpg 768w, https:\/\/www.hashtag.al\/wp-content\/uploads\/2023\/05\/dekreti-paga1-1081x1536.jpg 1081w\" sizes=\"auto, (max-width: 1126px) 100vw, 1126px\" \/><\/a>\n\t\t\t<\/dt><\/dl><dl class='gallery-item'>\n\t\t\t<dt class='gallery-icon portrait'>\n\t\t\t\t<a href='https:\/\/www.hashtag.al\/index.php\/2023\/05\/29\/presidenti-begaj-dekreton-rritjen-e-pagave-per-administraten-dhe-zyrtaret-e-larte\/dekreti-8\/'><img loading=\"lazy\" decoding=\"async\" width=\"1104\" height=\"1600\" src=\"https:\/\/www.hashtag.al\/wp-content\/uploads\/2023\/05\/dekreti.jpg\" class=\"attachment-full size-full\" alt=\"\" srcset=\"https:\/\/www.hashtag.al\/wp-content\/uploads\/2023\/05\/dekreti.jpg 1104w, https:\/\/www.hashtag.al\/wp-content\/uploads\/2023\/05\/dekreti-207x300.jpg 207w, https:\/\/www.hashtag.al\/wp-content\/uploads\/2023\/05\/dekreti-707x1024.jpg 707w, https:\/\/www.hashtag.al\/wp-content\/uploads\/2023\/05\/dekreti-768x1113.jpg 768w, https:\/\/www.hashtag.al\/wp-content\/uploads\/2023\/05\/dekreti-1060x1536.jpg 1060w\" sizes=\"auto, (max-width: 1104px) 100vw, 1104px\" \/><\/a>\n\t\t\t<\/dt><\/dl><br style=\"clear: both\" \/>\n\t\t<\/div>\n\n","protected":false,"gt_translate_keys":[{"key":"rendered","format":"html"}]},"excerpt":{"rendered":"<p>Presidenti i Republik\u00ebs ka dekretuar ligjin p\u00ebr rritjen e pagave t\u00eb administrat\u00ebs deputet\u00ebve ministrave dhe Presidentit. Dit\u00ebn e enjte parlamenti votoi me votat e deputet\u00ebve t\u00eb Partis\u00eb Socialiste dhe asaj Demokratike p\u00ebr rritjen e pagave. Deputet\u00ebt, ministrat, kryeministri, Kryetari i Kuvendit dhe Presidenti sipas ligjit shohin nj\u00eb rritje shum\u00eb t\u00eb konsiderueshme. Nd\u00ebrsa administrata publike sheh [&hellip;]<\/p>\n","protected":false,"gt_translate_keys":[{"key":"rendered","format":"html"}]},"author":32,"featured_media":575004,"comment_status":"closed","ping_status":"closed","sticky":false,"template":"","format":"standard","meta":{"footnotes":""},"categories":[65,13],"tags":[],"class_list":["post-598665","post","type-post","status-publish","format-standard","has-post-thumbnail","hentry","category-lajme","category-te-fundit"],"gt_translate_keys":[{"key":"link","format":"url"}],"_links":{"self":[{"href":"https:\/\/www.hashtag.al\/index.php\/wp-json\/wp\/v2\/posts\/598665","targetHints":{"allow":["GET"]}}],"collection":[{"href":"https:\/\/www.hashtag.al\/index.php\/wp-json\/wp\/v2\/posts"}],"about":[{"href":"https:\/\/www.hashtag.al\/index.php\/wp-json\/wp\/v2\/types\/post"}],"author":[{"embeddable":true,"href":"https:\/\/www.hashtag.al\/index.php\/wp-json\/wp\/v2\/users\/32"}],"replies":[{"embeddable":true,"href":"https:\/\/www.hashtag.al\/index.php\/wp-json\/wp\/v2\/comments?post=598665"}],"version-history":[{"count":0,"href":"https:\/\/www.hashtag.al\/index.php\/wp-json\/wp\/v2\/posts\/598665\/revisions"}],"wp:featuredmedia":[{"embeddable":true,"href":"https:\/\/www.hashtag.al\/index.php\/wp-json\/wp\/v2\/media\/575004"}],"wp:attachment":[{"href":"https:\/\/www.hashtag.al\/index.php\/wp-json\/wp\/v2\/media?parent=598665"}],"wp:term":[{"taxonomy":"category","embeddable":true,"href":"https:\/\/www.hashtag.al\/index.php\/wp-json\/wp\/v2\/categories?post=598665"},{"taxonomy":"post_tag","embeddable":true,"href":"https:\/\/www.hashtag.al\/index.php\/wp-json\/wp\/v2\/tags?post=598665"}],"curies":[{"name":"wp","href":"https:\/\/api.w.org\/{rel}","templated":true}]}}