{"id":598659,"date":"2023-05-29T09:49:46","date_gmt":"2023-05-29T07:49:46","guid":{"rendered":"https:\/\/www.hashtag.al\/?p=598659"},"modified":"2023-05-29T09:49:46","modified_gmt":"2023-05-29T07:49:46","slug":"dacic-shqiptaret-nuk-mund-te-jene-kryetare-ne-komunat-serbe","status":"publish","type":"post","link":"https:\/\/www.hashtag.al\/index.php\/2023\/05\/29\/dacic-shqiptaret-nuk-mund-te-jene-kryetare-ne-komunat-serbe\/","title":{"rendered":"Da\u00e7i\u00e7: Shqiptar\u00ebt nuk mund t\u00eb jen\u00eb kryetar\u00eb n\u00eb komunat serbe","gt_translate_keys":[{"key":"rendered","format":"text"}]},"content":{"rendered":"<p><span style=\"color: #000000;\"><a style=\"color: #000000;\" href=\"https:\/\/www.hashtag.al\/wp-content\/uploads\/2023\/01\/dacic.jpg\"><img loading=\"lazy\" decoding=\"async\" class=\"aligncenter size-full wp-image-571298\" src=\"https:\/\/www.hashtag.al\/wp-content\/uploads\/2023\/01\/dacic.jpg\" alt=\"\" width=\"768\" height=\"432\" srcset=\"https:\/\/www.hashtag.al\/wp-content\/uploads\/2023\/01\/dacic.jpg 768w, https:\/\/www.hashtag.al\/wp-content\/uploads\/2023\/01\/dacic-300x169.jpg 300w\" sizes=\"auto, (max-width: 768px) 100vw, 768px\" \/><\/a><\/span><\/p>\n<p><span style=\"color: #000000;\">Ministri i Pun\u00ebve t\u00eb Jashtme i Serbis\u00eb, Ivica Da\u00e7i\u00e7, tha se detyr\u00eb e KFOR-it \u00ebsht\u00eb \u201ct\u2019i pamund\u00ebsoj\u00eb aktet e nj\u00ebanshme t\u00eb Prishtin\u00ebs\u201d, e \u201cjo t\u2019i pengoj\u00eb punonj\u00ebsit t\u00eb hyjn\u00eb n\u00eb nd\u00ebrtesat [komunale]\u201d.<\/span><\/p>\n<p><span style=\"color: #000000;\">\u201cTani po i ruajn\u00eb kryetar\u00ebt me pretekstin e ruajtjes s\u00eb paqes. Duket se po i ruajn\u00eb nga pronar\u00ebt e objekteve, serb\u00ebt, nga ata q\u00eb punojn\u00eb atje, q\u00eb jan\u00eb t\u00eb pun\u00ebsuar atje. Nuk mund t\u00eb jen\u00eb kryetar\u00eb n\u00eb komunat serbe, ku serb\u00ebt nuk i kan\u00eb zgjedhur\u201d, tha Da\u00e7i\u00e7 p\u00ebr Radio-Televizionin e Serbis\u00eb.<\/span><\/p>\n<p><span style=\"color: #000000;\">Ai shtoi se forcat e armatosura t\u00eb Serbis\u00eb jan\u00eb n\u00eb gjendje gatishm\u00ebrie.<\/span><\/p>\n<p><span style=\"color: #000000;\">Autoritetet serbe kan\u00eb vendosur q\u00eb forcat e tyre t\u00eb armatosura t\u00eb mbeten n\u00eb nivelin m\u00eb t\u00eb lart\u00eb t\u00eb gatishm\u00ebris\u00eb deri n\u00eb nj\u00eb njoftim t\u00eb radh\u00ebs, p\u00ebr shkak t\u00eb situat\u00ebs n\u00eb veri t\u00eb Kosov\u00ebs.<\/span><\/p>\n<p><span style=\"color: #000000;\">M\u00eb 29 maj, grupe t\u00eb serb\u00ebve lokal\u00eb po protestojn\u00eb n\u00eb veri, duke kund\u00ebrshtuar kryetar\u00ebt e rinj shqiptar\u00eb t\u00eb Leposaviqit, Zubin Potokut dhe Zve\u00e7anit.<\/span><\/p>\n<p><span style=\"color: #000000;\">P\u00ebrve\u00e7 pjes\u00ebtar\u00ebve t\u00eb Policis\u00eb s\u00eb Kosov\u00ebs, n\u00eb veri ka prezenc\u00eb t\u00eb shtuar t\u00eb pjes\u00ebtar\u00ebve t\u00eb misionit t\u00eb NATO-s n\u00eb Kosov\u00eb, KFOR.<\/span><\/p>\n","protected":false,"gt_translate_keys":[{"key":"rendered","format":"html"}]},"excerpt":{"rendered":"<p>Ministri i Pun\u00ebve t\u00eb Jashtme i Serbis\u00eb, Ivica Da\u00e7i\u00e7, tha se detyr\u00eb e KFOR-it \u00ebsht\u00eb \u201ct\u2019i pamund\u00ebsoj\u00eb aktet e nj\u00ebanshme t\u00eb Prishtin\u00ebs\u201d, e \u201cjo t\u2019i pengoj\u00eb punonj\u00ebsit t\u00eb hyjn\u00eb n\u00eb nd\u00ebrtesat [komunale]\u201d. \u201cTani po i ruajn\u00eb kryetar\u00ebt me pretekstin e ruajtjes s\u00eb paqes. Duket se po i ruajn\u00eb nga pronar\u00ebt e objekteve, serb\u00ebt, nga ata [&hellip;]<\/p>\n","protected":false,"gt_translate_keys":[{"key":"rendered","format":"html"}]},"author":32,"featured_media":571298,"comment_status":"closed","ping_status":"closed","sticky":false,"template":"","format":"standard","meta":{"footnotes":""},"categories":[149,13],"tags":[],"class_list":["post-598659","post","type-post","status-publish","format-standard","has-post-thumbnail","hentry","category-kosoverajon","category-te-fundit"],"gt_translate_keys":[{"key":"link","format":"url"}],"_links":{"self":[{"href":"https:\/\/www.hashtag.al\/index.php\/wp-json\/wp\/v2\/posts\/598659","targetHints":{"allow":["GET"]}}],"collection":[{"href":"https:\/\/www.hashtag.al\/index.php\/wp-json\/wp\/v2\/posts"}],"about":[{"href":"https:\/\/www.hashtag.al\/index.php\/wp-json\/wp\/v2\/types\/post"}],"author":[{"embeddable":true,"href":"https:\/\/www.hashtag.al\/index.php\/wp-json\/wp\/v2\/users\/32"}],"replies":[{"embeddable":true,"href":"https:\/\/www.hashtag.al\/index.php\/wp-json\/wp\/v2\/comments?post=598659"}],"version-history":[{"count":0,"href":"https:\/\/www.hashtag.al\/index.php\/wp-json\/wp\/v2\/posts\/598659\/revisions"}],"wp:featuredmedia":[{"embeddable":true,"href":"https:\/\/www.hashtag.al\/index.php\/wp-json\/wp\/v2\/media\/571298"}],"wp:attachment":[{"href":"https:\/\/www.hashtag.al\/index.php\/wp-json\/wp\/v2\/media?parent=598659"}],"wp:term":[{"taxonomy":"category","embeddable":true,"href":"https:\/\/www.hashtag.al\/index.php\/wp-json\/wp\/v2\/categories?post=598659"},{"taxonomy":"post_tag","embeddable":true,"href":"https:\/\/www.hashtag.al\/index.php\/wp-json\/wp\/v2\/tags?post=598659"}],"curies":[{"name":"wp","href":"https:\/\/api.w.org\/{rel}","templated":true}]}}