{"id":598652,"date":"2023-05-29T08:24:42","date_gmt":"2023-05-29T06:24:42","guid":{"rendered":"https:\/\/www.hashtag.al\/?p=598652"},"modified":"2023-05-29T08:24:42","modified_gmt":"2023-05-29T06:24:42","slug":"eksporti-i-zarzavateve-ne-vendnumero-sezoni-i-mbare-nuk-stimuloi-prodhimin-ne-4-mujorin-e-pare","status":"publish","type":"post","link":"https:\/\/www.hashtag.al\/index.php\/2023\/05\/29\/eksporti-i-zarzavateve-ne-vendnumero-sezoni-i-mbare-nuk-stimuloi-prodhimin-ne-4-mujorin-e-pare\/","title":{"rendered":"Eksporti i zarzavateve n\u00eb vendnum\u00ebro, sezoni i mbar\u00eb nuk stimuloi prodhimin n\u00eb 4 mujorin e par\u00eb","gt_translate_keys":[{"key":"rendered","format":"text"}]},"content":{"rendered":"<p><span style=\"color: #000000;\"><a href=\"https:\/\/www.hashtag.al\/wp-content\/uploads\/2023\/02\/fruta-perime.png\"><img loading=\"lazy\" decoding=\"async\" class=\"aligncenter size-full wp-image-578531\" src=\"https:\/\/www.hashtag.al\/wp-content\/uploads\/2023\/02\/fruta-perime.png\" alt=\"\" width=\"1280\" height=\"720\" srcset=\"https:\/\/www.hashtag.al\/wp-content\/uploads\/2023\/02\/fruta-perime.png 1280w, https:\/\/www.hashtag.al\/wp-content\/uploads\/2023\/02\/fruta-perime-300x169.png 300w, https:\/\/www.hashtag.al\/wp-content\/uploads\/2023\/02\/fruta-perime-1024x576.png 1024w, https:\/\/www.hashtag.al\/wp-content\/uploads\/2023\/02\/fruta-perime-768x432.png 768w\" sizes=\"auto, (max-width: 1280px) 100vw, 1280px\" \/><\/a><\/span><\/p>\n<p><span style=\"color: #000000;\">Kushtet klimaterike e kan\u00eb favorizuar prodhimin bujq\u00ebsor k\u00ebt\u00eb sezon, sidomos n\u00eb sera.<\/span><\/p>\n<p><span style=\"color: #000000;\">Dimri i ngroht\u00eb mund\u00ebsoi prodhim pa nd\u00ebrprerje t\u00eb kastravecit, teksa domatja doli n\u00eb treg gati nj\u00eb muaj m\u00eb shpejt.<\/span><\/p>\n<p><span style=\"color: #000000;\">Por k\u00ebto favore nuk jan\u00eb shnd\u00ebrruar n\u00eb volume m\u00eb t\u00eb m\u00ebdha t\u00eb prodhimit dhe eksportit. T\u00eb dh\u00ebnat p\u00ebr tregtin\u00eb e jashtme n\u00eb 4-mujorin e par\u00eb t\u00eb vitit referojn\u00eb se eksportet e zarzavateve q\u00eb p\u00ebrfaq\u00ebsojn\u00eb prodhimin n\u00eb sera jan\u00eb rritur me vet\u00ebm 1 p\u00ebr qind n\u00eb sasi.<\/span><\/p>\n<p><span style=\"color: #000000;\">Eksportet e zarzavateve n\u00eb sasi, q\u00eb jan\u00eb edhe grupi m\u00eb i madh n\u00eb totalin e ushqimeve q\u00eb shiten jasht\u00eb vendit q\u00ebndruan n\u00eb vendnum\u00ebro. Ky grup p\u00ebsoi rritje t\u00eb shpejt\u00eb gjat\u00eb dekad\u00ebs s\u00eb fundit, i nxitur nga investimet n\u00eb zinxhir\u00ebt e furnizimit dhe nga zgjerimi i sip\u00ebrfaqes s\u00eb serave.<\/span><\/p>\n<p><span style=\"color: #000000;\">Pjesa m\u00eb e madhe e eksporteve t\u00eb zarzavateve p\u00ebrfaq\u00ebsohet nga domatja, e cila k\u00ebt\u00eb vit po prezantohet edhe n\u00eb tregjet italiane. Prodhuesit n\u00eb bashkin\u00eb e Dimalit nj\u00eb nga zonat me densitetin m\u00eb t\u00eb madh te serave n\u00eb vend pohuan se prodhimi p\u00ebr ata q\u00eb kan\u00eb mbjell\u00eb ka qen\u00eb i mbar\u00eb k\u00ebt\u00eb vit, por investimet jan\u00eb reduktuar dy vitet e fundit nga rritja e kostove t\u00eb inputeve, rritja e barr\u00ebs fiskale dhe shpopullimi i fshatit.<\/span><\/p>\n<p><span style=\"color: #000000;\">Megjith\u00ebse k\u00ebrkesa dhe \u00e7mimet e importit jan\u00eb rritur dy vitet e fundit duke zgjeruar mund\u00ebsit\u00eb p\u00ebr rritjen e t\u00eb ardhurave, kjo nuk e ka nxitur rritjen e eksportit n\u00eb sasi. N\u00eb 4-mujorin e par\u00eb eksportet e zarzavateve arrit\u00ebn vler\u00ebn e 33 milion\u00eb euro me nj\u00eb rritje 17 p\u00ebr qind si pasoj\u00eb e \u00e7mimeve m\u00eb t\u00eb larta n\u00eb tregjet e eksportit. Por fermer\u00ebt n\u00eb zonat prodhuese pohojn\u00eb se ata nuk po fitojn\u00eb nga rritja e \u00e7mimeve n\u00eb tregjet nd\u00ebrkomb\u00ebtare.<\/span><\/p>\n<p><span style=\"color: #000000;\">Nj\u00eb kilogram domate e prodhuar nga fermer\u00ebt n\u00eb sera shitet tek eksportuesit me 70 lek\u00eb p\u00ebr kilogram p\u00ebr cil\u00ebsin\u00eb m\u00eb t\u00eb mir\u00eb, nd\u00ebrsa sipas kategorive \u00e7mimet jan\u00eb p\u00ebr 40-70 lek\u00eb p\u00ebr kilogram.<\/span><\/p>\n<p><span style=\"color: #000000;\">Fermer\u00ebt pohojn\u00eb se nga \u00e7mimet m\u00eb t\u00eb larta n\u00eb tregjet nd\u00ebrkomb\u00ebtare po p\u00ebrfitojn\u00eb m\u00eb shum\u00eb eksportuesit se sa prodhuesit nj\u00eb problem i vjet\u00ebr ky.<\/span><\/p>\n<p><span style=\"color: #000000;\">Fermer\u00ebt shqiptare, sidomos prodhuesit, ndryshe nga Rajoni dhe Europa, mbajn\u00eb t\u00eb gjith\u00eb humbjet q\u00eb vijn\u00eb nga luhatjet e tregjeve. N\u00eb Shqip\u00ebri mungojn\u00eb mekanizmat e mb\u00ebshtetjes p\u00ebr bujq\u00ebsin\u00eb dhe sidomos p\u00ebr prodhuesit, t\u00eb cil\u00ebt jan\u00eb t\u00eb ekspozuar totalisht ndaj kushteve t\u00eb motit, rritjes s\u00eb \u00e7mimeve t\u00eb l\u00ebnd\u00ebve t\u00eb para dhe k\u00ebrkesave nga tregu.<\/span><\/p>\n<p><span style=\"color: #000000;\">N\u00eb Europ\u00eb dhe vendet n\u00eb zhvillim prodhuesit bujq\u00ebsor\u00eb jan\u00eb t\u00eb mbrojtur nga prirjet dhe ndryshimet n\u00eb tregje, p\u00ebr shkak t\u00eb v\u00ebshtir\u00ebsive q\u00eb p\u00ebrballen dhe r\u00ebnd\u00ebsis\u00eb q\u00eb ka puna e tyre dhe produktet q\u00eb nxjerrin p\u00ebr shoq\u00ebrin\u00eb.<\/span><\/p>\n<p><span style=\"color: #000000;\"><span style=\"color: #ff0000;\"><strong>VINI RE<\/strong>:<\/span> Artikulli \u00ebsht\u00eb pron\u00eb intelektuale e <a href=\"https:\/\/www.monitor.al\/4-mujori-eksporti-i-zarzavateve-ne-vendnumero-sezoni-i-mbare-nuk-stimuloi-prodhimin\/\"><span style=\"color: #3366ff;\"><strong>Revista Monitor<\/strong><\/span><\/a><\/span><\/p>\n","protected":false,"gt_translate_keys":[{"key":"rendered","format":"html"}]},"excerpt":{"rendered":"<p>Kushtet klimaterike e kan\u00eb favorizuar prodhimin bujq\u00ebsor k\u00ebt\u00eb sezon, sidomos n\u00eb sera. Dimri i ngroht\u00eb mund\u00ebsoi prodhim pa nd\u00ebrprerje t\u00eb kastravecit, teksa domatja doli n\u00eb treg gati nj\u00eb muaj m\u00eb shpejt. Por k\u00ebto favore nuk jan\u00eb shnd\u00ebrruar n\u00eb volume m\u00eb t\u00eb m\u00ebdha t\u00eb prodhimit dhe eksportit. T\u00eb dh\u00ebnat p\u00ebr tregtin\u00eb e jashtme n\u00eb 4-mujorin e [&hellip;]<\/p>\n","protected":false,"gt_translate_keys":[{"key":"rendered","format":"html"}]},"author":32,"featured_media":578531,"comment_status":"closed","ping_status":"closed","sticky":false,"template":"","format":"standard","meta":{"footnotes":""},"categories":[65,13],"tags":[],"class_list":["post-598652","post","type-post","status-publish","format-standard","has-post-thumbnail","hentry","category-lajme","category-te-fundit"],"gt_translate_keys":[{"key":"link","format":"url"}],"_links":{"self":[{"href":"https:\/\/www.hashtag.al\/index.php\/wp-json\/wp\/v2\/posts\/598652","targetHints":{"allow":["GET"]}}],"collection":[{"href":"https:\/\/www.hashtag.al\/index.php\/wp-json\/wp\/v2\/posts"}],"about":[{"href":"https:\/\/www.hashtag.al\/index.php\/wp-json\/wp\/v2\/types\/post"}],"author":[{"embeddable":true,"href":"https:\/\/www.hashtag.al\/index.php\/wp-json\/wp\/v2\/users\/32"}],"replies":[{"embeddable":true,"href":"https:\/\/www.hashtag.al\/index.php\/wp-json\/wp\/v2\/comments?post=598652"}],"version-history":[{"count":0,"href":"https:\/\/www.hashtag.al\/index.php\/wp-json\/wp\/v2\/posts\/598652\/revisions"}],"wp:featuredmedia":[{"embeddable":true,"href":"https:\/\/www.hashtag.al\/index.php\/wp-json\/wp\/v2\/media\/578531"}],"wp:attachment":[{"href":"https:\/\/www.hashtag.al\/index.php\/wp-json\/wp\/v2\/media?parent=598652"}],"wp:term":[{"taxonomy":"category","embeddable":true,"href":"https:\/\/www.hashtag.al\/index.php\/wp-json\/wp\/v2\/categories?post=598652"},{"taxonomy":"post_tag","embeddable":true,"href":"https:\/\/www.hashtag.al\/index.php\/wp-json\/wp\/v2\/tags?post=598652"}],"curies":[{"name":"wp","href":"https:\/\/api.w.org\/{rel}","templated":true}]}}