{"id":598619,"date":"2023-05-28T20:06:17","date_gmt":"2023-05-28T18:06:17","guid":{"rendered":"https:\/\/www.hashtag.al\/?p=598619"},"modified":"2023-05-28T20:06:17","modified_gmt":"2023-05-28T18:06:17","slug":"erdogan-shpall-fitoren-tashme-i-hapet-dera-shekullit-te-turqise","status":"publish","type":"post","link":"https:\/\/www.hashtag.al\/index.php\/2023\/05\/28\/erdogan-shpall-fitoren-tashme-i-hapet-dera-shekullit-te-turqise\/","title":{"rendered":"Erdogan shpall fitoren: Tashm\u00eb i hapet dera \u201cShekullit t\u00eb Turqis\u00eb\u201d","gt_translate_keys":[{"key":"rendered","format":"text"}]},"content":{"rendered":"<p><span style=\"color: #000000;\"><a style=\"color: #000000;\" href=\"https:\/\/www.hashtag.al\/wp-content\/uploads\/2023\/05\/erdogan-shpall-fitoren.png\"><img loading=\"lazy\" decoding=\"async\" class=\"aligncenter size-full wp-image-598620\" src=\"https:\/\/www.hashtag.al\/wp-content\/uploads\/2023\/05\/erdogan-shpall-fitoren.png\" alt=\"\" width=\"664\" height=\"374\" srcset=\"https:\/\/www.hashtag.al\/wp-content\/uploads\/2023\/05\/erdogan-shpall-fitoren.png 664w, https:\/\/www.hashtag.al\/wp-content\/uploads\/2023\/05\/erdogan-shpall-fitoren-300x169.png 300w\" sizes=\"auto, (max-width: 664px) 100vw, 664px\" \/><\/a><\/span><\/p>\n<p><span style=\"color: #000000;\">Recep Tayyip Erdogan, ka shpallur fitoren n\u00eb raundin e dyt\u00eb t\u00eb zgjedhjeve presidenciale. Duke iu drejtuar mb\u00ebshtet\u00ebsve t\u00eb tij n\u00eb Stamboll t\u00eb diel\u00ebn, Erdogan tha se Turqia \u00ebsht\u00eb fituesja e vetme, duke shtuar se t\u00eb gjith\u00eb 85 milion\u00eb qytetar\u00ebt e vendit kan\u00eb fituar.<\/span><\/p>\n<p><span style=\"color: #000000;\">Me k\u00ebt\u00eb fitore \u00ebsht\u00eb hapur dera e \u201cShekullit t\u00eb Turqis\u00eb\u201d, theksoi ai.<\/span><\/p>\n<p><span style=\"color: #000000;\">Fjalimi i tij erdhi pasi rezultatet paraprake treguan se ai kryeson me 52.12 p\u00ebr qind t\u00eb votave me 98.2 p\u00ebr qind t\u00eb votave t\u00eb num\u00ebruara. Kandidati i opozit\u00ebs Kemal Kilicdaroglu mori 47.88 p\u00ebr qind t\u00eb votave.<\/span><\/p>\n<p><span style=\"color: #000000;\">&#8220;Vullneti juaj \u00ebsht\u00eb b\u00ebr\u00eb fuqia e pal\u00ebkundur dhe e pathyeshme e Turqis\u00eb n\u00eb kutin\u00eb e votimit,&#8221; shtoi Erdogan.<\/span><\/p>\n<p><span style=\"color: #000000;\">M\u00eb shum\u00eb se 60 milion\u00eb njer\u00ebz u regjistruan p\u00ebr t\u00eb votuar, p\u00ebrfshir\u00eb 4.9 milion\u00eb votues p\u00ebr her\u00eb t\u00eb par\u00eb.<\/span><\/p>\n","protected":false,"gt_translate_keys":[{"key":"rendered","format":"html"}]},"excerpt":{"rendered":"<p>Recep Tayyip Erdogan, ka shpallur fitoren n\u00eb raundin e dyt\u00eb t\u00eb zgjedhjeve presidenciale. Duke iu drejtuar mb\u00ebshtet\u00ebsve t\u00eb tij n\u00eb Stamboll t\u00eb diel\u00ebn, Erdogan tha se Turqia \u00ebsht\u00eb fituesja e vetme, duke shtuar se t\u00eb gjith\u00eb 85 milion\u00eb qytetar\u00ebt e vendit kan\u00eb fituar. Me k\u00ebt\u00eb fitore \u00ebsht\u00eb hapur dera e \u201cShekullit t\u00eb Turqis\u00eb\u201d, theksoi ai. [&hellip;]<\/p>\n","protected":false,"gt_translate_keys":[{"key":"rendered","format":"html"}]},"author":32,"featured_media":598620,"comment_status":"closed","ping_status":"closed","sticky":false,"template":"","format":"standard","meta":{"footnotes":""},"categories":[6,13],"tags":[],"class_list":["post-598619","post","type-post","status-publish","format-standard","has-post-thumbnail","hentry","category-nderkombetare","category-te-fundit"],"gt_translate_keys":[{"key":"link","format":"url"}],"_links":{"self":[{"href":"https:\/\/www.hashtag.al\/index.php\/wp-json\/wp\/v2\/posts\/598619","targetHints":{"allow":["GET"]}}],"collection":[{"href":"https:\/\/www.hashtag.al\/index.php\/wp-json\/wp\/v2\/posts"}],"about":[{"href":"https:\/\/www.hashtag.al\/index.php\/wp-json\/wp\/v2\/types\/post"}],"author":[{"embeddable":true,"href":"https:\/\/www.hashtag.al\/index.php\/wp-json\/wp\/v2\/users\/32"}],"replies":[{"embeddable":true,"href":"https:\/\/www.hashtag.al\/index.php\/wp-json\/wp\/v2\/comments?post=598619"}],"version-history":[{"count":0,"href":"https:\/\/www.hashtag.al\/index.php\/wp-json\/wp\/v2\/posts\/598619\/revisions"}],"wp:featuredmedia":[{"embeddable":true,"href":"https:\/\/www.hashtag.al\/index.php\/wp-json\/wp\/v2\/media\/598620"}],"wp:attachment":[{"href":"https:\/\/www.hashtag.al\/index.php\/wp-json\/wp\/v2\/media?parent=598619"}],"wp:term":[{"taxonomy":"category","embeddable":true,"href":"https:\/\/www.hashtag.al\/index.php\/wp-json\/wp\/v2\/categories?post=598619"},{"taxonomy":"post_tag","embeddable":true,"href":"https:\/\/www.hashtag.al\/index.php\/wp-json\/wp\/v2\/tags?post=598619"}],"curies":[{"name":"wp","href":"https:\/\/api.w.org\/{rel}","templated":true}]}}