{"id":598517,"date":"2023-05-28T09:11:24","date_gmt":"2023-05-28T07:11:24","guid":{"rendered":"https:\/\/www.hashtag.al\/?p=598517"},"modified":"2023-05-28T09:11:24","modified_gmt":"2023-05-28T07:11:24","slug":"mbahet-sot-gara-nderkombetare-e-tiranathlon-bllokohen-disa-akse-rrugore-ndryshon-qarkullimi-i-mjeteve","status":"publish","type":"post","link":"https:\/\/www.hashtag.al\/index.php\/2023\/05\/28\/mbahet-sot-gara-nderkombetare-e-tiranathlon-bllokohen-disa-akse-rrugore-ndryshon-qarkullimi-i-mjeteve\/","title":{"rendered":"Mbahet sot gara nd\u00ebrkomb\u00ebtare e \u201cTiranathlon\u201d, bllokohen disa akse rrugore, ndryshon qarkullimi i mjeteve","gt_translate_keys":[{"key":"rendered","format":"text"}]},"content":{"rendered":"<p><span style=\"color: #000000;\"><a href=\"https:\/\/www.hashtag.al\/wp-content\/uploads\/2023\/05\/marathona-1.jpeg\"><img loading=\"lazy\" decoding=\"async\" class=\"aligncenter size-full wp-image-598518\" src=\"https:\/\/www.hashtag.al\/wp-content\/uploads\/2023\/05\/marathona-1.jpeg\" alt=\"\" width=\"1200\" height=\"630\" srcset=\"https:\/\/www.hashtag.al\/wp-content\/uploads\/2023\/05\/marathona-1.jpeg 1200w, https:\/\/www.hashtag.al\/wp-content\/uploads\/2023\/05\/marathona-1-300x158.jpeg 300w, https:\/\/www.hashtag.al\/wp-content\/uploads\/2023\/05\/marathona-1-1024x538.jpeg 1024w, https:\/\/www.hashtag.al\/wp-content\/uploads\/2023\/05\/marathona-1-768x403.jpeg 768w\" sizes=\"auto, (max-width: 1200px) 100vw, 1200px\" \/><\/a><\/span><\/p>\n<p><span style=\"color: #000000;\">\u00a0\u2018Tiranathlon\u2019 rikthehet k\u00ebt\u00eb t\u00eb diel p\u00ebr t\u00eb tretin vit radhazi, pas dy eventeve t\u00eb m\u00ebparshme shum\u00eb t\u00eb suksesshme.<\/span><\/p>\n<p><span style=\"color: #000000;\">\u00a0Ky event i madh sportiv, q\u00eb p\u00ebrkon edhe me titullin Tirana Qyteti Europian i Sportit, bashkon tre disiplinat m\u00eb t\u00eb njohura dhe t\u00eb praktikuara n\u00eb nj\u00eb gar\u00eb t\u00eb vetme: not, \u00e7ikliz\u00ebm dhe vrap.<\/span><\/p>\n<p><span style=\"color: #000000;\">Me q\u00ebllim, mbar\u00ebvajtjen dhe organizimin e aktivitetit sportiv \u201cTiranathlon\u201d n\u00eb Parkun Helen pran\u00eb Liqenit t\u00eb Fark\u00ebs, Bashkia e Tiran\u00ebs, n\u00eb bashk\u00ebpunim dhe me Ambasad\u00ebn Greke dhe Policin\u00eb e Shtetit, ka hartuar nj\u00eb plan masash p\u00ebr organizimin e l\u00ebvizjes s\u00eb automjeteve gjat\u00eb zhvillimit t\u00eb gar\u00ebs.<\/span><\/p>\n<p><span style=\"color: #000000;\">Bashkia e Tiran\u00ebs informon qytetar\u00ebt p\u00ebr kufizimin e qarkullimit t\u00eb automjeteve dit\u00ebn e Diel, dat\u00eb 28.05.2023, nga ora 08:00 deri n\u00eb or\u00ebn 12:00, sipas segmenteve rrugore si m\u00eb posht\u00eb:<\/span><\/p>\n<p>&nbsp;<\/p>\n<p><span style=\"color: #000000;\">1.Ndalimin e qarkullimit t\u00eb automjeteve n\u00eb kuad\u00ebr t\u00eb mbar\u00ebvajtjes dhe organizimit t\u00eb aktivitetit sportiv \u201cTiranathlon\u201d, n\u00eb parkun Helen pran\u00eb Liqenit t\u00eb Fark\u00ebs, dit\u00ebn e Diel, dat\u00eb 28.05.2023, nga ora 08:00 deri n\u00eb or\u00ebn 12:00, sipas segmenteve rrugore si m\u00eb posht\u00eb:<\/span><\/p>\n<p><span style=\"color: #000000;\">\u2013 Rruga e \u201cTuneleve\u201d, (duke filluar nga kryq\u00ebzimi rruga \u201cTuneleve\u201d me rrug\u00ebn \u201cDaxhit\u201d deri te kryq\u00ebzimi rruga \u201cTuneleve\u201d me rrug\u00ebn \u201cPanorama e Liqenit),<\/span><\/p>\n<p><span style=\"color: #000000;\">\u2013 Rruga \u201cDaxhit\u201d, (duke filluar nga kryq\u00ebzimi rruga \u201cDaxhit\u201d me rrug\u00ebn \u201cShaqir Palushi\u201d, deri tek kryq\u00ebzimi rruga \u201cDaxhit\u201d me rrug\u00ebn e \u201cVrap\u00ebve\u201d),<\/span><\/p>\n<p><span style=\"color: #000000;\">\u2013 Rruga \u201cDiga e Liqenit\u201d,(duke filluar nga kryq\u00ebzimi rruga \u201cPanorama e Liqenit\u201d me rrug\u00ebn \u201cDiga e Liqenit\u201d, deri tek kryq\u00ebzimi rruga \u201cDaxhit\u201d me rrug\u00ebn \u201cDiga e Liqenit\u201d),<\/span><\/p>\n<p><span style=\"color: #000000;\">\u2013 Rruga \u201cPanorama e Liqenit\u201d, (duke filluar nga kryq\u00ebzimi rruga \u201cTuneleve\u201d me rrug\u00ebn \u201cPanorama e Liqenit\u201d, deri tek kryq\u00ebzimi rruga \u201cPanorama e Liqenit\u201d me rrug\u00ebn \u201cDiga e Liqenit\u201d).<\/span><\/p>\n<p><span style=\"color: #000000;\">\u2013 Rruga interurbane kryesore (TEG \u2013 Ura Shkoz\u00eb)<\/span><\/p>\n<p><span style=\"color: #000000;\">\u2013 Blv Zhan D\u2019Ark, Blv Gjergj Fishta, Blv Bajram Curri (segmenti nga ura Shkoz\u00eb \u2013 pallati me shigjeta).<\/span><\/p>\n<p><span style=\"color: #000000;\">2.Itinerari i l\u00ebvizjes s\u00eb mjeteve t\u00eb linjave urbane do t\u00eb devijohet si m\u00eb posht\u00eb:<\/span><\/p>\n<p><span style=\"color: #000000;\">3.Linja Nr. 1\/A \u201cSelit\u00eb \u2013 Kristal \u2013 Qend\u00ebr \u2013 Stacioni i Trenit \u2013 Allias\u201d dhe 1\/B \u201cKodra e Diellit 2 \u2013 Kristal \u2013 Qend\u00ebr \u2013 Stacioni i Trenit \u2013 Allias\u201d devijon n\u00eb nj\u00ebrin drejtim n\u00eb \u201csheshin \u00cbiIIson\u201d tjetri n\u00eb qend\u00ebr.<\/span><\/p>\n<p><span style=\"color: #000000;\">4.Linja Nr. 2 \u201cTEG \u2013 Sauk i Vjet\u00ebr \u2013 Kopshti Zoologjik \u2013 Ish Stacioni i Trenit\u201d devijon te sheshi \u201cWillson\u201d.<\/span><\/p>\n<p><span style=\"color: #000000;\">5.Nr. 5 \/A \u201cIsh Kombinati i Autotraktor\u00ebve \u2013 Qend\u00ebr\u2019 pezullohet p\u00ebrkoh\u00ebsisht.<\/span><\/p>\n<p><span style=\"color: #000000;\">6.Nr. 8 \u201cIsh Stacioni i Trenit \u2013 Qend\u00ebr \u2013 Sauk i Ri\/ Sauk i Vjet\u00ebr\/ Sanatorium \u2013 TEG devijon te rrethrotullimi \u201cEkonomikut\u201d.<\/span><\/p>\n<p><span style=\"color: #000000;\">7.Linja Nr. 9 \u201cQyteti Studenti \u2013 Jordan Misja\u201d devijon n\u00eb qend\u00ebr.<\/span><\/p>\n<p><span style=\"color: #000000;\">8.Linja Nr. 10\/A \u201cMaterniteti i Ri \u2013 Qend\u00ebr \u2013 Ish Fusha e Aviacionit\u201d pezullohet p\u00ebrkoh\u00ebsisht.<\/span><\/p>\n<p><span style=\"color: #000000;\">9.Linja Nr. 13 \u201cTirana e Re\u201d devijon te rrethrrotullimi i \u201cFabrik\u00ebs s\u00eb buk\u00ebs\u201d dhe ne qend\u00ebr.<\/span><\/p>\n<p><span style=\"color: #000000;\">10.Linja Nr. 14 \u201cUnaza\u201d pezullohet p\u00ebrkoh\u00ebsisht.<\/span><\/p>\n<p><span style=\"color: #000000;\">11.Qarkullimi i mjeteve t\u00eb emergjenc\u00ebs dhe Policis\u00eb s\u00eb Shtetit do t\u00eb vazhdoj\u00eb normalisht n\u00eb t\u00eb gjith\u00eb itineraret e m\u00ebsip\u00ebrm.<\/span><\/p>\n","protected":false,"gt_translate_keys":[{"key":"rendered","format":"html"}]},"excerpt":{"rendered":"<p>\u00a0\u2018Tiranathlon\u2019 rikthehet k\u00ebt\u00eb t\u00eb diel p\u00ebr t\u00eb tretin vit radhazi, pas dy eventeve t\u00eb m\u00ebparshme shum\u00eb t\u00eb suksesshme. \u00a0Ky event i madh sportiv, q\u00eb p\u00ebrkon edhe me titullin Tirana Qyteti Europian i Sportit, bashkon tre disiplinat m\u00eb t\u00eb njohura dhe t\u00eb praktikuara n\u00eb nj\u00eb gar\u00eb t\u00eb vetme: not, \u00e7ikliz\u00ebm dhe vrap. Me q\u00ebllim, mbar\u00ebvajtjen dhe [&hellip;]<\/p>\n","protected":false,"gt_translate_keys":[{"key":"rendered","format":"html"}]},"author":30,"featured_media":598518,"comment_status":"closed","ping_status":"closed","sticky":false,"template":"","format":"standard","meta":{"footnotes":""},"categories":[65],"tags":[],"class_list":["post-598517","post","type-post","status-publish","format-standard","has-post-thumbnail","hentry","category-lajme"],"gt_translate_keys":[{"key":"link","format":"url"}],"_links":{"self":[{"href":"https:\/\/www.hashtag.al\/index.php\/wp-json\/wp\/v2\/posts\/598517","targetHints":{"allow":["GET"]}}],"collection":[{"href":"https:\/\/www.hashtag.al\/index.php\/wp-json\/wp\/v2\/posts"}],"about":[{"href":"https:\/\/www.hashtag.al\/index.php\/wp-json\/wp\/v2\/types\/post"}],"author":[{"embeddable":true,"href":"https:\/\/www.hashtag.al\/index.php\/wp-json\/wp\/v2\/users\/30"}],"replies":[{"embeddable":true,"href":"https:\/\/www.hashtag.al\/index.php\/wp-json\/wp\/v2\/comments?post=598517"}],"version-history":[{"count":0,"href":"https:\/\/www.hashtag.al\/index.php\/wp-json\/wp\/v2\/posts\/598517\/revisions"}],"wp:featuredmedia":[{"embeddable":true,"href":"https:\/\/www.hashtag.al\/index.php\/wp-json\/wp\/v2\/media\/598518"}],"wp:attachment":[{"href":"https:\/\/www.hashtag.al\/index.php\/wp-json\/wp\/v2\/media?parent=598517"}],"wp:term":[{"taxonomy":"category","embeddable":true,"href":"https:\/\/www.hashtag.al\/index.php\/wp-json\/wp\/v2\/categories?post=598517"},{"taxonomy":"post_tag","embeddable":true,"href":"https:\/\/www.hashtag.al\/index.php\/wp-json\/wp\/v2\/tags?post=598517"}],"curies":[{"name":"wp","href":"https:\/\/api.w.org\/{rel}","templated":true}]}}