{"id":598397,"date":"2023-05-27T13:10:39","date_gmt":"2023-05-27T11:10:39","guid":{"rendered":"https:\/\/www.hashtag.al\/?p=598397"},"modified":"2023-05-27T13:10:39","modified_gmt":"2023-05-27T11:10:39","slug":"turqia-do-te-mbaje-balotazhin-te-dielen-per-te-zgjedhur-presidentin","status":"publish","type":"post","link":"https:\/\/www.hashtag.al\/index.php\/2023\/05\/27\/turqia-do-te-mbaje-balotazhin-te-dielen-per-te-zgjedhur-presidentin\/","title":{"rendered":"Turqia do t\u00eb mbaj\u00eb balotazhin t\u00eb diel\u00ebn p\u00ebr t\u00eb zgjedhur presidentin","gt_translate_keys":[{"key":"rendered","format":"text"}]},"content":{"rendered":"<p><a href=\"https:\/\/www.hashtag.al\/wp-content\/uploads\/2023\/05\/Screenshot-2023-05-27-130125.png\"><img loading=\"lazy\" decoding=\"async\" class=\"aligncenter size-full wp-image-598398\" src=\"https:\/\/www.hashtag.al\/wp-content\/uploads\/2023\/05\/Screenshot-2023-05-27-130125.png\" alt=\"\" width=\"1138\" height=\"626\" srcset=\"https:\/\/www.hashtag.al\/wp-content\/uploads\/2023\/05\/Screenshot-2023-05-27-130125.png 1138w, https:\/\/www.hashtag.al\/wp-content\/uploads\/2023\/05\/Screenshot-2023-05-27-130125-300x165.png 300w, https:\/\/www.hashtag.al\/wp-content\/uploads\/2023\/05\/Screenshot-2023-05-27-130125-1024x563.png 1024w, https:\/\/www.hashtag.al\/wp-content\/uploads\/2023\/05\/Screenshot-2023-05-27-130125-768x422.png 768w\" sizes=\"auto, (max-width: 1138px) 100vw, 1138px\" \/><\/a><\/p>\n<p>&nbsp;<\/p>\n<p><span style=\"color: #000000;\">Turqia po shkon n\u00eb balotazh t\u00eb diel\u00ebn p\u00ebr t\u00eb zgjedhur presidentin pasi asnj\u00eb kandidat nuk arriti t\u00eb arrij\u00eb pragun e 50% n\u00eb raundin e par\u00eb t\u00eb mbajtur m\u00eb 14 maj.<\/span><\/p>\n<p><span style=\"color: #000000;\">Votimi do t\u00eb filloj\u00eb t\u00eb diel\u00ebn n\u00eb or\u00ebn 8 t\u00eb m\u00ebngjesit me or\u00ebn lokale (0500 GMT) dhe do t\u00eb p\u00ebrfundoj\u00eb n\u00eb or\u00ebn 17:00. koha lokale (1400 GMT).<\/span><\/p>\n<p><span style=\"color: #000000;\">M\u00eb shum\u00eb se 60 milion\u00eb njer\u00ebz jan\u00eb regjistruar p\u00ebr t\u00eb votuar, duke p\u00ebrfshir\u00eb 4.9 milion\u00eb votues p\u00ebr her\u00eb t\u00eb par\u00eb, sipas <span style=\"color: #0000ff;\"><a style=\"color: #0000ff;\" href=\"https:\/\/www.aa.com.tr\/en\/politics\/turkiye-to-hold-runoff-vote-on-sunday-to-elect-president\/2906984\">AA.<\/a><\/span><\/span><\/p>\n<p><span style=\"color: #000000;\">Gjithsej 191.885 kuti votimi jan\u00eb ngritur p\u00ebr votuesit n\u00eb vend.<\/span><\/p>\n<p><span style=\"color: #000000;\">Sipas K\u00ebshillit t\u00eb Lart\u00eb Zgjedhor t\u00eb Turqis\u00eb, m\u00eb shum\u00eb se 1,89 milion\u00eb njer\u00ebz \u2013 1,895,430 \u2013 kan\u00eb votuar tashm\u00eb n\u00eb misionet e huaja dhe portat doganore t\u00eb Turqis\u00eb q\u00eb nga ora 10 e m\u00ebngjesit me or\u00ebn lokale (0700 GMT) t\u00eb enjten.<\/span><\/p>\n<p><span style=\"color: #000000;\">Votimi n\u00eb p\u00ebrfaq\u00ebsit\u00eb diplomatike p\u00ebrfundoi t\u00eb m\u00ebrkur\u00ebn, nd\u00ebrsa votimi do t\u00eb vazhdoj\u00eb n\u00eb portat doganore deri n\u00eb or\u00ebn 17:00. koha lokale (1400 GMT) t\u00eb diel\u00ebn.<\/span><\/p>\n<p><span style=\"color: #000000;\">N\u00eb zgjedhjet e 14 majit, gjithsej 1,839,470 shtetas turq jasht\u00eb vendit dol\u00ebn n\u00eb kutit\u00eb e votimit p\u00ebr t\u00eb votuar si n\u00eb zgjedhjet presidenciale ashtu edhe n\u00eb ato parlamentare.<\/span><\/p>\n<p><span style=\"color: #000000;\">Ata q\u00eb nuk kan\u00eb mund\u00ebsi t\u00eb votojn\u00eb brenda koh\u00ebs s\u00eb caktuar n\u00eb vendin e tyre t\u00eb banimit do t\u00eb mund t\u00eb votojn\u00eb n\u00eb portat e doganave deri n\u00eb or\u00ebn 17:00. t\u00eb diel\u00ebn.<\/span><\/p>\n<p><span style=\"color: #000000;\">Presidenti Rexhep Tajip Erdogan u b\u00ebri thirrje t\u00eb shtun\u00ebn njer\u00ebzve q\u00eb t\u00eb dalin p\u00ebr t\u00eb votuar.<\/span><\/p>\n<p><span style=\"color: #000000;\"><em>\u201cNes\u00ebr, le t\u00eb shkojm\u00eb s\u00eb bashku n\u00eb zgjedhje p\u00ebr Fitoren e Turqis\u00eb s\u00eb Madhe. Vullnetin q\u00eb u manifestua n\u00eb Parlament m\u00eb 14 maj, le ta reflektojm\u00eb shum\u00eb m\u00eb fuqish\u00ebm k\u00ebsaj radhe n\u00eb Presidenc\u00eb\u201d,<\/em> tha Erdogan n\u00eb Twitter.<\/span><\/p>\n<p><span style=\"color: #000000;\">&#8220;Le ta fillojm\u00eb Shekullin e Turqis\u00eb me votat tona,&#8221; shtoi ai.<\/span><\/p>\n<p><span style=\"color: #000000;\">Miliona votues shkuan n\u00eb kutit\u00eb e votimit m\u00eb 14 maj p\u00ebr t\u00eb zgjedhur presidentin e vendit dhe an\u00ebtar\u00ebt e parlamentit t\u00eb tij prej 600 vendesh.<\/span><\/p>\n<p><span style=\"color: #000000;\">Aleanca Popullore e Erdoganit fitoi shumic\u00ebn n\u00eb parlament, nd\u00ebrsa gara presidenciale shkoi n\u00eb raundin e dyt\u00eb pasi asnj\u00eb kandidat nuk mori nj\u00eb shumic\u00eb t\u00eb thjesht\u00eb, ose m\u00eb shum\u00eb se 50% t\u00eb votave. Megjithat\u00eb, Erdogan kryeson me 49.52%.<\/span><\/p>\n<p><span style=\"color: #000000;\">Erdogan do t\u00eb p\u00ebrballet me Kemal Kilicdaroglu, kreun e opozit\u00ebs kryesore, Partin\u00eb Republikane Popullore (CHP) dhe kandidatin e p\u00ebrbashk\u00ebt p\u00ebr Aleanc\u00ebn Kombe prej gjasht\u00eb partish opozitare, n\u00eb votimin e balotazhit.<\/span><\/p>\n","protected":false,"gt_translate_keys":[{"key":"rendered","format":"html"}]},"excerpt":{"rendered":"<p>&nbsp; Turqia po shkon n\u00eb balotazh t\u00eb diel\u00ebn p\u00ebr t\u00eb zgjedhur presidentin pasi asnj\u00eb kandidat nuk arriti t\u00eb arrij\u00eb pragun e 50% n\u00eb raundin e par\u00eb t\u00eb mbajtur m\u00eb 14 maj. Votimi do t\u00eb filloj\u00eb t\u00eb diel\u00ebn n\u00eb or\u00ebn 8 t\u00eb m\u00ebngjesit me or\u00ebn lokale (0500 GMT) dhe do t\u00eb p\u00ebrfundoj\u00eb n\u00eb or\u00ebn 17:00. koha [&hellip;]<\/p>\n","protected":false,"gt_translate_keys":[{"key":"rendered","format":"html"}]},"author":30,"featured_media":598398,"comment_status":"closed","ping_status":"closed","sticky":false,"template":"","format":"standard","meta":{"footnotes":""},"categories":[6],"tags":[],"class_list":["post-598397","post","type-post","status-publish","format-standard","has-post-thumbnail","hentry","category-nderkombetare"],"gt_translate_keys":[{"key":"link","format":"url"}],"_links":{"self":[{"href":"https:\/\/www.hashtag.al\/index.php\/wp-json\/wp\/v2\/posts\/598397","targetHints":{"allow":["GET"]}}],"collection":[{"href":"https:\/\/www.hashtag.al\/index.php\/wp-json\/wp\/v2\/posts"}],"about":[{"href":"https:\/\/www.hashtag.al\/index.php\/wp-json\/wp\/v2\/types\/post"}],"author":[{"embeddable":true,"href":"https:\/\/www.hashtag.al\/index.php\/wp-json\/wp\/v2\/users\/30"}],"replies":[{"embeddable":true,"href":"https:\/\/www.hashtag.al\/index.php\/wp-json\/wp\/v2\/comments?post=598397"}],"version-history":[{"count":0,"href":"https:\/\/www.hashtag.al\/index.php\/wp-json\/wp\/v2\/posts\/598397\/revisions"}],"wp:featuredmedia":[{"embeddable":true,"href":"https:\/\/www.hashtag.al\/index.php\/wp-json\/wp\/v2\/media\/598398"}],"wp:attachment":[{"href":"https:\/\/www.hashtag.al\/index.php\/wp-json\/wp\/v2\/media?parent=598397"}],"wp:term":[{"taxonomy":"category","embeddable":true,"href":"https:\/\/www.hashtag.al\/index.php\/wp-json\/wp\/v2\/categories?post=598397"},{"taxonomy":"post_tag","embeddable":true,"href":"https:\/\/www.hashtag.al\/index.php\/wp-json\/wp\/v2\/tags?post=598397"}],"curies":[{"name":"wp","href":"https:\/\/api.w.org\/{rel}","templated":true}]}}