{"id":598254,"date":"2023-05-26T15:24:02","date_gmt":"2023-05-26T13:24:02","guid":{"rendered":"https:\/\/www.hashtag.al\/?p=598254"},"modified":"2023-05-26T15:24:02","modified_gmt":"2023-05-26T13:24:02","slug":"scholz-planifikon-bisedime-me-putin-ne-kohen-e-duhur","status":"publish","type":"post","link":"https:\/\/www.hashtag.al\/index.php\/2023\/05\/26\/scholz-planifikon-bisedime-me-putin-ne-kohen-e-duhur\/","title":{"rendered":"Scholz planifikon bisedime me Putin \u201cn\u00eb koh\u00ebn e duhur\u201d","gt_translate_keys":[{"key":"rendered","format":"text"}]},"content":{"rendered":"<p><span style=\"color: #000000;\"><a style=\"color: #000000;\" href=\"https:\/\/www.hashtag.al\/wp-content\/uploads\/2023\/05\/putin-scholz.jpg\"><img loading=\"lazy\" decoding=\"async\" class=\"aligncenter size-full wp-image-598255\" src=\"https:\/\/www.hashtag.al\/wp-content\/uploads\/2023\/05\/putin-scholz.jpg\" alt=\"\" width=\"2400\" height=\"1350\" srcset=\"https:\/\/www.hashtag.al\/wp-content\/uploads\/2023\/05\/putin-scholz.jpg 2400w, https:\/\/www.hashtag.al\/wp-content\/uploads\/2023\/05\/putin-scholz-300x169.jpg 300w, https:\/\/www.hashtag.al\/wp-content\/uploads\/2023\/05\/putin-scholz-1024x576.jpg 1024w, https:\/\/www.hashtag.al\/wp-content\/uploads\/2023\/05\/putin-scholz-768x432.jpg 768w, https:\/\/www.hashtag.al\/wp-content\/uploads\/2023\/05\/putin-scholz-1536x864.jpg 1536w, https:\/\/www.hashtag.al\/wp-content\/uploads\/2023\/05\/putin-scholz-2048x1152.jpg 2048w\" sizes=\"auto, (max-width: 2400px) 100vw, 2400px\" \/><\/a><\/span><\/p>\n<p><span style=\"color: #000000;\">Kancelari gjerman Olaf Scholz synon t\u00eb angazhohet n\u00eb nj\u00eb bised\u00eb me presidentin rus Vladimir Putin &#8220;n\u00eb koh\u00ebn e duhur&#8221;, duke sugjeruar mund\u00ebsin\u00eb e rivendosjes s\u00eb komunikimit pas nj\u00eb p\u00ebrkeq\u00ebsimi t\u00eb konsideruesh\u00ebm t\u00eb marr\u00ebdh\u00ebnieve mes dy vendeve q\u00eb nga fillimi i luft\u00ebs n\u00eb Ukrain\u00eb.<\/span><\/p>\n<p><span style=\"color: #000000;\">&#8220;Telefonata ime e fundit [me Putinin] \u00ebsht\u00eb zhvilluar goxha koh\u00eb m\u00eb par\u00eb&#8221;, i tha Scholz gazet\u00ebs Koelner Stadt-Anzeiger n\u00eb nj\u00eb intervist\u00eb t\u00eb botuar m\u00eb 26 maj. &#8220;Por un\u00eb planifikoj t\u00eb flas p\u00ebrs\u00ebri me t\u00eb, kur t\u00eb jet\u00eb koha e duhur&#8221;.<\/span><\/p>\n<p><span style=\"color: #000000;\">Udh\u00ebheq\u00ebsit fol\u00ebn p\u00ebr her\u00eb t\u00eb fundit me telefon n\u00eb fillim t\u00eb dhjetorit.<\/span><\/p>\n<p><span style=\"color: #000000;\">Gjat\u00eb asaj telefonate nj\u00eb or\u00ebshe, Scholz i k\u00ebrkoi Putinit t\u00eb t\u00ebrheq\u00eb trupat e Mosk\u00ebs nga Ukraina, nd\u00ebrsa udh\u00ebheq\u00ebsi rus akuzoi Per\u00ebndimin p\u00ebr ndjekjen e politikave &#8220;shkat\u00ebrruese&#8221;.<\/span><\/p>\n<p><span style=\"color: #000000;\">Gjat\u00eb nj\u00eb samiti n\u00eb Japoni m\u00eb 19 maj, krer\u00ebt e vendeve t\u00eb industrializuara t\u00eb Grupit Shtat\u00eb (G7) njoftuan p\u00ebr zgjerimin e sanksioneve kund\u00ebr Rusis\u00eb.<\/span><\/p>\n<p><span style=\"color: #000000;\">G7-ta p\u00ebrb\u00ebhet nga Kanadaja, Franca, Gjermania, Italia, Japonia, Mbret\u00ebria e Bashkuar dhe Shtetet e Bashkuara.<\/span><\/p>\n<p><span style=\"color: #000000;\">Udh\u00ebheq\u00ebsit e G7-\u00ebs than\u00eb n\u00eb nj\u00eb deklarat\u00eb t\u00eb p\u00ebrbashk\u00ebt se sanksionet e reja do t\u00eb ndikojn\u00eb n\u00eb &#8220;eksportet e makinerive industriale, mjeteve dhe teknologjive t\u00eb tjera q\u00eb Rusia p\u00ebrdor p\u00ebr t\u00eb rind\u00ebrtuar makinerin\u00eb e saj t\u00eb luft\u00ebs&#8221;.<\/span><\/p>\n<p><span style=\"color: #000000;\">Gjermania i ka dh\u00ebn\u00eb Ukrain\u00ebs 18 tanke Leopard 2, n\u00eb m\u00ebnyr\u00eb q\u00eb ta ndihmoj\u00eb Kievin t\u00eb p\u00ebrballet me pushtimin rus q\u00eb nisi vitin e kaluar.<\/span><\/p>\n<p>&nbsp;<\/p>\n","protected":false,"gt_translate_keys":[{"key":"rendered","format":"html"}]},"excerpt":{"rendered":"<p>Kancelari gjerman Olaf Scholz synon t\u00eb angazhohet n\u00eb nj\u00eb bised\u00eb me presidentin rus Vladimir Putin &#8220;n\u00eb koh\u00ebn e duhur&#8221;, duke sugjeruar mund\u00ebsin\u00eb e rivendosjes s\u00eb komunikimit pas nj\u00eb p\u00ebrkeq\u00ebsimi t\u00eb konsideruesh\u00ebm t\u00eb marr\u00ebdh\u00ebnieve mes dy vendeve q\u00eb nga fillimi i luft\u00ebs n\u00eb Ukrain\u00eb. &#8220;Telefonata ime e fundit [me Putinin] \u00ebsht\u00eb zhvilluar goxha koh\u00eb m\u00eb par\u00eb&#8221;, [&hellip;]<\/p>\n","protected":false,"gt_translate_keys":[{"key":"rendered","format":"html"}]},"author":32,"featured_media":598255,"comment_status":"closed","ping_status":"closed","sticky":false,"template":"","format":"standard","meta":{"footnotes":""},"categories":[6,13],"tags":[],"class_list":["post-598254","post","type-post","status-publish","format-standard","has-post-thumbnail","hentry","category-nderkombetare","category-te-fundit"],"gt_translate_keys":[{"key":"link","format":"url"}],"_links":{"self":[{"href":"https:\/\/www.hashtag.al\/index.php\/wp-json\/wp\/v2\/posts\/598254","targetHints":{"allow":["GET"]}}],"collection":[{"href":"https:\/\/www.hashtag.al\/index.php\/wp-json\/wp\/v2\/posts"}],"about":[{"href":"https:\/\/www.hashtag.al\/index.php\/wp-json\/wp\/v2\/types\/post"}],"author":[{"embeddable":true,"href":"https:\/\/www.hashtag.al\/index.php\/wp-json\/wp\/v2\/users\/32"}],"replies":[{"embeddable":true,"href":"https:\/\/www.hashtag.al\/index.php\/wp-json\/wp\/v2\/comments?post=598254"}],"version-history":[{"count":0,"href":"https:\/\/www.hashtag.al\/index.php\/wp-json\/wp\/v2\/posts\/598254\/revisions"}],"wp:featuredmedia":[{"embeddable":true,"href":"https:\/\/www.hashtag.al\/index.php\/wp-json\/wp\/v2\/media\/598255"}],"wp:attachment":[{"href":"https:\/\/www.hashtag.al\/index.php\/wp-json\/wp\/v2\/media?parent=598254"}],"wp:term":[{"taxonomy":"category","embeddable":true,"href":"https:\/\/www.hashtag.al\/index.php\/wp-json\/wp\/v2\/categories?post=598254"},{"taxonomy":"post_tag","embeddable":true,"href":"https:\/\/www.hashtag.al\/index.php\/wp-json\/wp\/v2\/tags?post=598254"}],"curies":[{"name":"wp","href":"https:\/\/api.w.org\/{rel}","templated":true}]}}