{"id":598087,"date":"2023-05-25T16:21:58","date_gmt":"2023-05-25T14:21:58","guid":{"rendered":"https:\/\/www.hashtag.al\/?p=598087"},"modified":"2023-05-25T16:21:58","modified_gmt":"2023-05-25T14:21:58","slug":"nje-sulm-me-thike-ne-japoni-le-dy-oficere-policie-dhe-nje-grua-te-vrare","status":"publish","type":"post","link":"https:\/\/www.hashtag.al\/index.php\/2023\/05\/25\/nje-sulm-me-thike-ne-japoni-le-dy-oficere-policie-dhe-nje-grua-te-vrare\/","title":{"rendered":"Nj\u00eb sulm me thik\u00eb n\u00eb Japoni l\u00eb dy oficer\u00eb policie dhe nj\u00eb grua t\u00eb vrar\u00eb","gt_translate_keys":[{"key":"rendered","format":"text"}]},"content":{"rendered":"<p><span style=\"color: #000000;\"><a href=\"https:\/\/www.hashtag.al\/wp-content\/uploads\/2023\/05\/Screenshot-2023-05-25-160641.png\"><img loading=\"lazy\" decoding=\"async\" class=\"aligncenter size-full wp-image-598088\" src=\"https:\/\/www.hashtag.al\/wp-content\/uploads\/2023\/05\/Screenshot-2023-05-25-160641.png\" alt=\"\" width=\"1236\" height=\"681\" srcset=\"https:\/\/www.hashtag.al\/wp-content\/uploads\/2023\/05\/Screenshot-2023-05-25-160641.png 1236w, https:\/\/www.hashtag.al\/wp-content\/uploads\/2023\/05\/Screenshot-2023-05-25-160641-300x165.png 300w, https:\/\/www.hashtag.al\/wp-content\/uploads\/2023\/05\/Screenshot-2023-05-25-160641-1024x564.png 1024w, https:\/\/www.hashtag.al\/wp-content\/uploads\/2023\/05\/Screenshot-2023-05-25-160641-768x423.png 768w\" sizes=\"auto, (max-width: 1236px) 100vw, 1236px\" \/><\/a><\/span><\/p>\n<p><span style=\"color: #000000;\">Nj\u00eb sulm i rrall\u00eb me arm\u00eb t\u00eb ftoht\u00eb n\u00eb Japoni la tre t\u00eb vdekur, duke p\u00ebrfshir\u00eb dy oficer\u00eb policie, sipas policis\u00eb lokale.<\/span><\/p>\n<p><span style=\"color: #000000;\">Policia mori nj\u00eb telefonat\u00eb n\u00eb or\u00ebt e vona t\u00eb pasdites me raporte se nj\u00eb &#8220;<em>burr\u00eb goditi me thik\u00eb nj\u00eb grua<\/em>&#8220;, tha nj\u00eb zyrtar i policis\u00eb s\u00eb qytetit Nakano p\u00ebr <span style=\"color: #0000ff;\"><a style=\"color: #0000ff;\" href=\"https:\/\/edition.cnn.com\/2023\/05\/25\/asia\/nakano-shooting-central-japan-intl-hnk\/index.html\">CNN.<\/a><\/span><\/span><\/p>\n<p><span style=\"color: #000000;\">Kur oficer\u00ebt nxituan n\u00eb vendngjarje, burri q\u00eblloi di\u00e7ka q\u00eb i ngjante nj\u00eb pushke gjuetie, duke goditur kat\u00ebr persona, p\u00ebrpara se t\u00eb largohej nga vendi i ngjarjes dhe t\u00eb barrikadohej n\u00eb nj\u00eb nd\u00ebrtes\u00eb, shtoi ai.<\/span><\/p>\n<p><span style=\"color: #000000;\">Gruaja u d\u00ebrgua n\u00eb spital ku m\u00eb pas u konstatua e vdekur.<\/span><\/p>\n<p><span style=\"color: #000000;\">NHK m\u00eb von\u00eb raportoi se dy polic\u00eb vdiq\u00ebn gjithashtu nga plag\u00ebt e marra dhe se nj\u00eb person tjet\u00ebr u plagos.<\/span><\/p>\n<p><span style=\"color: #000000;\">I dyshuari mbante nj\u00eb kapele kamuflazhi, sip\u00ebr dhe fund me syze dielli dhe mask\u00eb, sipas NHK.<\/span><\/p>\n<p><span style=\"color: #000000;\">Nakano City u b\u00ebri thirrje qytetar\u00ebve t\u00eb q\u00ebndrojn\u00eb brenda n\u00eb nj\u00eb deklarat\u00eb t\u00eb postuar n\u00eb mediat sociale t\u00eb enjten.<\/span><\/p>\n<p><span style=\"color: #000000;\">Z\u00ebdh\u00ebn\u00ebsi i policis\u00eb s\u00eb qytetit Nakano i tha CNN se autoritetet caktuan nj\u00eb &#8220;zon\u00eb evakuimi&#8221; me nj\u00eb rreze prej 300 metrash rreth vendit t\u00eb ngjarjes.<\/span><\/p>\n<p><span style=\"color: #000000;\">Z\u00ebdh\u00ebn\u00ebsi i policis\u00eb shtoi se forcat e saj po hetojn\u00eb raportet se nj\u00eb zhurm\u00eb e ngjashme me arm\u00eb zjarri \u00ebsht\u00eb d\u00ebgjuar pran\u00eb vendit t\u00eb ngjarjes disa or\u00eb pas sulmit.<\/span><\/p>\n<p><span style=\"color: #000000;\">Dhuna me arm\u00eb \u00ebsht\u00eb jasht\u00ebzakonisht e rrall\u00eb n\u00eb Japoni, nj\u00eb vend me 125 milion\u00eb banor\u00eb. Ajo ka nj\u00eb nga normat m\u00eb t\u00eb ul\u00ebta t\u00eb krimeve me arm\u00eb n\u00eb bot\u00eb p\u00ebr shkak t\u00eb ligjeve t\u00eb saj jasht\u00ebzakonisht t\u00eb rrepta p\u00ebr kontrollin e arm\u00ebve.<\/span><\/p>\n<p><span style=\"color: #000000;\">Megjithat\u00eb, Japonia u trondit nga nj\u00eb t\u00eb sht\u00ebna vitin e kaluar q\u00eb b\u00ebri jehon\u00eb n\u00eb mbar\u00eb bot\u00ebn.<\/span><\/p>\n<p><span style=\"color: #000000;\">Shinzo Abe, kryeministri m\u00eb jet\u00ebgjat\u00eb i vendit, u q\u00ebllua p\u00ebr vdekje gjat\u00eb nj\u00eb fjalimi t\u00eb fushat\u00ebs n\u00eb Nara n\u00eb korrik.<\/span><\/p>\n<p><span style=\"color: #000000;\">Vrasja e tij shkaktoi val\u00eb trondit\u00ebse n\u00ebp\u00ebr Japoni dhe komunitetin nd\u00ebrkomb\u00ebtar, dhe gjithashtu ngjalli pyetje n\u00ebse ekzistonte siguria e mjaftueshme p\u00ebr ta mbrojtur at\u00eb pavar\u00ebsisht historis\u00eb s\u00eb Japonis\u00eb p\u00ebr t\u00eb qen\u00eb nj\u00eb vend i sigurt.<\/span><\/p>\n<p><span style=\"color: #000000;\">Marrja e nj\u00eb arme zjarri n\u00eb Japoni \u00ebsht\u00eb jasht\u00ebzakonisht e v\u00ebshtir\u00eb dhe i dyshuari p\u00ebr t\u00eb sht\u00ebnat e Abe p\u00ebrdori nj\u00eb arm\u00eb t\u00eb b\u00ebr\u00eb vet\u00eb.<\/span><\/p>\n<p><span style=\"color: #000000;\">N\u00eb vitin 2022, n\u00ebnt\u00eb incidente me arm\u00eb zjarri ndodh\u00ebn n\u00eb Japoni, duke p\u00ebrfshir\u00eb vrasjen e Abe, nj\u00eb m\u00eb pak nga viti i kaluar, sipas Agjencis\u00eb Komb\u00ebtare t\u00eb Policis\u00eb.<\/span><\/p>\n<p><span style=\"color: #000000;\">Nga n\u00ebnt\u00eb incidentet, gjasht\u00eb besohet se jan\u00eb kryer nga bandat dhe grupet e tjera. N\u00eb total, kat\u00ebr persona u vran\u00eb dhe dy u plagos\u00ebn n\u00eb n\u00ebnt\u00eb incidente.<\/span><\/p>\n","protected":false,"gt_translate_keys":[{"key":"rendered","format":"html"}]},"excerpt":{"rendered":"<p>Nj\u00eb sulm i rrall\u00eb me arm\u00eb t\u00eb ftoht\u00eb n\u00eb Japoni la tre t\u00eb vdekur, duke p\u00ebrfshir\u00eb dy oficer\u00eb policie, sipas policis\u00eb lokale. Policia mori nj\u00eb telefonat\u00eb n\u00eb or\u00ebt e vona t\u00eb pasdites me raporte se nj\u00eb &#8220;burr\u00eb goditi me thik\u00eb nj\u00eb grua&#8220;, tha nj\u00eb zyrtar i policis\u00eb s\u00eb qytetit Nakano p\u00ebr CNN. Kur oficer\u00ebt nxituan [&hellip;]<\/p>\n","protected":false,"gt_translate_keys":[{"key":"rendered","format":"html"}]},"author":30,"featured_media":598088,"comment_status":"closed","ping_status":"closed","sticky":false,"template":"","format":"standard","meta":{"footnotes":""},"categories":[6],"tags":[],"class_list":["post-598087","post","type-post","status-publish","format-standard","has-post-thumbnail","hentry","category-nderkombetare"],"gt_translate_keys":[{"key":"link","format":"url"}],"_links":{"self":[{"href":"https:\/\/www.hashtag.al\/index.php\/wp-json\/wp\/v2\/posts\/598087","targetHints":{"allow":["GET"]}}],"collection":[{"href":"https:\/\/www.hashtag.al\/index.php\/wp-json\/wp\/v2\/posts"}],"about":[{"href":"https:\/\/www.hashtag.al\/index.php\/wp-json\/wp\/v2\/types\/post"}],"author":[{"embeddable":true,"href":"https:\/\/www.hashtag.al\/index.php\/wp-json\/wp\/v2\/users\/30"}],"replies":[{"embeddable":true,"href":"https:\/\/www.hashtag.al\/index.php\/wp-json\/wp\/v2\/comments?post=598087"}],"version-history":[{"count":0,"href":"https:\/\/www.hashtag.al\/index.php\/wp-json\/wp\/v2\/posts\/598087\/revisions"}],"wp:featuredmedia":[{"embeddable":true,"href":"https:\/\/www.hashtag.al\/index.php\/wp-json\/wp\/v2\/media\/598088"}],"wp:attachment":[{"href":"https:\/\/www.hashtag.al\/index.php\/wp-json\/wp\/v2\/media?parent=598087"}],"wp:term":[{"taxonomy":"category","embeddable":true,"href":"https:\/\/www.hashtag.al\/index.php\/wp-json\/wp\/v2\/categories?post=598087"},{"taxonomy":"post_tag","embeddable":true,"href":"https:\/\/www.hashtag.al\/index.php\/wp-json\/wp\/v2\/tags?post=598087"}],"curies":[{"name":"wp","href":"https:\/\/api.w.org\/{rel}","templated":true}]}}