{"id":598079,"date":"2023-05-25T15:30:07","date_gmt":"2023-05-25T13:30:07","guid":{"rendered":"https:\/\/www.hashtag.al\/?p=598079"},"modified":"2023-05-25T15:30:07","modified_gmt":"2023-05-25T13:30:07","slug":"grenell-takohet-me-ramen-biseduam-si-te-clirojme-thacin-nga-burgimi-ne-hage-akuzat-ndaj-tij-te-rreme","status":"publish","type":"post","link":"https:\/\/www.hashtag.al\/index.php\/2023\/05\/25\/grenell-takohet-me-ramen-biseduam-si-te-clirojme-thacin-nga-burgimi-ne-hage-akuzat-ndaj-tij-te-rreme\/","title":{"rendered":"Grenell takohet me Ram\u00ebn: Biseduam si t\u00eb \u00e7lirojm\u00eb Tha\u00e7in nga burgimi n\u00eb Hag\u00eb, akuzat ndaj tij t\u00eb rreme","gt_translate_keys":[{"key":"rendered","format":"text"}]},"content":{"rendered":"<p><span style=\"color: #000000;\"><a href=\"https:\/\/www.hashtag.al\/wp-content\/uploads\/2023\/05\/1685020317_ediramarichardgrenell.jpeg\"><img loading=\"lazy\" decoding=\"async\" class=\"aligncenter size-full wp-image-598080\" src=\"https:\/\/www.hashtag.al\/wp-content\/uploads\/2023\/05\/1685020317_ediramarichardgrenell.jpeg\" alt=\"\" width=\"780\" height=\"440\" srcset=\"https:\/\/www.hashtag.al\/wp-content\/uploads\/2023\/05\/1685020317_ediramarichardgrenell.jpeg 780w, https:\/\/www.hashtag.al\/wp-content\/uploads\/2023\/05\/1685020317_ediramarichardgrenell-300x169.jpeg 300w, https:\/\/www.hashtag.al\/wp-content\/uploads\/2023\/05\/1685020317_ediramarichardgrenell-768x433.jpeg 768w\" sizes=\"auto, (max-width: 780px) 100vw, 780px\" \/><\/a><\/span><\/p>\n<p><span style=\"color: #000000;\">Ish i d\u00ebrguari i Posa\u00e7\u00ebm i SHBA p\u00ebr Ballkanin Per\u00ebndimor Richard Grenell ka takuar sot kryeministrin Edi Rama.<\/span><\/p>\n<p><span style=\"color: #000000;\">Vet Grenell ka publikuar disa foto me kryeministrin Rama dhe thekson se kan\u00eb diskutuar p\u00ebr t\u00eb b\u00ebr\u00eb m\u00eb shum\u00eb p\u00ebr lirimin e Hashim Tha\u00e7it nga burgu. Sipas Grenell akuzat kund\u00ebr Tha\u00e7it jan\u00eb t\u00eb rreme dhe d\u00ebshmitar\u00ebt thuhet se jan\u00eb manipuluar nga Jack Smith.<\/span><\/p>\n<p><span style=\"color: #000000;\">\u2018<em>Kam drekuar me kryeministrin e Shqip\u00ebris\u00eb, Edi Rama, nj\u00eb nga aleat\u00ebt tan\u00eb m\u00eb t\u00eb m\u00ebdhenj n\u00eb NATO dhe ne ram\u00eb dakord q\u00eb duhet b\u00ebr\u00eb m\u00eb shum\u00eb p\u00ebr t\u00eb \u00e7liruar sa m\u00eb shpejt Hashim Tha\u00e7in nga burgu n\u00eb Hag\u00eb. Akuzat kund\u00ebr tij jan\u00eb t\u00eb rreme dhe d\u00ebshmitar\u00ebt thon\u00eb se ato jan\u00eb manipuluar nga Jack Smith.<\/em>\u2019- shkruan Grenell.<\/span><\/p>\n<p>&nbsp;<\/p>\n<p><img decoding=\"async\" src=\"https:\/\/pbs.twimg.com\/media\/Fw-WCDpagAIxkx5?format=jpg&amp;name=small\" alt=\"Image\" \/><\/p>\n","protected":false,"gt_translate_keys":[{"key":"rendered","format":"html"}]},"excerpt":{"rendered":"<p>Ish i d\u00ebrguari i Posa\u00e7\u00ebm i SHBA p\u00ebr Ballkanin Per\u00ebndimor Richard Grenell ka takuar sot kryeministrin Edi Rama. Vet Grenell ka publikuar disa foto me kryeministrin Rama dhe thekson se kan\u00eb diskutuar p\u00ebr t\u00eb b\u00ebr\u00eb m\u00eb shum\u00eb p\u00ebr lirimin e Hashim Tha\u00e7it nga burgu. Sipas Grenell akuzat kund\u00ebr Tha\u00e7it jan\u00eb t\u00eb rreme dhe d\u00ebshmitar\u00ebt thuhet [&hellip;]<\/p>\n","protected":false,"gt_translate_keys":[{"key":"rendered","format":"html"}]},"author":30,"featured_media":598080,"comment_status":"closed","ping_status":"closed","sticky":false,"template":"","format":"standard","meta":{"footnotes":""},"categories":[65,13],"tags":[],"class_list":["post-598079","post","type-post","status-publish","format-standard","has-post-thumbnail","hentry","category-lajme","category-te-fundit"],"gt_translate_keys":[{"key":"link","format":"url"}],"_links":{"self":[{"href":"https:\/\/www.hashtag.al\/index.php\/wp-json\/wp\/v2\/posts\/598079","targetHints":{"allow":["GET"]}}],"collection":[{"href":"https:\/\/www.hashtag.al\/index.php\/wp-json\/wp\/v2\/posts"}],"about":[{"href":"https:\/\/www.hashtag.al\/index.php\/wp-json\/wp\/v2\/types\/post"}],"author":[{"embeddable":true,"href":"https:\/\/www.hashtag.al\/index.php\/wp-json\/wp\/v2\/users\/30"}],"replies":[{"embeddable":true,"href":"https:\/\/www.hashtag.al\/index.php\/wp-json\/wp\/v2\/comments?post=598079"}],"version-history":[{"count":0,"href":"https:\/\/www.hashtag.al\/index.php\/wp-json\/wp\/v2\/posts\/598079\/revisions"}],"wp:featuredmedia":[{"embeddable":true,"href":"https:\/\/www.hashtag.al\/index.php\/wp-json\/wp\/v2\/media\/598080"}],"wp:attachment":[{"href":"https:\/\/www.hashtag.al\/index.php\/wp-json\/wp\/v2\/media?parent=598079"}],"wp:term":[{"taxonomy":"category","embeddable":true,"href":"https:\/\/www.hashtag.al\/index.php\/wp-json\/wp\/v2\/categories?post=598079"},{"taxonomy":"post_tag","embeddable":true,"href":"https:\/\/www.hashtag.al\/index.php\/wp-json\/wp\/v2\/tags?post=598079"}],"curies":[{"name":"wp","href":"https:\/\/api.w.org\/{rel}","templated":true}]}}