{"id":598069,"date":"2023-05-25T14:33:28","date_gmt":"2023-05-25T12:33:28","guid":{"rendered":"https:\/\/www.hashtag.al\/?p=598069"},"modified":"2023-05-25T14:33:28","modified_gmt":"2023-05-25T12:33:28","slug":"kampusi-sportiv-i-manchester-city-f-c-ne-durres-hapet-thirrja-per-drejtor-ekzekutiv-te-fondacionit-durres-city","status":"publish","type":"post","link":"https:\/\/www.hashtag.al\/index.php\/2023\/05\/25\/kampusi-sportiv-i-manchester-city-f-c-ne-durres-hapet-thirrja-per-drejtor-ekzekutiv-te-fondacionit-durres-city\/","title":{"rendered":"Kampusi sportiv i Manchester City F.C. n\u00eb Durr\u00ebs\/ Hapet thirrja p\u00ebr drejtor ekzekutiv t\u00eb Fondacionit &#8216;Durr\u00ebs City&#8217;","gt_translate_keys":[{"key":"rendered","format":"text"}]},"content":{"rendered":"<p><span style=\"color: #000000;\"><a href=\"https:\/\/www.hashtag.al\/wp-content\/uploads\/2023\/05\/1685016011_machestercity.jpeg\"><img loading=\"lazy\" decoding=\"async\" class=\"aligncenter size-full wp-image-598070\" src=\"https:\/\/www.hashtag.al\/wp-content\/uploads\/2023\/05\/1685016011_machestercity.jpeg\" alt=\"\" width=\"780\" height=\"440\" srcset=\"https:\/\/www.hashtag.al\/wp-content\/uploads\/2023\/05\/1685016011_machestercity.jpeg 780w, https:\/\/www.hashtag.al\/wp-content\/uploads\/2023\/05\/1685016011_machestercity-300x169.jpeg 300w, https:\/\/www.hashtag.al\/wp-content\/uploads\/2023\/05\/1685016011_machestercity-768x433.jpeg 768w\" sizes=\"auto, (max-width: 780px) 100vw, 780px\" \/><\/a><\/span><\/p>\n<p><span style=\"color: #000000;\">Ministria e Arsimit dhe Sportit ka b\u00ebr\u00eb shpalljen p\u00ebr drejtues t\u00eb Fondacionit \u201cDurr\u00ebs City\u201d, i cili do t\u00eb ndjek\u00eb t\u00eb gjitha hapat dhe procedurat p\u00ebr krijimin e kampusit sportiv: Shkoll\u00ebs s\u00eb Futbollit t\u00eb Manchester City FC dhe Akademin\u00eb Elitare n\u00eb qytetin e Durr\u00ebsit.<\/span><\/p>\n<p><span style=\"color: #000000;\">Kjo thirrje do t\u00eb q\u00ebndroj\u00eb e hapur n\u00eb datat 25 \u2013 30 Maj.<\/span><\/p>\n<p><span style=\"color: #000000;\">T\u00eb gjith\u00eb kandidat\u00ebt q\u00eb plot\u00ebsojn\u00eb kriteret e p\u00ebrmendura n\u00eb k\u00ebt\u00eb thirrje, jan\u00eb t\u00eb lutur t\u00eb aplikojn\u00eb brenda afatit t\u00eb caktuar.<\/span><\/p>\n<p><span style=\"color: #000000;\">T\u00eb gjitha detajet e m\u00ebtejshme i gjeni n\u00eb linkun e m\u00ebposht\u00ebm:<\/span><\/p>\n<p><span style=\"color: #000000;\">https:\/\/arsimi.gov.al\/thirrje-per-aplikim-per-drejtor-ekzekutiv-te-fondacionit-durres-city\/<\/span><\/p>\n","protected":false,"gt_translate_keys":[{"key":"rendered","format":"html"}]},"excerpt":{"rendered":"<p>Ministria e Arsimit dhe Sportit ka b\u00ebr\u00eb shpalljen p\u00ebr drejtues t\u00eb Fondacionit \u201cDurr\u00ebs City\u201d, i cili do t\u00eb ndjek\u00eb t\u00eb gjitha hapat dhe procedurat p\u00ebr krijimin e kampusit sportiv: Shkoll\u00ebs s\u00eb Futbollit t\u00eb Manchester City FC dhe Akademin\u00eb Elitare n\u00eb qytetin e Durr\u00ebsit. Kjo thirrje do t\u00eb q\u00ebndroj\u00eb e hapur n\u00eb datat 25 \u2013 30 [&hellip;]<\/p>\n","protected":false,"gt_translate_keys":[{"key":"rendered","format":"html"}]},"author":30,"featured_media":598070,"comment_status":"closed","ping_status":"closed","sticky":false,"template":"","format":"standard","meta":{"footnotes":""},"categories":[53],"tags":[],"class_list":["post-598069","post","type-post","status-publish","format-standard","has-post-thumbnail","hentry","category-fast-foodi"],"gt_translate_keys":[{"key":"link","format":"url"}],"_links":{"self":[{"href":"https:\/\/www.hashtag.al\/index.php\/wp-json\/wp\/v2\/posts\/598069","targetHints":{"allow":["GET"]}}],"collection":[{"href":"https:\/\/www.hashtag.al\/index.php\/wp-json\/wp\/v2\/posts"}],"about":[{"href":"https:\/\/www.hashtag.al\/index.php\/wp-json\/wp\/v2\/types\/post"}],"author":[{"embeddable":true,"href":"https:\/\/www.hashtag.al\/index.php\/wp-json\/wp\/v2\/users\/30"}],"replies":[{"embeddable":true,"href":"https:\/\/www.hashtag.al\/index.php\/wp-json\/wp\/v2\/comments?post=598069"}],"version-history":[{"count":0,"href":"https:\/\/www.hashtag.al\/index.php\/wp-json\/wp\/v2\/posts\/598069\/revisions"}],"wp:featuredmedia":[{"embeddable":true,"href":"https:\/\/www.hashtag.al\/index.php\/wp-json\/wp\/v2\/media\/598070"}],"wp:attachment":[{"href":"https:\/\/www.hashtag.al\/index.php\/wp-json\/wp\/v2\/media?parent=598069"}],"wp:term":[{"taxonomy":"category","embeddable":true,"href":"https:\/\/www.hashtag.al\/index.php\/wp-json\/wp\/v2\/categories?post=598069"},{"taxonomy":"post_tag","embeddable":true,"href":"https:\/\/www.hashtag.al\/index.php\/wp-json\/wp\/v2\/tags?post=598069"}],"curies":[{"name":"wp","href":"https:\/\/api.w.org\/{rel}","templated":true}]}}