{"id":598059,"date":"2023-05-25T14:00:59","date_gmt":"2023-05-25T12:00:59","guid":{"rendered":"https:\/\/www.hashtag.al\/?p=598059"},"modified":"2023-05-25T14:10:36","modified_gmt":"2023-05-25T12:10:36","slug":"rama-poshteron-deputetet-e-opozites-anulon-ngritjen-e-rrogave","status":"publish","type":"post","link":"https:\/\/www.hashtag.al\/index.php\/2023\/05\/25\/rama-poshteron-deputetet-e-opozites-anulon-ngritjen-e-rrogave\/","title":{"rendered":"Rama posht\u00ebron deputet\u00ebt e opozit\u00ebs, &#8220;anulon&#8221; ngritjen e rrogave","gt_translate_keys":[{"key":"rendered","format":"text"}]},"content":{"rendered":"<p><span style=\"color: #000000;\"><a href=\"https:\/\/www.hashtag.al\/wp-content\/uploads\/2023\/05\/WhatsApp-Image-2023-05-25-at-13.50.13.jpg\"><img loading=\"lazy\" decoding=\"async\" class=\"aligncenter size-full wp-image-598060\" src=\"https:\/\/www.hashtag.al\/wp-content\/uploads\/2023\/05\/WhatsApp-Image-2023-05-25-at-13.50.13.jpg\" alt=\"\" width=\"780\" height=\"440\" srcset=\"https:\/\/www.hashtag.al\/wp-content\/uploads\/2023\/05\/WhatsApp-Image-2023-05-25-at-13.50.13.jpg 780w, https:\/\/www.hashtag.al\/wp-content\/uploads\/2023\/05\/WhatsApp-Image-2023-05-25-at-13.50.13-300x169.jpg 300w, https:\/\/www.hashtag.al\/wp-content\/uploads\/2023\/05\/WhatsApp-Image-2023-05-25-at-13.50.13-768x433.jpg 768w\" sizes=\"auto, (max-width: 780px) 100vw, 780px\" \/><\/a><\/span><\/p>\n<p><span style=\"color: #000000;\">Kryeministri Edi Rama ka posht\u00ebruar sot n\u00eb Kuvend deputet\u00ebt e opozit\u00ebs, pasi tha se rritja e pagave p\u00ebr deputet\u00ebt duhet t\u00eb hyj\u00eb n\u00eb fuqi n\u00eb momentin q\u00eb hyn ne fuqi e gjith\u00eb paketa e rritjes s\u00eb pagave t\u00eb t\u00eb gjitha kategorive.<\/span><\/p>\n<p><span style=\"color: #000000;\">\u2018<em>K\u00ebshtu q\u00eb ky \u00ebsht\u00eb q\u00ebndrimi im! Un\u00eb p\u00ebr rritjen e pagave jam shum\u00eb krenar dhe dua t\u2019i fal\u00ebnderoj nga zemra t\u00eb gjith\u00eb deputet\u00ebt sepse \u00ebsht\u00eb puna e deputet\u00ebve n\u00eb radh\u00eb t\u00eb par\u00eb e gjith\u00eb k\u00ebtyre viteve, sepse \u00ebsht\u00eb rezultat reformash, \u00ebsht\u00eb rezultat ligjesh, \u00ebsht\u00eb rezultat p\u00ebrpjekjesh, dua t\u00eb fal\u00ebnderoj t\u00eb gjith\u00eb an\u00ebtar\u00ebt e kabinetit qe kan\u00eb punuar qysh nga dita e par\u00eb e vitit 2013 deri m\u00eb sot, se ky \u00ebsht\u00eb rezultat i p\u00ebrpjekjeve shum\u00eb t\u00eb madhe dhe dua t\u2019ju them q\u00eb tek pika e pag\u00ebs p\u00ebr deputet\u00ebt dhe p\u00ebr ministrat , mua m\u00eb keni kundra q\u00eb ajo t\u00eb hyj\u00eb menj\u00ebher\u00eb. Ajo duhet t\u00eb hyj\u00eb n\u00eb fuqi n\u00eb momentin q\u00eb hyn ne fuqi e gjith\u00eb paketa e rritjes s\u00eb pagave, por un\u00eb nj\u00eb jam, bashk\u00eb me Erion Bra\u00e7en, pastaj kush b\u00ebhet tjet\u00ebr, t\u00eb shohim<\/em>.\u2019- tha Rama.<\/span><\/p>\n<p><span style=\"color: #000000;\">Por lidhur me k\u00ebt\u00eb deklarat\u00eb t\u00eb papritur t\u00eb kryeministrit Rama n\u00eb Kuvend p\u00ebr pagat e deputet\u00ebve dhe ministrave, reagoi n\u00ebp\u00ebrmjet nj\u00eb statusi n\u00eb rrjete sociale edhe gazetari Klodian Tomori.<\/span><\/p>\n<p><span style=\"color: #000000;\">Tomori shkruan se Rama e p\u00ebrdori nj\u00eb pjes\u00eb t\u00eb opozit\u00ebs si \u201cprezervativ t\u00eb shpuar\u201d pasi b\u00ebri q\u00eb ajo t\u00eb ishte propozuesja p\u00ebr dyfishimin e rrogave t\u00eb deputet\u00ebve dhe sot e quajti t\u00eb pamoralshme t\u00eb ngrihen pagat e tyre, pa u rritur m\u00eb par\u00eb pagat e mjek\u00ebve dhe m\u00ebsuesve.<\/span><\/p>\n<p>&nbsp;<\/p>\n<p><span style=\"color: #000000;\">Statusi:<\/span><\/p>\n<p><span style=\"color: #000000;\"><em>Pasi e perdori nje pjese te opozites si prezervativ te shpuar, pasi e beri qe te ishte ajo propozuesja e dyfishimit te rrogave te deputeteve, sot doli ne Parlament dhe tha une nuk votoj per ligjin e rrogave te deputeteve, pa u rritur me pare per mjeket dhe mesuesit. Kjo nuk eshte e moralshme-tha. <\/em><\/span><\/p>\n<p><span style=\"color: #000000;\"><em>Ky nuk kishte dijeni se ata do rrisnin rrogat. Kete pune e bene Blerina, Ensemvlera, Erioni, Albani, Antoneta me koken e tyre. Sigurisht me propozimin e Arbit dhe ndihmen e Mondit. Ja keshtu keshtu. Si Pal Vata qemoti. <\/em><\/span><\/p>\n<p><span style=\"color: #000000;\"><em>Ta gezoni, ta gezoni. Por ai me kete lloj opozite tall asetet nga mengjesi ne darke.<\/em><\/span><\/p>\n","protected":false,"gt_translate_keys":[{"key":"rendered","format":"html"}]},"excerpt":{"rendered":"<p>Kryeministri Edi Rama ka posht\u00ebruar sot n\u00eb Kuvend deputet\u00ebt e opozit\u00ebs, pasi tha se rritja e pagave p\u00ebr deputet\u00ebt duhet t\u00eb hyj\u00eb n\u00eb fuqi n\u00eb momentin q\u00eb hyn ne fuqi e gjith\u00eb paketa e rritjes s\u00eb pagave t\u00eb t\u00eb gjitha kategorive. \u2018K\u00ebshtu q\u00eb ky \u00ebsht\u00eb q\u00ebndrimi im! Un\u00eb p\u00ebr rritjen e pagave jam shum\u00eb krenar [&hellip;]<\/p>\n","protected":false,"gt_translate_keys":[{"key":"rendered","format":"html"}]},"author":30,"featured_media":598060,"comment_status":"closed","ping_status":"closed","sticky":false,"template":"","format":"standard","meta":{"footnotes":""},"categories":[22],"tags":[],"class_list":["post-598059","post","type-post","status-publish","format-standard","has-post-thumbnail","hentry","category-ballina"],"gt_translate_keys":[{"key":"link","format":"url"}],"_links":{"self":[{"href":"https:\/\/www.hashtag.al\/index.php\/wp-json\/wp\/v2\/posts\/598059","targetHints":{"allow":["GET"]}}],"collection":[{"href":"https:\/\/www.hashtag.al\/index.php\/wp-json\/wp\/v2\/posts"}],"about":[{"href":"https:\/\/www.hashtag.al\/index.php\/wp-json\/wp\/v2\/types\/post"}],"author":[{"embeddable":true,"href":"https:\/\/www.hashtag.al\/index.php\/wp-json\/wp\/v2\/users\/30"}],"replies":[{"embeddable":true,"href":"https:\/\/www.hashtag.al\/index.php\/wp-json\/wp\/v2\/comments?post=598059"}],"version-history":[{"count":0,"href":"https:\/\/www.hashtag.al\/index.php\/wp-json\/wp\/v2\/posts\/598059\/revisions"}],"wp:featuredmedia":[{"embeddable":true,"href":"https:\/\/www.hashtag.al\/index.php\/wp-json\/wp\/v2\/media\/598060"}],"wp:attachment":[{"href":"https:\/\/www.hashtag.al\/index.php\/wp-json\/wp\/v2\/media?parent=598059"}],"wp:term":[{"taxonomy":"category","embeddable":true,"href":"https:\/\/www.hashtag.al\/index.php\/wp-json\/wp\/v2\/categories?post=598059"},{"taxonomy":"post_tag","embeddable":true,"href":"https:\/\/www.hashtag.al\/index.php\/wp-json\/wp\/v2\/tags?post=598059"}],"curies":[{"name":"wp","href":"https:\/\/api.w.org\/{rel}","templated":true}]}}