{"id":598003,"date":"2023-05-25T10:37:04","date_gmt":"2023-05-25T08:37:04","guid":{"rendered":"https:\/\/www.hashtag.al\/?p=598003"},"modified":"2023-05-25T10:37:04","modified_gmt":"2023-05-25T08:37:04","slug":"levizja-bashke-proteste-para-parlamentit-qori-ps-ja-e-opozita-u-bene-bashke-per-te-rritur-pagat-e-deputeteve","status":"publish","type":"post","link":"https:\/\/www.hashtag.al\/index.php\/2023\/05\/25\/levizja-bashke-proteste-para-parlamentit-qori-ps-ja-e-opozita-u-bene-bashke-per-te-rritur-pagat-e-deputeteve\/","title":{"rendered":"L\u00ebvizja Bashk\u00eb protest\u00eb para parlamentit, Qori: PS-ja e opozita u b\u00ebn\u00eb bashk\u00eb p\u00ebr t\u00eb rritur pagat e deputet\u00ebve","gt_translate_keys":[{"key":"rendered","format":"text"}]},"content":{"rendered":"<p><img loading=\"lazy\" decoding=\"async\" class=\"aligncenter size-full wp-image-598004\" src=\"https:\/\/www.hashtag.al\/wp-content\/uploads\/2023\/05\/1685002752_protesta.jpg\" alt=\"\" width=\"780\" height=\"440\" srcset=\"https:\/\/www.hashtag.al\/wp-content\/uploads\/2023\/05\/1685002752_protesta.jpg 780w, https:\/\/www.hashtag.al\/wp-content\/uploads\/2023\/05\/1685002752_protesta-300x169.jpg 300w, https:\/\/www.hashtag.al\/wp-content\/uploads\/2023\/05\/1685002752_protesta-768x433.jpg 768w\" sizes=\"auto, (max-width: 780px) 100vw, 780px\" \/><\/p>\n<p><span style=\"color: #000000;\">L\u00ebvizja Bashk\u00eb po zhvillon nj\u00eb protest\u00eb para parlamentit kund\u00ebr projektligjit p\u00ebr rritjen e pagave p\u00ebr deputet\u00ebt e ministrat. <\/span><\/p>\n<p><span style=\"color: #000000;\">N\u00eb fjal\u00ebn e tij kandidati i l\u00ebvizjes p\u00ebr Tiran\u00ebn, Arlind Qori, se deputet\u00ebt e ministrat kan\u00eb menduar t\u00eb rrisin pagat e tyre nd\u00ebrkoh\u00eb q\u00eb vendi ka pagat e pensionet m\u00eb t\u00eb ul\u00ebta n\u00eb rajon. <\/span><\/p>\n<p><span style=\"color: #000000;\">Qori tha gjithashtu se deputet\u00ebt e PS-s\u00eb e t\u00eb opozit\u00ebs u b\u00ebn\u00eb bashk\u00eb p\u00ebr t\u00eb rritur pagat e tyre.<\/span><\/p>\n<p><span style=\"color: #000000;\"><em>\u201cJemi m\u00ebsuar q\u00eb n\u00eb krye t\u00eb institucioneve t\u00eb ket\u00eb njer\u00ebz halabak\u00eb. N\u00eb vend q\u00eb personi n\u00eb fjal\u00eb t\u00eb p\u00ebrfundonte n\u00eb burg si hajdut xhepash i kemi sot pronar\u00eb t\u00eb m\u00ebdhenj. Pushtetin ia kan\u00eb marr\u00eb popullit. Kemi pensionet m\u00eb t\u00eb ul\u00ebta n\u00eb rajon. Rroga e deputetit do t\u00eb jet\u00eb sa 39 pensione minimale. Ky \u00ebsht\u00eb skandal i pad\u00ebgjuar ndonj\u00ebher\u00eb n\u00eb asnj\u00eb lloj vendi. Paga baz\u00eb e deputetit n\u00eb Itali \u00ebsht\u00eb 5 mir\u00eb euro. Ata q\u00eb na qeverisin nuk duan q\u00eb t\u2019ja din\u00eb p\u00ebr popullin. Kur shkon puna p\u00ebr parat\u00eb ata jan\u00eb bashk\u00eb.\u201d<\/em> &#8211; tha Qori.<\/span><\/p>\n","protected":false,"gt_translate_keys":[{"key":"rendered","format":"html"}]},"excerpt":{"rendered":"<p>L\u00ebvizja Bashk\u00eb po zhvillon nj\u00eb protest\u00eb para parlamentit kund\u00ebr projektligjit p\u00ebr rritjen e pagave p\u00ebr deputet\u00ebt e ministrat. N\u00eb fjal\u00ebn e tij kandidati i l\u00ebvizjes p\u00ebr Tiran\u00ebn, Arlind Qori, se deputet\u00ebt e ministrat kan\u00eb menduar t\u00eb rrisin pagat e tyre nd\u00ebrkoh\u00eb q\u00eb vendi ka pagat e pensionet m\u00eb t\u00eb ul\u00ebta n\u00eb rajon. Qori tha gjithashtu [&hellip;]<\/p>\n","protected":false,"gt_translate_keys":[{"key":"rendered","format":"html"}]},"author":51,"featured_media":598004,"comment_status":"closed","ping_status":"closed","sticky":false,"template":"","format":"standard","meta":{"footnotes":""},"categories":[65,13],"tags":[],"class_list":["post-598003","post","type-post","status-publish","format-standard","has-post-thumbnail","hentry","category-lajme","category-te-fundit"],"gt_translate_keys":[{"key":"link","format":"url"}],"_links":{"self":[{"href":"https:\/\/www.hashtag.al\/index.php\/wp-json\/wp\/v2\/posts\/598003","targetHints":{"allow":["GET"]}}],"collection":[{"href":"https:\/\/www.hashtag.al\/index.php\/wp-json\/wp\/v2\/posts"}],"about":[{"href":"https:\/\/www.hashtag.al\/index.php\/wp-json\/wp\/v2\/types\/post"}],"author":[{"embeddable":true,"href":"https:\/\/www.hashtag.al\/index.php\/wp-json\/wp\/v2\/users\/51"}],"replies":[{"embeddable":true,"href":"https:\/\/www.hashtag.al\/index.php\/wp-json\/wp\/v2\/comments?post=598003"}],"version-history":[{"count":0,"href":"https:\/\/www.hashtag.al\/index.php\/wp-json\/wp\/v2\/posts\/598003\/revisions"}],"wp:featuredmedia":[{"embeddable":true,"href":"https:\/\/www.hashtag.al\/index.php\/wp-json\/wp\/v2\/media\/598004"}],"wp:attachment":[{"href":"https:\/\/www.hashtag.al\/index.php\/wp-json\/wp\/v2\/media?parent=598003"}],"wp:term":[{"taxonomy":"category","embeddable":true,"href":"https:\/\/www.hashtag.al\/index.php\/wp-json\/wp\/v2\/categories?post=598003"},{"taxonomy":"post_tag","embeddable":true,"href":"https:\/\/www.hashtag.al\/index.php\/wp-json\/wp\/v2\/tags?post=598003"}],"curies":[{"name":"wp","href":"https:\/\/api.w.org\/{rel}","templated":true}]}}