{"id":597580,"date":"2023-05-22T23:48:19","date_gmt":"2023-05-22T21:48:19","guid":{"rendered":"https:\/\/www.hashtag.al\/?p=597580"},"modified":"2023-05-22T23:48:19","modified_gmt":"2023-05-22T21:48:19","slug":"armenia-vendos-kushte-per-njohjen-e-nagorno-karabakut-si-pjese-te-azerbajxhanit","status":"publish","type":"post","link":"https:\/\/www.hashtag.al\/index.php\/2023\/05\/22\/armenia-vendos-kushte-per-njohjen-e-nagorno-karabakut-si-pjese-te-azerbajxhanit\/","title":{"rendered":"Armenia vendos kushte p\u00ebr njohjen e Nagorno-Karabakut si pjes\u00eb t\u00eb Azerbajxhanit","gt_translate_keys":[{"key":"rendered","format":"text"}]},"content":{"rendered":"<p><span style=\"color: #000000;\"><a style=\"color: #000000;\" href=\"https:\/\/www.hashtag.al\/wp-content\/uploads\/2023\/05\/Nikol-Pashinian-scaled.jpg\"><img loading=\"lazy\" decoding=\"async\" class=\"aligncenter size-full wp-image-597581\" src=\"https:\/\/www.hashtag.al\/wp-content\/uploads\/2023\/05\/Nikol-Pashinian-scaled.jpg\" alt=\"\" width=\"2560\" height=\"1710\" srcset=\"https:\/\/www.hashtag.al\/wp-content\/uploads\/2023\/05\/Nikol-Pashinian-scaled.jpg 2560w, https:\/\/www.hashtag.al\/wp-content\/uploads\/2023\/05\/Nikol-Pashinian-300x200.jpg 300w, https:\/\/www.hashtag.al\/wp-content\/uploads\/2023\/05\/Nikol-Pashinian-1024x684.jpg 1024w, https:\/\/www.hashtag.al\/wp-content\/uploads\/2023\/05\/Nikol-Pashinian-768x513.jpg 768w, https:\/\/www.hashtag.al\/wp-content\/uploads\/2023\/05\/Nikol-Pashinian-1536x1026.jpg 1536w, https:\/\/www.hashtag.al\/wp-content\/uploads\/2023\/05\/Nikol-Pashinian-2048x1368.jpg 2048w\" sizes=\"auto, (max-width: 2560px) 100vw, 2560px\" \/><\/a><\/span><\/p>\n<p><span style=\"color: #000000;\">Armenia tha se \u00ebsht\u00eb e gatshme ta pranoj\u00eb rajonin e Nagorno-Karabakut si pjes\u00eb e Azerbajxhanit fqinj, por n\u00ebn disa kushte. Nj\u00eb kompromis i till\u00eb do t\u00eb ndihmonte q\u00eb t\u2019i jepej fund konfliktit prej disa dekadash dhe do t\u00eb ndihmonte n\u00eb ringjalljen e k\u00ebtij rajoni t\u00eb varf\u00ebr.<\/span><\/p>\n<p><span style=\"color: #000000;\">Kryeministri i Armenis\u00eb, Nikol Pashinian, tha gjat\u00eb nj\u00eb konference p\u00ebr media m\u00eb 22 maj se \u00e7do njohje nga Jerevani i Nagorno-Karabakut si pjes\u00eb e Azerbajxhanit do t\u00eb varej nga garantimi i t\u00eb drejtave dhe siguris\u00eb s\u00eb armen\u00ebve etnik\u00eb, q\u00eb jetojn\u00eb n\u00eb k\u00ebt\u00eb rajon malor, p\u00ebrcjell REL.<\/span><\/p>\n<p><span style=\"color: #000000;\">Azerbajxhani dhe Armenia kan\u00eb mosmarr\u00ebveshje lidhur me Nagorno-Karabakun q\u00eb nga fundi i viteve \u201980, kur armen\u00ebt etnik\u00eb, q\u00eb jan\u00eb shumic\u00eb n\u00eb k\u00ebt\u00eb rajon, k\u00ebrkuan q\u00eb ai t\u00eb transferohej nga Azerbajxhani sovjetik n\u00eb Armenin\u00eb e at\u00ebhershme sovjetike.<\/span><\/p>\n<p><span style=\"color: #000000;\">Nj\u00eb luft\u00eb civile shp\u00ebrtheu pas kolapsimit t\u00eb Bashkimit Sovjetik dhe Nagorno-Karabaku shpalli pavar\u00ebsin\u00eb nga Azerbajxhani. Megjithat\u00eb, shpallja e pavar\u00ebsis\u00eb nuk \u00ebsht\u00eb njohur nga shumica e komunitetit nd\u00ebrkomb\u00ebtar.<\/span><\/p>\n<p><span style=\"color: #000000;\">Bakuja rimori kontrollin e nj\u00eb pjese t\u00eb territorit pas nj\u00eb lufte gjasht\u00ebjavore m\u00eb 2020. T\u00eb dyja pal\u00ebt n\u00ebnshkruan nj\u00eb marr\u00ebveshje arm\u00ebpushimi, q\u00eb aktualisht monitorohet nga forcat paqeruajt\u00ebse ruse.<\/span><\/p>\n<p><span style=\"color: #000000;\">Megjithat\u00eb, marr\u00ebveshja nuk ka sjell\u00eb paqe n\u00eb rajon dhe ka pasur p\u00ebrleshje t\u00eb koh\u00ebpaskohshme mes dy pal\u00ebve. P\u00ebrleshjet e fundit ndodh\u00ebn m\u00eb her\u00ebt gjat\u00eb k\u00ebtij muaji.<\/span><\/p>\n<p><span style=\"color: #000000;\">Deklaratat e Pashinianit vijn\u00eb nj\u00eb jav\u00eb pasi ai u takua n\u00eb Bruksel me presidentin e Azerbajxhanit, Ilham Aliyev. Ky takim u thirr nga Bashkimi Evropian dhe n\u00eb t\u00eb u diskutua p\u00ebr arritjen e nj\u00eb marr\u00ebveshjeje q\u00eb do t\u00eb prodhonte paqe t\u00eb q\u00ebndrueshme.<\/span><\/p>\n<p><span style=\"color: #000000;\">BE-ja tha se takimi paraqiste nj\u00eb hap pozitiv p\u00ebrpara. Megjithat\u00eb, arritja e paqes s\u00eb q\u00ebndrueshme do t\u00eb k\u00ebrkonte koh\u00eb dhe tejkalimin e mospajtimeve nga opozita n\u00eb Armeni.<\/span><\/p>\n","protected":false,"gt_translate_keys":[{"key":"rendered","format":"html"}]},"excerpt":{"rendered":"<p>Armenia tha se \u00ebsht\u00eb e gatshme ta pranoj\u00eb rajonin e Nagorno-Karabakut si pjes\u00eb e Azerbajxhanit fqinj, por n\u00ebn disa kushte. Nj\u00eb kompromis i till\u00eb do t\u00eb ndihmonte q\u00eb t\u2019i jepej fund konfliktit prej disa dekadash dhe do t\u00eb ndihmonte n\u00eb ringjalljen e k\u00ebtij rajoni t\u00eb varf\u00ebr. Kryeministri i Armenis\u00eb, Nikol Pashinian, tha gjat\u00eb nj\u00eb konference [&hellip;]<\/p>\n","protected":false,"gt_translate_keys":[{"key":"rendered","format":"html"}]},"author":32,"featured_media":597581,"comment_status":"closed","ping_status":"closed","sticky":false,"template":"","format":"standard","meta":{"footnotes":""},"categories":[6,13],"tags":[],"class_list":["post-597580","post","type-post","status-publish","format-standard","has-post-thumbnail","hentry","category-nderkombetare","category-te-fundit"],"gt_translate_keys":[{"key":"link","format":"url"}],"_links":{"self":[{"href":"https:\/\/www.hashtag.al\/index.php\/wp-json\/wp\/v2\/posts\/597580","targetHints":{"allow":["GET"]}}],"collection":[{"href":"https:\/\/www.hashtag.al\/index.php\/wp-json\/wp\/v2\/posts"}],"about":[{"href":"https:\/\/www.hashtag.al\/index.php\/wp-json\/wp\/v2\/types\/post"}],"author":[{"embeddable":true,"href":"https:\/\/www.hashtag.al\/index.php\/wp-json\/wp\/v2\/users\/32"}],"replies":[{"embeddable":true,"href":"https:\/\/www.hashtag.al\/index.php\/wp-json\/wp\/v2\/comments?post=597580"}],"version-history":[{"count":0,"href":"https:\/\/www.hashtag.al\/index.php\/wp-json\/wp\/v2\/posts\/597580\/revisions"}],"wp:featuredmedia":[{"embeddable":true,"href":"https:\/\/www.hashtag.al\/index.php\/wp-json\/wp\/v2\/media\/597581"}],"wp:attachment":[{"href":"https:\/\/www.hashtag.al\/index.php\/wp-json\/wp\/v2\/media?parent=597580"}],"wp:term":[{"taxonomy":"category","embeddable":true,"href":"https:\/\/www.hashtag.al\/index.php\/wp-json\/wp\/v2\/categories?post=597580"},{"taxonomy":"post_tag","embeddable":true,"href":"https:\/\/www.hashtag.al\/index.php\/wp-json\/wp\/v2\/tags?post=597580"}],"curies":[{"name":"wp","href":"https:\/\/api.w.org\/{rel}","templated":true}]}}