{"id":597303,"date":"2023-05-21T12:31:27","date_gmt":"2023-05-21T10:31:27","guid":{"rendered":"https:\/\/www.hashtag.al\/?p=597303"},"modified":"2023-05-21T12:37:47","modified_gmt":"2023-05-21T10:37:47","slug":"prokuroret-ne-meksike-terheqin-akuzat-ndaj-gruas-se-denuar-per-vrasjen-e-perdhunuesit","status":"publish","type":"post","link":"https:\/\/www.hashtag.al\/index.php\/2023\/05\/21\/prokuroret-ne-meksike-terheqin-akuzat-ndaj-gruas-se-denuar-per-vrasjen-e-perdhunuesit\/","title":{"rendered":"Prokuror\u00ebt n\u00eb Meksik\u00eb t\u00ebrheqin akuzat ndaj gruas s\u00eb d\u00ebnuar p\u00ebr vrasjen e p\u00ebrdhunuesit","gt_translate_keys":[{"key":"rendered","format":"text"}]},"content":{"rendered":"<p><span style=\"color: #000000;\"><img loading=\"lazy\" decoding=\"async\" class=\"aligncenter size-full wp-image-597304\" src=\"https:\/\/www.hashtag.al\/wp-content\/uploads\/2023\/05\/ezgif.com-webp-to-jpg-29.jpg\" alt=\"\" width=\"1000\" height=\"659\" srcset=\"https:\/\/www.hashtag.al\/wp-content\/uploads\/2023\/05\/ezgif.com-webp-to-jpg-29.jpg 1000w, https:\/\/www.hashtag.al\/wp-content\/uploads\/2023\/05\/ezgif.com-webp-to-jpg-29-300x198.jpg 300w, https:\/\/www.hashtag.al\/wp-content\/uploads\/2023\/05\/ezgif.com-webp-to-jpg-29-768x506.jpg 768w\" sizes=\"auto, (max-width: 1000px) 100vw, 1000px\" \/><\/span><\/p>\n<p><span style=\"color: #000000;\">Prokuror\u00ebt meksikan\u00eb njoftuan t\u00eb shtun\u00ebn mbr\u00ebma se po t\u00ebrhiqnin nj\u00eb \u00e7\u00ebshtje kund\u00ebr nj\u00eb gruaje, e cila u d\u00ebnua me gjasht\u00eb vjet burg p\u00ebr vrasjen e nj\u00eb burri teksa e p\u00ebrdhunonte.<\/span><\/p>\n<p><span style=\"color: #000000;\">N\u00eb nj\u00eb vendim jav\u00ebn e kaluar q\u00eb shkaktoi nj\u00eb protest\u00eb publike, nj\u00eb gjykat\u00eb n\u00eb shtetin e Meksik\u00ebs tha se nd\u00ebrsa pranoi se 23-vje\u00e7arja Roxana Ruiz u p\u00ebrdhunua n\u00eb vitin 2021, e gjeti at\u00eb fajtore p\u00ebr vrasje me \u2018p\u00ebrdorim t\u00eb tepruar t\u00eb mbrojtjes legjitime\u2019. Ajo gjithashtu e urdh\u00ebroi Ruiz-in t\u00eb paguante m\u00eb shum\u00eb se 16,000 dollar\u00eb si d\u00ebmshp\u00ebrblime p\u00ebr familjen e sulmuesit t\u00eb saj.<\/span><\/p>\n<p><span style=\"color: #000000;\">Grupet feministe, t\u00eb cilat kan\u00eb mb\u00ebshtetur mbrojtjen e Ruizit, protestuan me zem\u00ebrim, duke th\u00ebn\u00eb se vendimi po kriminalizonte t\u00eb mbijetuarat e dhun\u00ebs seksuale, nd\u00ebrsa mbronte autor\u00ebt n\u00eb nj\u00eb vend me nivele t\u00eb larta t\u00eb dhun\u00ebs me baz\u00eb gjinore dhe vrasjes s\u00eb femrave. Protestuesit n\u00eb Mexico City mbanin pankarta ku shkruhej \u2018Mbrojtja e jet\u00ebs sime nuk \u00ebsht\u00eb krim\u2019.<\/span><\/p>\n<p><span style=\"color: #000000;\">Ruiz, nj\u00eb grua indigjene dhe n\u00ebn\u00eb beqare, u tha gazetar\u00ebve pas vendimit t\u00eb gjykat\u00ebs se ajo kishte marr\u00eb k\u00ebrc\u00ebnime me vdekje p\u00ebr shkak t\u00eb rastit dhe se ajo shqet\u00ebsohej p\u00ebr sigurin\u00eb e familjes s\u00eb saj, ve\u00e7an\u00ebrisht p\u00ebr jet\u00ebn e djalit t\u00eb saj 4-vje\u00e7ar, shkruan <span style=\"color: #0000ff;\"><a style=\"color: #0000ff;\" href=\"https:\/\/apnews.com\/article\/roxana-ruiz-mexico-gender-violence-d8805e5235b2218dd3985fa172c97e5e\/gallery\/9245cb68a2f5409ca92e3499aba0d449\">AP<\/a>.<\/span><\/span><\/p>\n<p><span style=\"color: #000000;\"><em>&#8220;Kjo nuk \u00ebsht\u00eb drejt\u00ebsi,&#8221;<\/em> tha ajo.<\/span><\/p>\n<p><span style=\"color: #000000;\"><em>\u201cMos harroni se un\u00eb jam ajo q\u00eb u sulmova seksualisht nga ai burr\u00eb dhe e vravan\u00eb kushtet e vet\u00ebmbrojtjes sepse nuk doja t\u00eb vdisja nga duart e tij.\u201d<\/em><\/span><\/p>\n<p><span style=\"color: #000000;\"><img loading=\"lazy\" decoding=\"async\" class=\"aligncenter size-full wp-image-597305\" src=\"https:\/\/www.hashtag.al\/wp-content\/uploads\/2023\/05\/ezgif.com-webp-to-jpg-1-3.jpg\" alt=\"\" width=\"1000\" height=\"668\" srcset=\"https:\/\/www.hashtag.al\/wp-content\/uploads\/2023\/05\/ezgif.com-webp-to-jpg-1-3.jpg 1000w, https:\/\/www.hashtag.al\/wp-content\/uploads\/2023\/05\/ezgif.com-webp-to-jpg-1-3-300x200.jpg 300w, https:\/\/www.hashtag.al\/wp-content\/uploads\/2023\/05\/ezgif.com-webp-to-jpg-1-3-768x513.jpg 768w\" sizes=\"auto, (max-width: 1000px) 100vw, 1000px\" \/><\/span><\/p>\n<p><span style=\"color: #000000;\">Duke iu p\u00ebrgjigjur zem\u00ebrimit, Presidenti Andr\u00e9s Manuel L\u00f3pez Obrador kishte th\u00ebn\u00eb gjat\u00eb nj\u00eb konference p\u00ebr shtyp n\u00eb m\u00ebngjes se do k\u00ebrkonte t\u00eb falte Ruizin. Por avokat\u00ebt e saj than\u00eb se pranimi i nj\u00eb faljeje do t\u00eb ishte pranimi i kryerjes s\u00eb krimit nga ana e Ruiz dhe se ajo \u00ebsht\u00eb plot\u00ebsisht e pafajshme.<\/span><\/p>\n<p><span style=\"color: #000000;\">N\u00eb nj\u00eb deklarat\u00eb p\u00ebr shtyp t\u00eb shtun\u00ebn mbr\u00ebma, Zyra e Prokurorit t\u00eb Shtetit tha se kishte shqyrtuar \u00e7\u00ebshtjen &#8211; duke marr\u00eb parasysh se Ruiz \u00ebsht\u00eb pjes\u00eb e nj\u00eb grupi vulnerab\u00ebl &#8211; dhe zbuloi se ajo ishte \u2018e p\u00ebrjashtuar nga faji\u2019. Ai shtoi se Zyra e Prokurorit beson se ajo ka vepruar n\u00eb vet\u00ebmbrojtje.<\/span><\/p>\n<p><span style=\"color: #000000;\">Njoftimi u lavd\u00ebrua nga avokati mbrojt\u00ebs i Ruiz, \u00c1ngel Carrera, megjith\u00ebse ai vuri n\u00eb dukje se ai nuk ishte njoftuar zyrtarisht p\u00ebr heqjen e akuzave.<\/span><\/p>\n<p><span style=\"color: #000000;\"><em>&#8220;Kjo do t\u00eb thot\u00eb se ata po e njohin pafaj\u00ebsin\u00eb e saj,&#8221;<\/em> tha Carrera p\u00ebr Associated Press.<\/span><\/p>\n<p><span style=\"color: #000000;\">N\u00eb maj 2021, Ruiz po punonte duke shitur patate t\u00eb skuqura n\u00eb Nezahualcoyotl, nj\u00eb nga 11 komunat n\u00eb shtetin n\u00eb fjal\u00eb, q\u00eb kufizohet me Mexico City nga tre an\u00ebt dhe vazhdon t\u00eb ket\u00eb njoftime q\u00eb paralajm\u00ebrojn\u00eb grat\u00eb p\u00ebr vrasjet dhe dhe zhdukjet me forc\u00eb t\u00eb grave.<\/span><\/p>\n<p><span style=\"color: #000000;\">Pavar\u00ebsisht se Ruiz i tha policis\u00eb se ishte p\u00ebrdhunuar, nj\u00eb ekspertiz\u00eb mjeko-ligjore nuk u krye kurr\u00eb, nj\u00eb hap vendimtar n\u00eb hetimet penale t\u00eb rasteve t\u00eb dhun\u00ebs seksuale, tha Carrera.<\/span><\/p>\n<p><span style=\"color: #000000;\">Gati gjysma e grave meksikane kan\u00eb p\u00ebrjetuar dhun\u00eb seksuale gjat\u00eb jet\u00ebs s\u00eb tyre, thon\u00eb t\u00eb dh\u00ebnat e qeveris\u00eb.<\/span><\/p>\n<p><span style=\"color: #000000;\">N\u00eb vitin 2022, qeveria meksikane regjistroi gjithsej 3,754 gra &#8211; mesatarisht 10 n\u00eb dit\u00eb &#8211; t\u00eb cilat u vran\u00eb, nj\u00eb rritje e konsiderueshme nga nj\u00eb vit m\u00eb par\u00eb. Vet\u00ebm nj\u00eb e treta u hetuan si femicide.<\/span><\/p>\n<p><span style=\"color: #000000;\">Carrera tha se shpreson q\u00eb njoftimi p\u00ebr heqjen e rastit t\u00eb krijoj\u00eb nj\u00eb precedent q\u00eb rastet e tjera t\u00eb dhun\u00ebs me baz\u00eb gjinore t\u00eb hetohen m\u00eb thell\u00eb dhe t\u00eb trajtohen me ndjeshm\u00ebri m\u00eb t\u00eb thell\u00eb.<\/span><\/p>\n<p><span style=\"color: #000000;\"><img loading=\"lazy\" decoding=\"async\" class=\"aligncenter size-full wp-image-597306\" src=\"https:\/\/www.hashtag.al\/wp-content\/uploads\/2023\/05\/ezgif.com-webp-to-jpg-2-3.jpg\" alt=\"\" width=\"1000\" height=\"667\" srcset=\"https:\/\/www.hashtag.al\/wp-content\/uploads\/2023\/05\/ezgif.com-webp-to-jpg-2-3.jpg 1000w, https:\/\/www.hashtag.al\/wp-content\/uploads\/2023\/05\/ezgif.com-webp-to-jpg-2-3-300x200.jpg 300w, https:\/\/www.hashtag.al\/wp-content\/uploads\/2023\/05\/ezgif.com-webp-to-jpg-2-3-768x512.jpg 768w\" sizes=\"auto, (max-width: 1000px) 100vw, 1000px\" \/><\/span><\/p>\n","protected":false,"gt_translate_keys":[{"key":"rendered","format":"html"}]},"excerpt":{"rendered":"<p>Prokuror\u00ebt meksikan\u00eb njoftuan t\u00eb shtun\u00ebn mbr\u00ebma se po t\u00ebrhiqnin nj\u00eb \u00e7\u00ebshtje kund\u00ebr nj\u00eb gruaje, e cila u d\u00ebnua me gjasht\u00eb vjet burg p\u00ebr vrasjen e nj\u00eb burri teksa e p\u00ebrdhunonte. N\u00eb nj\u00eb vendim jav\u00ebn e kaluar q\u00eb shkaktoi nj\u00eb protest\u00eb publike, nj\u00eb gjykat\u00eb n\u00eb shtetin e Meksik\u00ebs tha se nd\u00ebrsa pranoi se 23-vje\u00e7arja Roxana Ruiz [&hellip;]<\/p>\n","protected":false,"gt_translate_keys":[{"key":"rendered","format":"html"}]},"author":51,"featured_media":597305,"comment_status":"closed","ping_status":"closed","sticky":false,"template":"","format":"standard","meta":{"footnotes":""},"categories":[22],"tags":[],"class_list":["post-597303","post","type-post","status-publish","format-standard","has-post-thumbnail","hentry","category-ballina"],"gt_translate_keys":[{"key":"link","format":"url"}],"_links":{"self":[{"href":"https:\/\/www.hashtag.al\/index.php\/wp-json\/wp\/v2\/posts\/597303","targetHints":{"allow":["GET"]}}],"collection":[{"href":"https:\/\/www.hashtag.al\/index.php\/wp-json\/wp\/v2\/posts"}],"about":[{"href":"https:\/\/www.hashtag.al\/index.php\/wp-json\/wp\/v2\/types\/post"}],"author":[{"embeddable":true,"href":"https:\/\/www.hashtag.al\/index.php\/wp-json\/wp\/v2\/users\/51"}],"replies":[{"embeddable":true,"href":"https:\/\/www.hashtag.al\/index.php\/wp-json\/wp\/v2\/comments?post=597303"}],"version-history":[{"count":0,"href":"https:\/\/www.hashtag.al\/index.php\/wp-json\/wp\/v2\/posts\/597303\/revisions"}],"wp:featuredmedia":[{"embeddable":true,"href":"https:\/\/www.hashtag.al\/index.php\/wp-json\/wp\/v2\/media\/597305"}],"wp:attachment":[{"href":"https:\/\/www.hashtag.al\/index.php\/wp-json\/wp\/v2\/media?parent=597303"}],"wp:term":[{"taxonomy":"category","embeddable":true,"href":"https:\/\/www.hashtag.al\/index.php\/wp-json\/wp\/v2\/categories?post=597303"},{"taxonomy":"post_tag","embeddable":true,"href":"https:\/\/www.hashtag.al\/index.php\/wp-json\/wp\/v2\/tags?post=597303"}],"curies":[{"name":"wp","href":"https:\/\/api.w.org\/{rel}","templated":true}]}}