{"id":597134,"date":"2023-05-19T21:19:27","date_gmt":"2023-05-19T19:19:27","guid":{"rendered":"https:\/\/www.hashtag.al\/?p=597134"},"modified":"2023-05-19T21:19:27","modified_gmt":"2023-05-19T19:19:27","slug":"vucic-sdo-kete-kurre-kosove-te-pavarur","status":"publish","type":"post","link":"https:\/\/www.hashtag.al\/index.php\/2023\/05\/19\/vucic-sdo-kete-kurre-kosove-te-pavarur\/","title":{"rendered":"Vu\u00e7i\u00e7: S\u2019do ket\u00eb kurr\u00eb Kosov\u00eb t\u00eb pavarur","gt_translate_keys":[{"key":"rendered","format":"text"}]},"content":{"rendered":"<p><img loading=\"lazy\" decoding=\"async\" class=\"aligncenter size-full wp-image-584157\" src=\"https:\/\/www.hashtag.al\/wp-content\/uploads\/2023\/03\/vucic.jpg\" alt=\"\" width=\"1013\" height=\"675\" srcset=\"https:\/\/www.hashtag.al\/wp-content\/uploads\/2023\/03\/vucic.jpg 1013w, https:\/\/www.hashtag.al\/wp-content\/uploads\/2023\/03\/vucic-300x200.jpg 300w, https:\/\/www.hashtag.al\/wp-content\/uploads\/2023\/03\/vucic-768x512.jpg 768w\" sizes=\"auto, (max-width: 1013px) 100vw, 1013px\" \/><\/p>\n<p><span style=\"color: #000000;\">Presidenti i Serbis\u00eb, Aleksandar Vu\u00e7i\u00e7, tha t\u00eb premten n\u00eb nj\u00eb takim t\u00eb Partis\u00eb s\u00eb tij Progresive Serbe (SNS) se ka pritje q\u00eb Serbia ta dor\u00ebzoj\u00eb Kosov\u00ebn \u2018n\u00eb pjat\u00eb\u2019.<\/span><\/p>\n<p><span style=\"color: #000000;\"><em>\u201cB\u00ebni \u00e7far\u00eb t\u00eb doni, jasht\u00eb dhe brenda, nuk do e lejoj q\u00eb t\u00eb shkat\u00ebrrohet Serbia, dhe nuk do t\u00eb ket\u00eb Kosov\u00eb t\u00eb pavarur.\u201d<\/em> &#8211; ka th\u00ebn\u00eb Vu\u00e7i\u00e7.<\/span><\/p>\n<p><span style=\"color: #000000;\">Vu\u00e7i\u00e7 ka th\u00ebn\u00eb se ai nuk do t\u00eb lejoj\u00eb q\u00eb qeverisja t\u00eb ndryshohet me forc\u00eb, n\u00ebn ndikimin e tjer\u00ebve, dhe as t\u00eb zbatoj\u00eb politika kund\u00ebr interesave t\u00eb Serbis\u00eb.<\/span><\/p>\n<p><span style=\"color: #000000;\">Ai ka th\u00ebn\u00eb se nuk do t\u2019iu \u2018sh\u00ebrbej\u00eb\u2019 kurr\u00eb t\u00eb huajve, shkruan <span style=\"color: #0000ff;\">REL.<\/span><\/span><\/p>\n<p><span style=\"color: #000000;\"><em>\u201cAta nuk do ta udh\u00ebheqin politik\u00ebn e jashtme t\u00eb Serbis\u00eb. Ata nuk do t\u00eb vendosin p\u00ebr mua se k\u00eb ta sanksionoj, njer\u00ebzit do e vendosin, ata nuk do vendosin p\u00ebr mua n\u00ebse Serbia do t\u2019i bashkohet NATO-s, njer\u00ebzit do e vendosin.\u201d<\/em> &#8211; ka th\u00ebn\u00eb Vu\u00e7i\u00e7.<\/span><\/p>\n<p><span style=\"color: #000000;\">Kosova e Serbia, i kan\u00eb nisur negociatat p\u00ebr normalizim t\u00eb marr\u00ebdh\u00ebnieve m\u00eb 2011, n\u00ebn nd\u00ebrmjet\u00ebsim t\u00eb Bashkimit Evropian.<\/span><\/p>\n<p><span style=\"color: #000000;\">N\u00eb shkurt t\u00eb k\u00ebtij viti, Vu\u00e7i\u00e7 e Kurti arrit\u00ebn pajtueshm\u00ebrin\u00eb p\u00ebr Marr\u00ebveshjen p\u00ebr Normalizim t\u00eb Marr\u00ebdh\u00ebnieve dhe n\u00eb mars p\u00ebr aneksin e zbatimit t\u00eb saj.<\/span><\/p>\n<p><span style=\"color: #000000;\">Marr\u00ebveshja me 11 nene, e b\u00ebr\u00eb publike m\u00eb 27 shkurt, nuk e detyron Serbin\u00eb ta njoh\u00eb Kosov\u00ebn, por k\u00ebrkon nga t\u00eb dyja vendet q\u00eb t\u2019i pranojn\u00eb dokumentet dhe simbolet e nj\u00ebra-tjetr\u00ebs, p\u00ebrfshir\u00eb\u00a0 pasaportat, diplomat e targat.<\/span><\/p>\n","protected":false,"gt_translate_keys":[{"key":"rendered","format":"html"}]},"excerpt":{"rendered":"<p>Presidenti i Serbis\u00eb, Aleksandar Vu\u00e7i\u00e7, tha t\u00eb premten n\u00eb nj\u00eb takim t\u00eb Partis\u00eb s\u00eb tij Progresive Serbe (SNS) se ka pritje q\u00eb Serbia ta dor\u00ebzoj\u00eb Kosov\u00ebn \u2018n\u00eb pjat\u00eb\u2019. \u201cB\u00ebni \u00e7far\u00eb t\u00eb doni, jasht\u00eb dhe brenda, nuk do e lejoj q\u00eb t\u00eb shkat\u00ebrrohet Serbia, dhe nuk do t\u00eb ket\u00eb Kosov\u00eb t\u00eb pavarur.\u201d &#8211; ka th\u00ebn\u00eb Vu\u00e7i\u00e7. [&hellip;]<\/p>\n","protected":false,"gt_translate_keys":[{"key":"rendered","format":"html"}]},"author":51,"featured_media":584157,"comment_status":"closed","ping_status":"closed","sticky":false,"template":"","format":"standard","meta":{"footnotes":""},"categories":[149],"tags":[],"class_list":["post-597134","post","type-post","status-publish","format-standard","has-post-thumbnail","hentry","category-kosoverajon"],"gt_translate_keys":[{"key":"link","format":"url"}],"_links":{"self":[{"href":"https:\/\/www.hashtag.al\/index.php\/wp-json\/wp\/v2\/posts\/597134","targetHints":{"allow":["GET"]}}],"collection":[{"href":"https:\/\/www.hashtag.al\/index.php\/wp-json\/wp\/v2\/posts"}],"about":[{"href":"https:\/\/www.hashtag.al\/index.php\/wp-json\/wp\/v2\/types\/post"}],"author":[{"embeddable":true,"href":"https:\/\/www.hashtag.al\/index.php\/wp-json\/wp\/v2\/users\/51"}],"replies":[{"embeddable":true,"href":"https:\/\/www.hashtag.al\/index.php\/wp-json\/wp\/v2\/comments?post=597134"}],"version-history":[{"count":0,"href":"https:\/\/www.hashtag.al\/index.php\/wp-json\/wp\/v2\/posts\/597134\/revisions"}],"wp:featuredmedia":[{"embeddable":true,"href":"https:\/\/www.hashtag.al\/index.php\/wp-json\/wp\/v2\/media\/584157"}],"wp:attachment":[{"href":"https:\/\/www.hashtag.al\/index.php\/wp-json\/wp\/v2\/media?parent=597134"}],"wp:term":[{"taxonomy":"category","embeddable":true,"href":"https:\/\/www.hashtag.al\/index.php\/wp-json\/wp\/v2\/categories?post=597134"},{"taxonomy":"post_tag","embeddable":true,"href":"https:\/\/www.hashtag.al\/index.php\/wp-json\/wp\/v2\/tags?post=597134"}],"curies":[{"name":"wp","href":"https:\/\/api.w.org\/{rel}","templated":true}]}}