{"id":597012,"date":"2023-05-19T10:29:56","date_gmt":"2023-05-19T08:29:56","guid":{"rendered":"https:\/\/www.hashtag.al\/?p=597012"},"modified":"2023-05-19T10:29:56","modified_gmt":"2023-05-19T08:29:56","slug":"ne-burg-per-blerje-votash-te-henen-fredi-beleri-del-para-gjykates-se-posacme","status":"publish","type":"post","link":"https:\/\/www.hashtag.al\/index.php\/2023\/05\/19\/ne-burg-per-blerje-votash-te-henen-fredi-beleri-del-para-gjykates-se-posacme\/","title":{"rendered":"N\u00eb burg p\u00ebr blerje votash, t\u00eb h\u00ebn\u00ebn Fredi Beleri del para Gjykat\u00ebs s\u00eb Posa\u00e7me","gt_translate_keys":[{"key":"rendered","format":"text"}]},"content":{"rendered":"<p><a href=\"https:\/\/www.hashtag.al\/wp-content\/uploads\/2023\/05\/beleri-2.jpg\"><img loading=\"lazy\" decoding=\"async\" class=\"aligncenter size-full wp-image-596687\" src=\"https:\/\/www.hashtag.al\/wp-content\/uploads\/2023\/05\/beleri-2.jpg\" alt=\"\" width=\"1600\" height=\"900\" srcset=\"https:\/\/www.hashtag.al\/wp-content\/uploads\/2023\/05\/beleri-2.jpg 1600w, https:\/\/www.hashtag.al\/wp-content\/uploads\/2023\/05\/beleri-2-300x169.jpg 300w, https:\/\/www.hashtag.al\/wp-content\/uploads\/2023\/05\/beleri-2-1024x576.jpg 1024w, https:\/\/www.hashtag.al\/wp-content\/uploads\/2023\/05\/beleri-2-768x432.jpg 768w, https:\/\/www.hashtag.al\/wp-content\/uploads\/2023\/05\/beleri-2-1536x864.jpg 1536w\" sizes=\"auto, (max-width: 1600px) 100vw, 1600px\" \/><\/a><\/p>\n<p><span style=\"color: #000000;\">Fredi Beleri do t\u00eb dal\u00eb t\u00eb h\u00ebn\u00ebn para Gjykat\u00ebs s\u00eb Posa\u00e7me.<\/span><\/p>\n<p><span style=\"color: #000000;\">Dosja e Fredi Belerit, i cili \u00ebsht\u00eb n\u00eb burg p\u00ebr blerje votash, i ka kaluar SPAK dhe t\u00eb h\u00ebn\u00ebn n\u00eb or\u00ebn 13:00 do t\u00eb mbahet seanca e par\u00eb n\u00eb GJKKO. Gjyqtare e \u00e7\u00ebshtjes \u00ebsht\u00eb Atalanta Zeqiri.<\/span><\/p>\n<p><span style=\"color: #000000;\">Fredi Beleri, i akuzuar p\u00ebr blerje t\u00eb 8 votave p\u00ebr 40 mij\u00eb lek\u00eb, do t\u00eb q\u00ebndroj n\u00eb mas\u00ebn e siguris\u00eb \u201carrest n\u00eb burg\u201d, dh\u00ebn\u00eb nga Gjykata e Vlor\u00ebs, e cila pas vendimit shpalli mos kompetenc\u00eb dhe dosja hetimore tashm\u00eb kalon n\u00eb SPAK.<\/span><\/p>\n<p><span style=\"color: #000000;\">N\u00eb burg \u00ebsht\u00eb l\u00ebn\u00eb edhe Pandeli Kokaveshi i akuzuar si bashk\u00ebpun\u00ebtor i Belerit n\u00eb blerjen e votave t\u00eb qytetar\u00ebve n\u00eb Himar\u00eb. E pranishme n\u00eb seanc\u00eb ishte edhe ambasadorja greke n\u00eb Tiran\u00eb, Konstantina Kamitsi.<\/span><\/p>\n","protected":false,"gt_translate_keys":[{"key":"rendered","format":"html"}]},"excerpt":{"rendered":"<p>Fredi Beleri do t\u00eb dal\u00eb t\u00eb h\u00ebn\u00ebn para Gjykat\u00ebs s\u00eb Posa\u00e7me. Dosja e Fredi Belerit, i cili \u00ebsht\u00eb n\u00eb burg p\u00ebr blerje votash, i ka kaluar SPAK dhe t\u00eb h\u00ebn\u00ebn n\u00eb or\u00ebn 13:00 do t\u00eb mbahet seanca e par\u00eb n\u00eb GJKKO. Gjyqtare e \u00e7\u00ebshtjes \u00ebsht\u00eb Atalanta Zeqiri. Fredi Beleri, i akuzuar p\u00ebr blerje t\u00eb 8 [&hellip;]<\/p>\n","protected":false,"gt_translate_keys":[{"key":"rendered","format":"html"}]},"author":30,"featured_media":596687,"comment_status":"closed","ping_status":"closed","sticky":false,"template":"","format":"standard","meta":{"footnotes":""},"categories":[65],"tags":[],"class_list":["post-597012","post","type-post","status-publish","format-standard","has-post-thumbnail","hentry","category-lajme"],"gt_translate_keys":[{"key":"link","format":"url"}],"_links":{"self":[{"href":"https:\/\/www.hashtag.al\/index.php\/wp-json\/wp\/v2\/posts\/597012","targetHints":{"allow":["GET"]}}],"collection":[{"href":"https:\/\/www.hashtag.al\/index.php\/wp-json\/wp\/v2\/posts"}],"about":[{"href":"https:\/\/www.hashtag.al\/index.php\/wp-json\/wp\/v2\/types\/post"}],"author":[{"embeddable":true,"href":"https:\/\/www.hashtag.al\/index.php\/wp-json\/wp\/v2\/users\/30"}],"replies":[{"embeddable":true,"href":"https:\/\/www.hashtag.al\/index.php\/wp-json\/wp\/v2\/comments?post=597012"}],"version-history":[{"count":0,"href":"https:\/\/www.hashtag.al\/index.php\/wp-json\/wp\/v2\/posts\/597012\/revisions"}],"wp:featuredmedia":[{"embeddable":true,"href":"https:\/\/www.hashtag.al\/index.php\/wp-json\/wp\/v2\/media\/596687"}],"wp:attachment":[{"href":"https:\/\/www.hashtag.al\/index.php\/wp-json\/wp\/v2\/media?parent=597012"}],"wp:term":[{"taxonomy":"category","embeddable":true,"href":"https:\/\/www.hashtag.al\/index.php\/wp-json\/wp\/v2\/categories?post=597012"},{"taxonomy":"post_tag","embeddable":true,"href":"https:\/\/www.hashtag.al\/index.php\/wp-json\/wp\/v2\/tags?post=597012"}],"curies":[{"name":"wp","href":"https:\/\/api.w.org\/{rel}","templated":true}]}}