{"id":596961,"date":"2023-05-18T19:49:51","date_gmt":"2023-05-18T17:49:51","guid":{"rendered":"https:\/\/www.hashtag.al\/?p=596961"},"modified":"2023-05-18T19:49:51","modified_gmt":"2023-05-18T17:49:51","slug":"kas-gjobit-rakip-sulin-dhe-blerim-sheren-per-perdorimin-e-rrjeteve-sociale-per-qellime-elektorale","status":"publish","type":"post","link":"https:\/\/www.hashtag.al\/index.php\/2023\/05\/18\/kas-gjobit-rakip-sulin-dhe-blerim-sheren-per-perdorimin-e-rrjeteve-sociale-per-qellime-elektorale\/","title":{"rendered":"KAS gjobit Rakip Sulin dhe Blerim Sher\u00ebn p\u00ebr p\u00ebrdorimin e rrjeteve sociale p\u00ebr q\u00ebllime elektorale","gt_translate_keys":[{"key":"rendered","format":"text"}]},"content":{"rendered":"<p><span style=\"color: #000000;\"><a href=\"https:\/\/www.hashtag.al\/wp-content\/uploads\/2023\/03\/mbledhje-kas-1.jpg\"><img loading=\"lazy\" decoding=\"async\" class=\"aligncenter size-full wp-image-584489\" src=\"https:\/\/www.hashtag.al\/wp-content\/uploads\/2023\/03\/mbledhje-kas-1.jpg\" alt=\"\" width=\"797\" height=\"455\" srcset=\"https:\/\/www.hashtag.al\/wp-content\/uploads\/2023\/03\/mbledhje-kas-1.jpg 797w, https:\/\/www.hashtag.al\/wp-content\/uploads\/2023\/03\/mbledhje-kas-1-300x171.jpg 300w, https:\/\/www.hashtag.al\/wp-content\/uploads\/2023\/03\/mbledhje-kas-1-768x438.jpg 768w\" sizes=\"auto, (max-width: 797px) 100vw, 797px\" \/><\/a><\/span><\/p>\n<p><span style=\"color: #000000;\">Komisioni i Ankimimeve dhe Sanksioneve, KAS, vendosi t\u00eb enjten t\u00eb gjobis\u00eb me 100 mij\u00eb lek\u00eb dy kryebashkiak\u00ebt socialist\u00eb, Rakip Sulin e Kamz\u00ebs dhe Blerim Sher\u00ebn e Vor\u00ebs, pasi n\u00eb m\u00ebnyr\u00eb t\u00eb p\u00ebrs\u00ebritur kan\u00eb p\u00ebrdorur faqen zyrtare t\u00eb bashkive n\u00eb Facebook p\u00ebr shp\u00ebrndarje t\u00eb fushat\u00ebs s\u00eb tyre elektorale.<\/span><\/p>\n<p><span style=\"color: #000000;\">Kodi Zgjedhor ndalon p\u00ebrdorimin e burimeve publike p\u00ebr fushat\u00eb partiake t\u00eb kandidat\u00ebve.<\/span><\/p>\n<p><span style=\"color: #000000;\">Denoncimi ndaj dy kryebashkiak\u00ebve ishte b\u00ebr\u00eb gjat\u00eb fushat\u00ebs zgjedhore nga organizata KRIIK, e cila denoncoi Sulin e Sher\u00ebn se kishin lejuar postime me p\u00ebrmbajtje partiake n\u00eb faqet zyrtare t\u00eb bashkive q\u00eb drejtonin. Denoncimi lidhej konkretisht me p\u00ebrdorimin e hashtag\u00ebve me sloganin e fushat\u00ebs s\u00eb Partis\u00eb Socialiste #vetemperpara dhe #kurremembrapa.<\/span><\/p>\n<p><span style=\"color: #000000;\">Vendimi i KAS-it vjen disa dit\u00eb pas zgjedhjeve t\u00eb 14 majit, ku t\u00eb dy k\u00ebta kryebashkiak\u00eb u rikonfirmuan n\u00eb detyr\u00eb me rezultat t\u00eb thell\u00eb.<\/span><\/p>\n<p><span style=\"color: #000000;\">P\u00ebrdorimi i rrjeteve sociale zyrtare t\u00eb bashkive, ministrive dhe institucioneve t\u00eb tjera u denoncua gjat\u00eb gjith\u00eb fushat\u00ebs elektorale dhe KAS ka vendosur dhjet\u00ebra masa administrative pa mundur ta ndaloj\u00eb k\u00ebt\u00eb fenomen.<\/span><\/p>\n<p><span style=\"color: #000000;\">Organizatat e monitorimit t\u00eb zgjedhjeve konstatuan se kryebashkiak\u00ebt socialist\u00eb q\u00eb drejtonin pothuaj gjith\u00eb bashkit\u00eb e vendit q\u00eb nga zgjedhjet 2019-\u00ebs p\u00ebrdor\u00ebn gjer\u00ebsisht faqet n\u00eb Facebook t\u00eb bashkive apo institucioneve n\u00eb var\u00ebsi p\u00ebr t\u00eb reklamuar veten e tyre si kandidat\u00eb p\u00ebr zgjedhjet vendore.<\/span><\/p>\n<p><span style=\"color: #000000;\">P\u00ebr t\u00eb nj\u00ebjtat motive u denoncuan dhe u gjobit\u00ebn edhe zyrtar\u00eb t\u00eb ministrive apo institucione t\u00eb tjera, nd\u00ebrsa KAS \u201camnistoi\u201d rastet kur deputet\u00eb dhe ministra b\u00ebn\u00eb fushat\u00eb politike gjat\u00eb aktiviteteve publike t\u00eb bashkive.<\/span><\/p>\n<p><span style=\"color: #000000;\">Nj\u00eb urdh\u00ebr i Komisionerit Shtet\u00ebror p\u00ebr Zgjedhjet, Ilirian Celibashi, p\u00ebr fshirjen e t\u00eb gjitha postimeve me p\u00ebrmbajtje politike nga faqet e Facebookut t\u00eb t\u00eb gjith\u00eb institucioneve qendrore e vendore, nuk u zbatua n\u00eb p\u00ebrgjith\u00ebsi.<\/span><\/p>\n","protected":false,"gt_translate_keys":[{"key":"rendered","format":"html"}]},"excerpt":{"rendered":"<p>Komisioni i Ankimimeve dhe Sanksioneve, KAS, vendosi t\u00eb enjten t\u00eb gjobis\u00eb me 100 mij\u00eb lek\u00eb dy kryebashkiak\u00ebt socialist\u00eb, Rakip Sulin e Kamz\u00ebs dhe Blerim Sher\u00ebn e Vor\u00ebs, pasi n\u00eb m\u00ebnyr\u00eb t\u00eb p\u00ebrs\u00ebritur kan\u00eb p\u00ebrdorur faqen zyrtare t\u00eb bashkive n\u00eb Facebook p\u00ebr shp\u00ebrndarje t\u00eb fushat\u00ebs s\u00eb tyre elektorale. Kodi Zgjedhor ndalon p\u00ebrdorimin e burimeve publike p\u00ebr [&hellip;]<\/p>\n","protected":false,"gt_translate_keys":[{"key":"rendered","format":"html"}]},"author":32,"featured_media":584489,"comment_status":"closed","ping_status":"closed","sticky":false,"template":"","format":"standard","meta":{"footnotes":""},"categories":[65,13],"tags":[],"class_list":["post-596961","post","type-post","status-publish","format-standard","has-post-thumbnail","hentry","category-lajme","category-te-fundit"],"gt_translate_keys":[{"key":"link","format":"url"}],"_links":{"self":[{"href":"https:\/\/www.hashtag.al\/index.php\/wp-json\/wp\/v2\/posts\/596961","targetHints":{"allow":["GET"]}}],"collection":[{"href":"https:\/\/www.hashtag.al\/index.php\/wp-json\/wp\/v2\/posts"}],"about":[{"href":"https:\/\/www.hashtag.al\/index.php\/wp-json\/wp\/v2\/types\/post"}],"author":[{"embeddable":true,"href":"https:\/\/www.hashtag.al\/index.php\/wp-json\/wp\/v2\/users\/32"}],"replies":[{"embeddable":true,"href":"https:\/\/www.hashtag.al\/index.php\/wp-json\/wp\/v2\/comments?post=596961"}],"version-history":[{"count":0,"href":"https:\/\/www.hashtag.al\/index.php\/wp-json\/wp\/v2\/posts\/596961\/revisions"}],"wp:featuredmedia":[{"embeddable":true,"href":"https:\/\/www.hashtag.al\/index.php\/wp-json\/wp\/v2\/media\/584489"}],"wp:attachment":[{"href":"https:\/\/www.hashtag.al\/index.php\/wp-json\/wp\/v2\/media?parent=596961"}],"wp:term":[{"taxonomy":"category","embeddable":true,"href":"https:\/\/www.hashtag.al\/index.php\/wp-json\/wp\/v2\/categories?post=596961"},{"taxonomy":"post_tag","embeddable":true,"href":"https:\/\/www.hashtag.al\/index.php\/wp-json\/wp\/v2\/tags?post=596961"}],"curies":[{"name":"wp","href":"https:\/\/api.w.org\/{rel}","templated":true}]}}