{"id":596958,"date":"2023-05-18T19:31:04","date_gmt":"2023-05-18T17:31:04","guid":{"rendered":"https:\/\/www.hashtag.al\/?p=596958"},"modified":"2023-05-18T19:31:04","modified_gmt":"2023-05-18T17:31:04","slug":"presidentja-e-moldavise-anetaresimi-ne-be-na-mbron-nga-agresioni-rus","status":"publish","type":"post","link":"https:\/\/www.hashtag.al\/index.php\/2023\/05\/18\/presidentja-e-moldavise-anetaresimi-ne-be-na-mbron-nga-agresioni-rus\/","title":{"rendered":"Presidentja e Moldavis\u00eb: An\u00ebtar\u00ebsimi n\u00eb BE na mbron nga agresioni rus","gt_translate_keys":[{"key":"rendered","format":"text"}]},"content":{"rendered":"<p><span style=\"color: #000000;\"><a style=\"color: #000000;\" href=\"https:\/\/www.hashtag.al\/wp-content\/uploads\/2023\/05\/maia-sandu.png\"><img loading=\"lazy\" decoding=\"async\" class=\"aligncenter size-full wp-image-596959\" src=\"https:\/\/www.hashtag.al\/wp-content\/uploads\/2023\/05\/maia-sandu.png\" alt=\"\" width=\"1164\" height=\"698\" srcset=\"https:\/\/www.hashtag.al\/wp-content\/uploads\/2023\/05\/maia-sandu.png 1164w, https:\/\/www.hashtag.al\/wp-content\/uploads\/2023\/05\/maia-sandu-300x180.png 300w, https:\/\/www.hashtag.al\/wp-content\/uploads\/2023\/05\/maia-sandu-1024x614.png 1024w, https:\/\/www.hashtag.al\/wp-content\/uploads\/2023\/05\/maia-sandu-768x461.png 768w\" sizes=\"auto, (max-width: 1164px) 100vw, 1164px\" \/><\/a><\/span><\/p>\n<p><span style=\"color: #000000;\">Presidentja e Moldavis\u00eb, Maia Sandu, tha se an\u00ebtar\u00ebsimi n\u00eb Bashkimin Evropian i shtetit t\u00eb saj \u00ebsht\u00eb m\u00ebnyra m\u00eb e mir\u00eb p\u00ebr t&#8217;u mbrojtur kund\u00ebr agresionit potencial rus.<\/span><\/p>\n<p><span style=\"color: #000000;\">M\u00eb 1 qershor, Moldavia do t\u00eb jet\u00eb nikoqire e samitit t\u00eb par\u00eb t\u00eb 44 shteteve t\u00eb Bashk\u00ebsis\u00eb Politike Evropiane \u2013 nj\u00eb nism\u00eb e iniciuar vitin e kaluar nga presidenti francez, Emmanuel Macron, q\u00eb synon t\u00eb rris\u00eb bashk\u00ebpunimin midis BE-s\u00eb dhe shteteve joan\u00ebtare, ku p\u00ebrfshihen edhe shtetet aspiruese nga Ballkani Per\u00ebndimor dhe rajoni i Kaukazit.<\/span><\/p>\n<p><span style=\"color: #000000;\">Moldavia, s\u00eb bashku me Ukrain\u00ebn fqinje, vitin e kaluar mor\u00ebn statusin e vendit kandidat\u00eb p\u00ebr n\u00eb BE, disa muaj pasi Rusia nisi pushtimin e paprovokuar t\u00eb Ukrain\u00ebs.<\/span><\/p>\n<p><span style=\"color: #000000;\">Moldavia, nj\u00eb prej shteteve m\u00eb t\u00eb varfra n\u00eb Evrop\u00eb, ka pranuar qindra mij\u00ebra refugjat\u00eb ukrainas q\u00eb ikln nga lufta.<\/span><\/p>\n<p><span style=\"color: #000000;\">Rusia vazhdon t\u00eb ket\u00eb t\u00eb stacionuar mbi 1.000 trupa n\u00eb Transnjest\u00ebr, nj\u00eb rrip toke midis Moldavis\u00eb dhe Ukrain\u00ebs, gjoja p\u00ebr operacione paqeruajt\u00ebse dhe p\u00ebr ruajtjen e nj\u00eb depoje t\u00eb madhe municionesh t\u00eb epok\u00ebs sovjetike.<\/span><\/p>\n<p><span style=\"color: #000000;\">\u201cSigurisht, nuk mund t\u00eb krahasohet me at\u00eb q\u00eb po ndodh n\u00eb Ukrain\u00eb, por ne shohim rreziqe dhe ne besojm\u00eb se mund ta shp\u00ebtojm\u00eb demokracin\u00eb ton\u00eb vet\u00ebm duke qen\u00eb pjes\u00eb e BE-s\u00eb\u201d, tha Sandu p\u00ebr agjencin\u00eb e lajmeve AFP.<\/span><\/p>\n<p><span style=\"color: #000000;\">\u201cNe besojm\u00eb se Rusia do t\u00eb vazhdoj\u00eb t\u00eb jet\u00eb nj\u00eb burim i madh i paq\u00ebndrueshm\u00ebris\u00eb p\u00ebr vitet e ardhshme ne na duhet t\u00eb mbrojm\u00eb veten\u201d, shtoi ajo.<\/span><\/p>\n<p><span style=\"color: #000000;\">Sikurse Ukraina, edhe Moldavia ishte pjes\u00eb e ish-Bashkimit Sovjetik deri n\u00eb vitin 1991, kur edhe shpalli pavar\u00ebsin\u00eb.<\/span><\/p>\n<p><span style=\"color: #000000;\">M\u00eb 1992, Moldavia zhvilloi nj\u00eb luft\u00eb t\u00eb shkurt\u00ebr me rajonin Transnjest\u00ebr, t\u00eb mb\u00ebshtetur nga Rusia, rajon q\u00eb u shk\u00ebput. Moldavia druan se ky rajon d\u00ebshiron t\u00eb bashkohet me Rumanin\u00eb fqinje.<\/span><\/p>\n<p><span style=\"color: #000000;\">Moldavia ndan histori dhe gjuh\u00eb t\u00eb nj\u00ebjt\u00eb me Rumanin\u00eb, pjes\u00eb e s\u00eb cil\u00ebs ishte deri n\u00eb Luft\u00ebn e Dyt\u00eb Bot\u00ebrore.<\/span><\/p>\n<p><span style=\"color: #000000;\">Sandu, ish-zyrtare e Bank\u00ebs Bot\u00ebrore q\u00eb \u00ebsht\u00eb shkolluar n\u00eb Shtetet e Bashkuara, u zgjodh presidente n\u00eb n\u00ebntor t\u00eb vitit 2020, duke z\u00ebvend\u00ebsuar n\u00eb k\u00ebt\u00eb post Igor Dodonin, q\u00eb g\u00ebzonte mb\u00ebshtetjen e Mosk\u00ebs.<\/span><\/p>\n","protected":false,"gt_translate_keys":[{"key":"rendered","format":"html"}]},"excerpt":{"rendered":"<p>Presidentja e Moldavis\u00eb, Maia Sandu, tha se an\u00ebtar\u00ebsimi n\u00eb Bashkimin Evropian i shtetit t\u00eb saj \u00ebsht\u00eb m\u00ebnyra m\u00eb e mir\u00eb p\u00ebr t&#8217;u mbrojtur kund\u00ebr agresionit potencial rus. M\u00eb 1 qershor, Moldavia do t\u00eb jet\u00eb nikoqire e samitit t\u00eb par\u00eb t\u00eb 44 shteteve t\u00eb Bashk\u00ebsis\u00eb Politike Evropiane \u2013 nj\u00eb nism\u00eb e iniciuar vitin e kaluar nga [&hellip;]<\/p>\n","protected":false,"gt_translate_keys":[{"key":"rendered","format":"html"}]},"author":32,"featured_media":596959,"comment_status":"closed","ping_status":"closed","sticky":false,"template":"","format":"standard","meta":{"footnotes":""},"categories":[6,13],"tags":[],"class_list":["post-596958","post","type-post","status-publish","format-standard","has-post-thumbnail","hentry","category-nderkombetare","category-te-fundit"],"gt_translate_keys":[{"key":"link","format":"url"}],"_links":{"self":[{"href":"https:\/\/www.hashtag.al\/index.php\/wp-json\/wp\/v2\/posts\/596958","targetHints":{"allow":["GET"]}}],"collection":[{"href":"https:\/\/www.hashtag.al\/index.php\/wp-json\/wp\/v2\/posts"}],"about":[{"href":"https:\/\/www.hashtag.al\/index.php\/wp-json\/wp\/v2\/types\/post"}],"author":[{"embeddable":true,"href":"https:\/\/www.hashtag.al\/index.php\/wp-json\/wp\/v2\/users\/32"}],"replies":[{"embeddable":true,"href":"https:\/\/www.hashtag.al\/index.php\/wp-json\/wp\/v2\/comments?post=596958"}],"version-history":[{"count":0,"href":"https:\/\/www.hashtag.al\/index.php\/wp-json\/wp\/v2\/posts\/596958\/revisions"}],"wp:featuredmedia":[{"embeddable":true,"href":"https:\/\/www.hashtag.al\/index.php\/wp-json\/wp\/v2\/media\/596959"}],"wp:attachment":[{"href":"https:\/\/www.hashtag.al\/index.php\/wp-json\/wp\/v2\/media?parent=596958"}],"wp:term":[{"taxonomy":"category","embeddable":true,"href":"https:\/\/www.hashtag.al\/index.php\/wp-json\/wp\/v2\/categories?post=596958"},{"taxonomy":"post_tag","embeddable":true,"href":"https:\/\/www.hashtag.al\/index.php\/wp-json\/wp\/v2\/tags?post=596958"}],"curies":[{"name":"wp","href":"https:\/\/api.w.org\/{rel}","templated":true}]}}