{"id":596955,"date":"2023-05-18T19:07:57","date_gmt":"2023-05-18T17:07:57","guid":{"rendered":"https:\/\/www.hashtag.al\/?p=596955"},"modified":"2023-05-18T19:07:57","modified_gmt":"2023-05-18T17:07:57","slug":"bejko-doreheqja-e-alibeajt-ishte-e-papritur-zhvendosi-debatin-per-largimin-e-berishes","status":"publish","type":"post","link":"https:\/\/www.hashtag.al\/index.php\/2023\/05\/18\/bejko-doreheqja-e-alibeajt-ishte-e-papritur-zhvendosi-debatin-per-largimin-e-berishes\/","title":{"rendered":"Bejko: Dor\u00ebheqja e Alibeajt ishte e papritur, zhvendosi debatin p\u00ebr largimin e Berish\u00ebs","gt_translate_keys":[{"key":"rendered","format":"text"}]},"content":{"rendered":"<p><span style=\"color: #000000;\"><a style=\"color: #000000;\" href=\"https:\/\/www.hashtag.al\/wp-content\/uploads\/2023\/05\/bejko-report.jpg\"><img loading=\"lazy\" decoding=\"async\" class=\"aligncenter size-full wp-image-596956\" src=\"https:\/\/www.hashtag.al\/wp-content\/uploads\/2023\/05\/bejko-report.jpg\" alt=\"\" width=\"780\" height=\"440\" srcset=\"https:\/\/www.hashtag.al\/wp-content\/uploads\/2023\/05\/bejko-report.jpg 780w, https:\/\/www.hashtag.al\/wp-content\/uploads\/2023\/05\/bejko-report-300x169.jpg 300w, https:\/\/www.hashtag.al\/wp-content\/uploads\/2023\/05\/bejko-report-768x433.jpg 768w\" sizes=\"auto, (max-width: 780px) 100vw, 780px\" \/><\/a><\/span><\/p>\n<p><span style=\"color: #000000;\">P\u00ebr Roland Bejkon dor\u00ebheqja e Enkelejd Alibeajt ishte e papritur.<\/span><\/p>\n<p><span style=\"color: #000000;\">Sipas tij, Alibeaj nuk e diskutoi paraprakisht n\u00eb grupimin e tyre dor\u00ebheqjen.<\/span><\/p>\n<p><span style=\"color: #000000;\">Bejko shtoi se nuk ka njoftim p\u00ebr mbledhje kryesie.<\/span><\/p>\n<p><span style=\"color: #000000;\">Ish-kandidati p\u00ebr Bashkin\u00eb e Tiran\u00ebs, tha se dor\u00ebheqja e Alibeajt ka ndikuar jopozitivisht pasi i gjeti t\u00eb pap\u00ebrgatitur duke zhvendosur debatin p\u00ebr largimin e Berish\u00ebs.<\/span><\/p>\n<p><span style=\"color: #000000;\"><em>\u201cZ. Alibeaj nuk e ka diskutuar me ask\u00ebnd dor\u00ebheqjen. E ka dh\u00ebn\u00eb vet\u00eb. Duhet ta b\u00ebnte diskutimin, m\u00eb tha q\u00eb \u2018n\u00ebse do ta flisnim ju do t\u00eb ndikonit t\u00eb nd\u00ebrroja mendjen\u2019. Nuk ka nj\u00eb njoftim p\u00ebr mbledhje kryesie. Nuk \u00ebsht\u00eb b\u00ebr\u00eb njoftimi nga nj\u00eb sekretar aty q\u00eb \u00ebsht\u00eb n\u00eb parti. Se\u00e7 po luhet aty. Njoftimi nuk \u00ebsht\u00eb b\u00ebr\u00eb dhe s\u2019ka mbledhje nes\u00ebr. Kjo m\u00eb duket e padrejt\u00eb. Dor\u00ebheqja e Alibeajt ka ndikuar jo pozitivisht pasi na gjeti t\u00eb pap\u00ebrgatitur neve q\u00eb jemi n\u00eb vij\u00ebn e par\u00eb t\u00eb zjarrit. Dor\u00ebheqja zhvendosi debatin, sepse tema e dit\u00ebs duhet t\u00eb ishte ajo e Berish\u00ebs nga pala tjet\u00ebr q\u00eb kishin si objektiv fitoren. Ai d\u00ebshtoi n\u00eb m\u00ebnyr\u00eb t\u00eb plot\u00eb, tha q\u00eb gjoja do t\u00eb mbronte votat e shqiptar\u00ebve dhe do t\u00eb fitonte. Gjithsesi z. Alibeaj \u00ebsht\u00eb nj\u00eb personazh me karakter dhe zbatoi vendimin e Kryesis\u00eb s\u00eb PD q\u00eb menj\u00ebher\u00eb pas zgjedhjeve i mbaronte mandati Alibeajt dhe niste ristrukturimin\u201d, <\/em>tha Bejko n\u00eb Report Tv.\u00a0<\/span><\/p>\n","protected":false,"gt_translate_keys":[{"key":"rendered","format":"html"}]},"excerpt":{"rendered":"<p>P\u00ebr Roland Bejkon dor\u00ebheqja e Enkelejd Alibeajt ishte e papritur. Sipas tij, Alibeaj nuk e diskutoi paraprakisht n\u00eb grupimin e tyre dor\u00ebheqjen. Bejko shtoi se nuk ka njoftim p\u00ebr mbledhje kryesie. Ish-kandidati p\u00ebr Bashkin\u00eb e Tiran\u00ebs, tha se dor\u00ebheqja e Alibeajt ka ndikuar jopozitivisht pasi i gjeti t\u00eb pap\u00ebrgatitur duke zhvendosur debatin p\u00ebr largimin e [&hellip;]<\/p>\n","protected":false,"gt_translate_keys":[{"key":"rendered","format":"html"}]},"author":32,"featured_media":596956,"comment_status":"closed","ping_status":"closed","sticky":false,"template":"","format":"standard","meta":{"footnotes":""},"categories":[65,13],"tags":[],"class_list":["post-596955","post","type-post","status-publish","format-standard","has-post-thumbnail","hentry","category-lajme","category-te-fundit"],"gt_translate_keys":[{"key":"link","format":"url"}],"_links":{"self":[{"href":"https:\/\/www.hashtag.al\/index.php\/wp-json\/wp\/v2\/posts\/596955","targetHints":{"allow":["GET"]}}],"collection":[{"href":"https:\/\/www.hashtag.al\/index.php\/wp-json\/wp\/v2\/posts"}],"about":[{"href":"https:\/\/www.hashtag.al\/index.php\/wp-json\/wp\/v2\/types\/post"}],"author":[{"embeddable":true,"href":"https:\/\/www.hashtag.al\/index.php\/wp-json\/wp\/v2\/users\/32"}],"replies":[{"embeddable":true,"href":"https:\/\/www.hashtag.al\/index.php\/wp-json\/wp\/v2\/comments?post=596955"}],"version-history":[{"count":0,"href":"https:\/\/www.hashtag.al\/index.php\/wp-json\/wp\/v2\/posts\/596955\/revisions"}],"wp:featuredmedia":[{"embeddable":true,"href":"https:\/\/www.hashtag.al\/index.php\/wp-json\/wp\/v2\/media\/596956"}],"wp:attachment":[{"href":"https:\/\/www.hashtag.al\/index.php\/wp-json\/wp\/v2\/media?parent=596955"}],"wp:term":[{"taxonomy":"category","embeddable":true,"href":"https:\/\/www.hashtag.al\/index.php\/wp-json\/wp\/v2\/categories?post=596955"},{"taxonomy":"post_tag","embeddable":true,"href":"https:\/\/www.hashtag.al\/index.php\/wp-json\/wp\/v2\/tags?post=596955"}],"curies":[{"name":"wp","href":"https:\/\/api.w.org\/{rel}","templated":true}]}}