{"id":596952,"date":"2023-05-18T18:44:09","date_gmt":"2023-05-18T16:44:09","guid":{"rendered":"https:\/\/www.hashtag.al\/?p=596952"},"modified":"2023-05-18T18:44:09","modified_gmt":"2023-05-18T16:44:09","slug":"top-channel-prokuroria-kapi-e-mailet-e-lefter-kokes-por-injoroi-ato-te-ahmetajt","status":"publish","type":"post","link":"https:\/\/www.hashtag.al\/index.php\/2023\/05\/18\/top-channel-prokuroria-kapi-e-mailet-e-lefter-kokes-por-injoroi-ato-te-ahmetajt\/","title":{"rendered":"Top Channel: Prokuroria kapi e-mailet e Lefter Kok\u00ebs por injoroi ato t\u00eb Ahmetajt","gt_translate_keys":[{"key":"rendered","format":"text"}]},"content":{"rendered":"<p><span style=\"color: #000000;\"><a href=\"https:\/\/www.hashtag.al\/wp-content\/uploads\/2023\/05\/ahmetaj-koka.jpg\"><img loading=\"lazy\" decoding=\"async\" class=\"aligncenter size-full wp-image-596953\" src=\"https:\/\/www.hashtag.al\/wp-content\/uploads\/2023\/05\/ahmetaj-koka.jpg\" alt=\"\" width=\"2000\" height=\"1000\" srcset=\"https:\/\/www.hashtag.al\/wp-content\/uploads\/2023\/05\/ahmetaj-koka.jpg 2000w, https:\/\/www.hashtag.al\/wp-content\/uploads\/2023\/05\/ahmetaj-koka-300x150.jpg 300w, https:\/\/www.hashtag.al\/wp-content\/uploads\/2023\/05\/ahmetaj-koka-1024x512.jpg 1024w, https:\/\/www.hashtag.al\/wp-content\/uploads\/2023\/05\/ahmetaj-koka-768x384.jpg 768w, https:\/\/www.hashtag.al\/wp-content\/uploads\/2023\/05\/ahmetaj-koka-1536x768.jpg 1536w\" sizes=\"auto, (max-width: 2000px) 100vw, 2000px\" \/><\/a><\/span><\/p>\n<p><span style=\"color: #000000;\">Teksa p\u00ebr shumic\u00ebn prej t\u00eb akuzuarve p\u00ebr shp\u00ebrdorim detyre u k\u00ebrkua masa dy vjet e 8 muaj burg nga SPAK p\u00ebr \u00e7\u00ebshtjen e inceneratorit t\u00eb Elbasanit, avokati Sajmir Visha reagoi me tone t\u00eb ashpra.<\/span><\/p>\n<p><span style=\"color: #000000;\">Menj\u00ebher\u00eb pasi doli nga pretenca, Visha tha se duke i krahasuar me dosje t\u00eb tjera t\u00eb m\u00ebparshme \u00a0p\u00ebr shtetas q\u00eb jan\u00eb d\u00ebnuar p\u00ebr shp\u00ebrdorim detyre, SPAK ka mbajtur q\u00ebndrim t\u00eb but\u00eb. Ai hodhi akuza t\u00eb forta, duke e konsideruar se ky q\u00ebndrim i ashp\u00ebr lidhet me shum\u00eb p\u00ebr t\u00eb k\u00ebnaqur sipas tij politik\u00ebn, si ajo q\u00eb inicioi \u00e7\u00ebshtjen n\u00eb SPAK.<\/span><\/p>\n<p><span style=\"color: #000000;\">Duke studiuar dosjen e pretenc\u00ebs s\u00eb SPAK mbas shpalljes s\u00eb pretenc\u00ebs, gazetarja Anila Hoxha v\u00ebren se SPAK ka q\u00ebndrim kontradiktor. Pasi lidh njohjen mes ish-ministrit t\u00eb Mbrojtjes dhe Zotos p\u00ebrmes e-maileve dhe ekspertizave t\u00eb nxjerra n\u00eb 3 n\u00ebntor 2022, thot\u00eb se v\u00ebrtetohet nga e-maili dhe njohja midis t\u00eb dyjave.<\/span><\/p>\n<p><span style=\"color: #000000;\">SPAK nuk ka mbajtur t\u00eb nj\u00ebjtin q\u00ebndrim sa takon ish ministrit t\u00eb Financave Ahmetaj. \u00a0SPAK n\u00eb at\u00eb koh\u00eb tha se nuk kishte pasur mund\u00ebsi t\u00eb konkludonte me k\u00ebqyrjen e e-maileve. Por, k\u00ebt\u00eb mund\u00ebsi e ka pasur me ministrin Lefter Koka, duke v\u00ebrtetuar se kishte njohje mes t\u00eb dyve, edhe p\u00ebr pagesat q\u00eb jan\u00eb kryer. Edhe p\u00ebr nj\u00eb udh\u00ebtim t\u00eb ish-ministrit Koka me bashk\u00ebshorten e tij drejt Vjen\u00ebs. Nd\u00ebrsa megjith\u00ebse ka pasur fatura dhe akt-ekspertiza n\u00eb t\u00eb nj\u00ebjtin kompjuter t\u00eb Zotos, n\u00eb t\u00eb cil\u00ebn v\u00ebrtetohet lidhja me Zotos dhe Ahmetaj, ky fakt nuk u soll nga SPAK.<\/span><\/p>\n<p><span style=\"color: #000000;\"><span style=\"color: #ff0000;\"><strong>VINI RE:<\/strong><\/span> Artikulli \u00ebsht\u00eb pron\u00eb intelektuale e <span style=\"color: #3366ff;\"><a style=\"color: #3366ff;\" href=\"https:\/\/top-channel.tv\/2023\/05\/18\/spak-me-dy-standarde-gjeti-lidhjen-mes-ish-ministrit-koka-dhe-klodian-zotos-por-kurseu-ahmetajn\/\"><strong>TCH<\/strong><\/a><\/span><\/span><\/p>\n","protected":false,"gt_translate_keys":[{"key":"rendered","format":"html"}]},"excerpt":{"rendered":"<p>Teksa p\u00ebr shumic\u00ebn prej t\u00eb akuzuarve p\u00ebr shp\u00ebrdorim detyre u k\u00ebrkua masa dy vjet e 8 muaj burg nga SPAK p\u00ebr \u00e7\u00ebshtjen e inceneratorit t\u00eb Elbasanit, avokati Sajmir Visha reagoi me tone t\u00eb ashpra. Menj\u00ebher\u00eb pasi doli nga pretenca, Visha tha se duke i krahasuar me dosje t\u00eb tjera t\u00eb m\u00ebparshme \u00a0p\u00ebr shtetas q\u00eb jan\u00eb [&hellip;]<\/p>\n","protected":false,"gt_translate_keys":[{"key":"rendered","format":"html"}]},"author":32,"featured_media":596953,"comment_status":"closed","ping_status":"closed","sticky":false,"template":"","format":"standard","meta":{"footnotes":""},"categories":[65,13],"tags":[],"class_list":["post-596952","post","type-post","status-publish","format-standard","has-post-thumbnail","hentry","category-lajme","category-te-fundit"],"gt_translate_keys":[{"key":"link","format":"url"}],"_links":{"self":[{"href":"https:\/\/www.hashtag.al\/index.php\/wp-json\/wp\/v2\/posts\/596952","targetHints":{"allow":["GET"]}}],"collection":[{"href":"https:\/\/www.hashtag.al\/index.php\/wp-json\/wp\/v2\/posts"}],"about":[{"href":"https:\/\/www.hashtag.al\/index.php\/wp-json\/wp\/v2\/types\/post"}],"author":[{"embeddable":true,"href":"https:\/\/www.hashtag.al\/index.php\/wp-json\/wp\/v2\/users\/32"}],"replies":[{"embeddable":true,"href":"https:\/\/www.hashtag.al\/index.php\/wp-json\/wp\/v2\/comments?post=596952"}],"version-history":[{"count":0,"href":"https:\/\/www.hashtag.al\/index.php\/wp-json\/wp\/v2\/posts\/596952\/revisions"}],"wp:featuredmedia":[{"embeddable":true,"href":"https:\/\/www.hashtag.al\/index.php\/wp-json\/wp\/v2\/media\/596953"}],"wp:attachment":[{"href":"https:\/\/www.hashtag.al\/index.php\/wp-json\/wp\/v2\/media?parent=596952"}],"wp:term":[{"taxonomy":"category","embeddable":true,"href":"https:\/\/www.hashtag.al\/index.php\/wp-json\/wp\/v2\/categories?post=596952"},{"taxonomy":"post_tag","embeddable":true,"href":"https:\/\/www.hashtag.al\/index.php\/wp-json\/wp\/v2\/tags?post=596952"}],"curies":[{"name":"wp","href":"https:\/\/api.w.org\/{rel}","templated":true}]}}