{"id":596941,"date":"2023-05-18T17:33:16","date_gmt":"2023-05-18T15:33:16","guid":{"rendered":"https:\/\/www.hashtag.al\/?p=596941"},"modified":"2023-05-18T17:33:16","modified_gmt":"2023-05-18T15:33:16","slug":"senatori-amerikan-ska-garanci-qe-asociacioni-nuk-do-te-jete-nje-republika-serpska","status":"publish","type":"post","link":"https:\/\/www.hashtag.al\/index.php\/2023\/05\/18\/senatori-amerikan-ska-garanci-qe-asociacioni-nuk-do-te-jete-nje-republika-serpska\/","title":{"rendered":"Senatori amerikan: S\u2019ka garanci q\u00eb Asociacioni nuk do t\u00eb jet\u00eb nj\u00eb Republika S\u00ebrpska","gt_translate_keys":[{"key":"rendered","format":"text"}]},"content":{"rendered":"<p><span style=\"color: #000000;\"><a style=\"color: #000000;\" href=\"https:\/\/www.hashtag.al\/wp-content\/uploads\/2023\/05\/Screenshot-2023-05-18-173012.png\"><img loading=\"lazy\" decoding=\"async\" class=\"aligncenter size-full wp-image-596942\" src=\"https:\/\/www.hashtag.al\/wp-content\/uploads\/2023\/05\/Screenshot-2023-05-18-173012.png\" alt=\"\" width=\"1230\" height=\"712\" srcset=\"https:\/\/www.hashtag.al\/wp-content\/uploads\/2023\/05\/Screenshot-2023-05-18-173012.png 1230w, https:\/\/www.hashtag.al\/wp-content\/uploads\/2023\/05\/Screenshot-2023-05-18-173012-300x174.png 300w, https:\/\/www.hashtag.al\/wp-content\/uploads\/2023\/05\/Screenshot-2023-05-18-173012-1024x593.png 1024w, https:\/\/www.hashtag.al\/wp-content\/uploads\/2023\/05\/Screenshot-2023-05-18-173012-768x445.png 768w, https:\/\/www.hashtag.al\/wp-content\/uploads\/2023\/05\/Screenshot-2023-05-18-173012-250x145.png 250w\" sizes=\"auto, (max-width: 1230px) 100vw, 1230px\" \/><\/a><\/span><\/p>\n<p><span style=\"color: #000000;\">Kryetari i Komitetit p\u00ebr Pun\u00eb t\u00eb Jashtme t\u00eb Senatit amerikan, Bob Menendez, tha se n\u00eb dialogun nd\u00ebrmjet Kosov\u00ebs dhe Serbis\u00eb, jo t\u00eb gjitha pal\u00ebt po dialogojn\u00eb n\u00eb mir\u00ebbesim.<\/span><\/p>\n<p><span style=\"color: #000000;\">Gjat\u00eb nj\u00eb seance t\u00eb k\u00ebtij komiteti, ku do t\u00eb raportojn\u00eb k\u00ebshilltari i lart\u00eb i Departamentit amerikan t\u00eb Shtetit, Derek Chollet, dhe i d\u00ebrguari i Uashingtonit p\u00ebr Ballkanin Per\u00ebndimor, Gabriel Escobar, Menendez tha se presidenti i Serbis\u00eb, Aleksandar Vu\u00e7i\u00e7, publikisht \u00ebsht\u00eb deklaruar se nuk do ta respektoj\u00eb Marr\u00ebveshjen e Ohrit, duke th\u00ebn\u00eb se nuk do ta njoh\u00eb pavar\u00ebsin\u00eb e Kosov\u00ebs.<\/span><\/p>\n<p><span style=\"color: #000000;\">Senatori amerikan tha se ndaj Beogradit nuk po ushtrohet presion, duke shtuar se Vu\u00e7i\u00e7 po vazhdon t\u00eb p\u00ebrqafoj\u00eb narrativ\u00eb nacionaliste, sikurse ideja p\u00ebr \u201cSerbin\u00eb e Madhe\u201d , ashtu si\u00e7 presidenti i Rusis\u00eb, Vladimir Putin, shtyn p\u00ebrpara iden\u00eb p\u00ebr \u201cRusin\u00eb e Madhe\u201d.<\/span><\/p>\n<p><span style=\"color: #000000;\"><em>\u201cNuk ka garanci q\u00eb Asociacioni nuk do t\u00eb b\u00ebhet nj\u00eb Republika S\u00ebrpska, sikurse n\u00eb Bosnj\u00eb e Hercegovin\u00eb<\/em>\u201d, paralajm\u00ebroi Menendez n\u00eb nisje t\u00eb k\u00ebsaj seance t\u00eb komitetit.<\/span><\/p>\n<p><span style=\"color: #000000;\">Duke folur p\u00ebr raportet mes Kosov\u00ebs dhe Serbis\u00eb, ai tha se ato paraqesin sfid\u00ebn kryesore n\u00eb k\u00ebt\u00eb rajon. Chollet p\u00ebrs\u00ebriti se rruga evropiane e t\u00eb dyja shteteve nuk mund t\u00eb ndodh\u00eb, n\u00ebse ato nuk i zgjidhin mosmarr\u00ebveshjet nd\u00ebrmjet vete.<\/span><\/p>\n<p><span style=\"color: #000000;\">Marr\u00ebveshja e Ohrit, sipas Chollet, do t\u00eb sjell\u00eb p\u00ebrfitime p\u00ebr t\u00eb dyja shtetet, duke shtuar se SHBA-ja vazhdon t&#8217;i inkurajoj\u00eb pal\u00ebt q\u00eb t&#8217;i zbatojn\u00eb zotimet e tyre.\/ <span style=\"color: #0000ff;\"><a style=\"color: #0000ff;\" href=\"https:\/\/www.evropaelire.org\/a\/derek-chollet-gabriel-escobar-senati-amerikan-\/32417471.html\">REL<\/a><\/span><\/span><\/p>\n","protected":false,"gt_translate_keys":[{"key":"rendered","format":"html"}]},"excerpt":{"rendered":"<p>Kryetari i Komitetit p\u00ebr Pun\u00eb t\u00eb Jashtme t\u00eb Senatit amerikan, Bob Menendez, tha se n\u00eb dialogun nd\u00ebrmjet Kosov\u00ebs dhe Serbis\u00eb, jo t\u00eb gjitha pal\u00ebt po dialogojn\u00eb n\u00eb mir\u00ebbesim. Gjat\u00eb nj\u00eb seance t\u00eb k\u00ebtij komiteti, ku do t\u00eb raportojn\u00eb k\u00ebshilltari i lart\u00eb i Departamentit amerikan t\u00eb Shtetit, Derek Chollet, dhe i d\u00ebrguari i Uashingtonit p\u00ebr Ballkanin [&hellip;]<\/p>\n","protected":false,"gt_translate_keys":[{"key":"rendered","format":"html"}]},"author":30,"featured_media":596942,"comment_status":"closed","ping_status":"closed","sticky":false,"template":"","format":"standard","meta":{"footnotes":""},"categories":[149],"tags":[],"class_list":["post-596941","post","type-post","status-publish","format-standard","has-post-thumbnail","hentry","category-kosoverajon"],"gt_translate_keys":[{"key":"link","format":"url"}],"_links":{"self":[{"href":"https:\/\/www.hashtag.al\/index.php\/wp-json\/wp\/v2\/posts\/596941","targetHints":{"allow":["GET"]}}],"collection":[{"href":"https:\/\/www.hashtag.al\/index.php\/wp-json\/wp\/v2\/posts"}],"about":[{"href":"https:\/\/www.hashtag.al\/index.php\/wp-json\/wp\/v2\/types\/post"}],"author":[{"embeddable":true,"href":"https:\/\/www.hashtag.al\/index.php\/wp-json\/wp\/v2\/users\/30"}],"replies":[{"embeddable":true,"href":"https:\/\/www.hashtag.al\/index.php\/wp-json\/wp\/v2\/comments?post=596941"}],"version-history":[{"count":0,"href":"https:\/\/www.hashtag.al\/index.php\/wp-json\/wp\/v2\/posts\/596941\/revisions"}],"wp:featuredmedia":[{"embeddable":true,"href":"https:\/\/www.hashtag.al\/index.php\/wp-json\/wp\/v2\/media\/596942"}],"wp:attachment":[{"href":"https:\/\/www.hashtag.al\/index.php\/wp-json\/wp\/v2\/media?parent=596941"}],"wp:term":[{"taxonomy":"category","embeddable":true,"href":"https:\/\/www.hashtag.al\/index.php\/wp-json\/wp\/v2\/categories?post=596941"},{"taxonomy":"post_tag","embeddable":true,"href":"https:\/\/www.hashtag.al\/index.php\/wp-json\/wp\/v2\/tags?post=596941"}],"curies":[{"name":"wp","href":"https:\/\/api.w.org\/{rel}","templated":true}]}}