{"id":596885,"date":"2023-05-18T12:05:59","date_gmt":"2023-05-18T10:05:59","guid":{"rendered":"https:\/\/www.hashtag.al\/?p=596885"},"modified":"2023-05-18T12:05:59","modified_gmt":"2023-05-18T10:05:59","slug":"ironia-e-balles-se-kam-takuar-bashen-kam-qene-ne-nje-ashensor-edhe-me-berishen","status":"publish","type":"post","link":"https:\/\/www.hashtag.al\/index.php\/2023\/05\/18\/ironia-e-balles-se-kam-takuar-bashen-kam-qene-ne-nje-ashensor-edhe-me-berishen\/","title":{"rendered":"Ironia e Ball\u00ebs: S\u2019e kam takuar Bash\u00ebn, kam qen\u00eb n\u00eb nj\u00eb ashensor edhe me Berish\u00ebn","gt_translate_keys":[{"key":"rendered","format":"text"}]},"content":{"rendered":"<p><img loading=\"lazy\" decoding=\"async\" class=\"aligncenter size-full wp-image-596886\" src=\"https:\/\/www.hashtag.al\/wp-content\/uploads\/2023\/05\/balla.jpg\" alt=\"\" width=\"640\" height=\"361\" srcset=\"https:\/\/www.hashtag.al\/wp-content\/uploads\/2023\/05\/balla.jpg 640w, https:\/\/www.hashtag.al\/wp-content\/uploads\/2023\/05\/balla-300x169.jpg 300w\" sizes=\"auto, (max-width: 640px) 100vw, 640px\" \/><\/p>\n<p><span style=\"color: #000000;\">Taulant Balla mohoi ta ket\u00eb taluar ish-kreun e PD-s\u00eb Lulzim Basha pas videos s\u00eb publikuar nga Syri Tv, tre dit\u00eb para zgjedhjeve vendore t\u00eb 14\u00a0 majit. <\/span><\/p>\n<p><span style=\"color: #000000;\">I pyetur nga gazetar\u00ebt para hyrjes s\u00eb seanc\u00ebn plenare, ai tha se nuk ka takuar as Bash\u00ebn dhe as Berish\u00ebn.<\/span><\/p>\n<p><span style=\"color: #000000;\"><em>\u201cNuk e kam takuar Lulzim Bash\u00ebn, un\u00eb kam qen\u00eb dhe n\u00eb nj\u00eb ashensor dhe me Berish\u00ebn. I bie q\u00eb e kam takuar dhe Berish\u00ebn? Jo nuk e kam takuar as at\u00eb.\u201d<\/em> &#8211; tha Balla.<\/span><\/p>\n<p><span style=\"color: #000000;\">M\u00eb tej ai i b\u00ebri thirrje opozit\u00ebs q\u00eb t\u00eb kthehet n\u00eb Kuvend p\u00ebr t\u00eb punuar mbi nj\u00eb s\u00ebr\u00eb \u00e7\u00ebshtjesh me r\u00ebnd\u00ebsi p\u00ebr vendin si reforma zgjedhore.<\/span><\/p>\n<p><span style=\"color: #000000;\"><em>\u201cUn\u00eb mendoj se gjithmon\u00eb humb\u00ebsi e shef fajin te kund\u00ebrshtari dhe nuk shikon se \u00e7far\u00eb ka b\u00ebr\u00eb gabim \u00ebsht\u00eb nj\u00eb \u00e7menduri. Le t\u00eb vijojn\u00eb q\u00eb t\u00eb insistojn\u00eb n\u00eb t\u00eb nj\u00ebjt\u00ebn gj\u00eb. Mendoj se e kemi nisur k\u00ebt\u00eb seanc\u00eb t\u00eb par\u00eb me dy projektligje t\u00eb r\u00ebnd\u00ebsishme dhe besoj se apeli im dhe pse opozita e nisi pun\u00ebn me k\u00ebt\u00eb bojkot, thirrja ime \u00ebsht\u00eb q\u00eb opozita t\u2019i kthehet pun\u00ebs n\u00eb Kuvend se na duhet t\u00eb punojm\u00eb s\u00eb bashku p\u00ebr nj\u00eb s\u00ebr\u00eb \u00e7\u00ebshtjesh, p\u00ebr \u00e7\u00ebshtje me r\u00ebnd\u00ebsi si reforma zgjedhore dhe t\u00eb p\u00ebrfundojm\u00eb n\u00eb koh\u00eb disa propozime t\u00eb PS q\u00eb lidhet me reform\u00ebn zgjedhore. Thirrja ime \u00ebsht\u00eb dhe p\u00ebr zgjedhjen e avokatit t\u00eb popullit, ku opozita nuk mund ta marr\u00eb peng zgjedhjen e tij p\u00ebr rolin q\u00eb ai ka p\u00ebr qytetar\u00ebt. Nga dita e h\u00ebn\u00eb ne i k\u00ebrkojm\u00eb opozit\u00ebs duke qen\u00eb se kushtetuta na imponon nj\u00eb shumic\u00eb, duhet q\u00eb t\u00eb ulemi p\u00ebr kandidatin\u201d<\/em> &#8211; shtoi Balla.<\/span><\/p>\n","protected":false,"gt_translate_keys":[{"key":"rendered","format":"html"}]},"excerpt":{"rendered":"<p>Taulant Balla mohoi ta ket\u00eb taluar ish-kreun e PD-s\u00eb Lulzim Basha pas videos s\u00eb publikuar nga Syri Tv, tre dit\u00eb para zgjedhjeve vendore t\u00eb 14\u00a0 majit. I pyetur nga gazetar\u00ebt para hyrjes s\u00eb seanc\u00ebn plenare, ai tha se nuk ka takuar as Bash\u00ebn dhe as Berish\u00ebn. \u201cNuk e kam takuar Lulzim Bash\u00ebn, un\u00eb kam qen\u00eb [&hellip;]<\/p>\n","protected":false,"gt_translate_keys":[{"key":"rendered","format":"html"}]},"author":51,"featured_media":596886,"comment_status":"closed","ping_status":"closed","sticky":false,"template":"","format":"standard","meta":{"footnotes":""},"categories":[65,13],"tags":[],"class_list":["post-596885","post","type-post","status-publish","format-standard","has-post-thumbnail","hentry","category-lajme","category-te-fundit"],"gt_translate_keys":[{"key":"link","format":"url"}],"_links":{"self":[{"href":"https:\/\/www.hashtag.al\/index.php\/wp-json\/wp\/v2\/posts\/596885","targetHints":{"allow":["GET"]}}],"collection":[{"href":"https:\/\/www.hashtag.al\/index.php\/wp-json\/wp\/v2\/posts"}],"about":[{"href":"https:\/\/www.hashtag.al\/index.php\/wp-json\/wp\/v2\/types\/post"}],"author":[{"embeddable":true,"href":"https:\/\/www.hashtag.al\/index.php\/wp-json\/wp\/v2\/users\/51"}],"replies":[{"embeddable":true,"href":"https:\/\/www.hashtag.al\/index.php\/wp-json\/wp\/v2\/comments?post=596885"}],"version-history":[{"count":0,"href":"https:\/\/www.hashtag.al\/index.php\/wp-json\/wp\/v2\/posts\/596885\/revisions"}],"wp:featuredmedia":[{"embeddable":true,"href":"https:\/\/www.hashtag.al\/index.php\/wp-json\/wp\/v2\/media\/596886"}],"wp:attachment":[{"href":"https:\/\/www.hashtag.al\/index.php\/wp-json\/wp\/v2\/media?parent=596885"}],"wp:term":[{"taxonomy":"category","embeddable":true,"href":"https:\/\/www.hashtag.al\/index.php\/wp-json\/wp\/v2\/categories?post=596885"},{"taxonomy":"post_tag","embeddable":true,"href":"https:\/\/www.hashtag.al\/index.php\/wp-json\/wp\/v2\/tags?post=596885"}],"curies":[{"name":"wp","href":"https:\/\/api.w.org\/{rel}","templated":true}]}}