{"id":596805,"date":"2023-05-18T07:45:53","date_gmt":"2023-05-18T05:45:53","guid":{"rendered":"https:\/\/www.hashtag.al\/?p=596805"},"modified":"2023-05-18T08:05:09","modified_gmt":"2023-05-18T06:05:09","slug":"varferia-e-tejskajshme-standardi-i-jeteses-ne-kukes-sa-19-e-mesatares-se-be-ne-tirane-42","status":"publish","type":"post","link":"https:\/\/www.hashtag.al\/index.php\/2023\/05\/18\/varferia-e-tejskajshme-standardi-i-jeteses-ne-kukes-sa-19-e-mesatares-se-be-ne-tirane-42\/","title":{"rendered":"Varf\u00ebria e tejskajshme, standardi i jetes\u00ebs n\u00eb Kuk\u00ebs sa 19% e mesatares s\u00eb BE, n\u00eb Tiran\u00eb 42%","gt_translate_keys":[{"key":"rendered","format":"text"}]},"content":{"rendered":"<p><img loading=\"lazy\" decoding=\"async\" class=\"aligncenter size-full wp-image-596807\" src=\"https:\/\/www.hashtag.al\/wp-content\/uploads\/2023\/05\/kukes-1.jpg\" alt=\"\" width=\"1476\" height=\"984\" srcset=\"https:\/\/www.hashtag.al\/wp-content\/uploads\/2023\/05\/kukes-1.jpg 1476w, https:\/\/www.hashtag.al\/wp-content\/uploads\/2023\/05\/kukes-1-300x200.jpg 300w, https:\/\/www.hashtag.al\/wp-content\/uploads\/2023\/05\/kukes-1-1024x683.jpg 1024w, https:\/\/www.hashtag.al\/wp-content\/uploads\/2023\/05\/kukes-1-768x512.jpg 768w\" sizes=\"auto, (max-width: 1476px) 100vw, 1476px\" \/><\/p>\n<p><span style=\"color: #000000;\">N\u00eb vitin 2021 standardet e jetes\u00ebs n\u00eb Kuk\u00ebs jan\u00eb sa 19% e mesatares s\u00eb BE-s\u00eb, duke krahasuar PBB p\u00ebr frym\u00eb sipas barazis\u00eb t\u00eb fuqis\u00eb bler\u00ebse.<\/span><\/p>\n<p><span style=\"color: #000000;\">N\u00eb t\u00eb nj\u00ebjtin vit mund\u00ebsit\u00eb ekonomike t\u00eb qytetar\u00ebve m\u00eb t\u00eb varf\u00ebr t\u00eb vendit nuk jan\u00eb as sa gjysma e kryeqytetasve.<\/span><\/p>\n<p><span style=\"color: #000000;\">N\u00eb krahun tjet\u00ebr Kryeqyteti, i cili ka nivelin m\u00eb t\u00eb lart\u00eb ekonomik n\u00eb vend i kishte standardin e jetes\u00ebs sa 42.6 % e BE-s\u00eb. PBB-ja p\u00ebr frym\u00eb e qytetar\u00ebve q\u00eb jetojn\u00eb n\u00eb kryeqytet n\u00eb vitin 2021 ishte sa 42 p\u00ebr qind e mesatares q\u00eb konsumoi nj\u00eb qytetar i Bashkimit Europian.<\/span><\/p>\n<p><span style=\"color: #000000;\">N\u00eb qarqet e tjera diferenca \u00ebsht\u00eb m\u00eb e thell\u00eb. PSH Kor\u00e7a edhe pse me nj\u00eb ekonomi n\u00eb rritje i kishte PBB-n\u00eb p\u00ebr frym\u00eb sipas paritetit t\u00eb fuqis\u00eb bler\u00ebse vet\u00ebm sa 23.2 % t\u00eb BE-s\u00eb, duke u renditur nj\u00ebsoj me Dibr\u00ebn p\u00ebr k\u00ebt\u00eb tregues.<\/span><\/p>\n<p><span style=\"color: #000000;\">Gjithashtu Lezha ,Shkodra e kishin standardin e jetes\u00ebs sa 22 % e BE-s\u00eb.<\/span><\/p>\n<p><span style=\"color: #000000;\">PBB-ja p\u00ebr frym\u00eb n\u00eb Shqip\u00ebri ishte n\u00eb vitin 2021 sa 31.7% e mesatares s\u00eb BE-s\u00eb. N\u00eb t\u00eb nj\u00ebjtin vit 9 qarqe (Kuk\u00ebsi, Lezha, Shkodra, Elbasani, Dibra, Kor\u00e7a, Berati , Durr\u00ebsi) kishin PBB-n\u00eb p\u00ebr frym\u00eb posht\u00eb mesatares komb\u00ebtare t\u00eb krahasueshme me BE.<\/span><\/p>\n<p><span style=\"color: #000000;\">N\u00eb krahun tjet\u00ebr vet\u00ebm Tirana, Fieri dhe Gjirokastra e kishin PBB-n\u00eb p\u00ebr frym\u00eb n\u00eb krahasim me BE-n\u00eb m\u00eb t\u00eb lart\u00eb se mesatarja komb\u00ebtare (shiko grafikun e m\u00ebposht\u00ebm).<\/span><\/p>\n<p><span style=\"color: #000000;\">Shqip\u00ebria vijoi t\u00eb jet\u00eb e fundit n\u00eb Europ\u00eb p\u00ebr t\u00eb ardhurat p\u00ebr frym\u00eb edhe n\u00eb vitin 2021 dhe me fuqin\u00eb m\u00eb t\u00eb ul\u00ebt bler\u00ebse. Ndon\u00ebse ka nj\u00eb p\u00ebrmir\u00ebsim t\u00eb leht\u00eb me 1 pik\u00eb p\u00ebrqindje n\u00eb raport me vitin 2020, shtetet e tjera t\u00eb rajonit kan\u00eb ecur m\u00eb shpejt n\u00eb t\u00eb ashtuquajturin proces t\u00eb konvergjenc\u00ebs q\u00eb n\u00ebnkupton rritjen me ritme m\u00eb t\u00eb shpejta se BE, me synim p\u00ebr t\u00eb kapur mesataren europiane brenda nj\u00eb periudhe t\u00eb caktuar.<\/span><\/p>\n<p><span style=\"color: #000000;\">Psh, p\u00ebr Maqedonin\u00eb e Veriut treguesi u p\u00ebrmir\u00ebsua nga 38% e mesatares s\u00eb BE-s\u00eb n\u00eb 42% p\u00ebr t\u00eb nj\u00ebjt\u00ebn periudh\u00eb. P\u00ebr Serbin\u00eb treguesi \u00ebsht\u00eb 44%, p\u00ebr Malin e Zi 48% (nga 45% n\u00eb 2020-n). Edhe Bosnj\u00eb Hercegovina renditet p\u00ebrpara Shqip\u00ebris\u00eb me 33% t\u00eb mesatares s\u00eb BE-s\u00eb. T\u00eb dh\u00ebnat p\u00ebr Kosov\u00ebn nuk jan\u00eb t\u00eb disponueshme.<\/span><\/p>\n<p><span style=\"color: #000000;\">Pabarazia ekonomike vit pas viti po thellohet nd\u00ebrmjet Tiran\u00ebs dhe qarqeve t\u00eb tjera, p\u00ebr shkak se ekonomia e kryeqytetit po rritet me ritme m\u00eb t\u00eb larta se ekonomia e qarkut m\u00eb t\u00eb varf\u00ebr n\u00eb vend Kuk\u00ebsit.<\/span><\/p>\n<p><span style=\"color: #000000;\">P\u00ebr rrjedhoj\u00eb ritmet e konvergjenc\u00ebs n\u00eb vend q\u00eb t\u00eb ngushtohen po thellohen me tej, sipas t\u00eb dh\u00ebnave zyrtare nga INSTAT p\u00ebr PBB-n\u00eb e Rajoneve m\u00eb 2021 q\u00eb u botua k\u00ebto dit\u00eb.<\/span><\/p>\n<p><span style=\"color: #000000;\">Niveli m\u00eb i lart\u00eb i PBB-s\u00eb p\u00ebr frym\u00eb sipas rajoneve statistikore n\u00eb nivel qarku, n\u00eb vitin 2021, ishte n\u00eb Tiran\u00eb, me 886 mij\u00eb Lek\u00eb dhe sh\u00ebnoi nj\u00eb rritje n\u00eb terma nominale prej 13,83%, krahasuar me vitin 2020.<\/span><\/p>\n<p><span style=\"color: #000000;\">PBB p\u00ebr frym\u00eb e k\u00ebtij qarku ishte sa 134% mbi mesataren e vendit.<\/span><\/p>\n<p><span style=\"color: #000000;\">N\u00eb krahun tjet\u00ebr n\u00eb qarkun m\u00eb t\u00eb varf\u00ebr t\u00eb vendit, Kuk\u00ebsi e kishte PBB-n\u00eb p\u00ebr frym\u00eb 395 mij\u00eb Lek\u00eb, duke sh\u00ebnuar nj\u00eb rritje n\u00eb terma nominale me 8,74%, krahasuar me vitin 2020. PBB p\u00ebr frym\u00eb e k\u00ebtij qarku ishte sa 59 p\u00ebr qind e mesatares komb\u00ebtar.\/B.Hoxha<\/span><\/p>\n<p><span style=\"color: #000000;\"><span style=\"color: #ff0000;\"><strong>VINI RE<\/strong><\/span>: Ky material \u00ebsht\u00eb pron\u00ebsi intelektuale e <span style=\"color: #0000ff;\"><a style=\"color: #0000ff;\" href=\"https:\/\/www.monitor.al\/varferia-e-tejskajshme-standardi-i-jeteses-ne-kukes-sa-19-e-mesatares-se-be-ne-tirane-42\/\">Monitor<\/a><\/span><\/span><\/p>\n<p><span style=\"color: #000000;\"><img loading=\"lazy\" decoding=\"async\" class=\"aligncenter size-full wp-image-596806\" src=\"https:\/\/www.hashtag.al\/wp-content\/uploads\/2023\/05\/ppbgr.jpg\" alt=\"\" width=\"652\" height=\"469\" srcset=\"https:\/\/www.hashtag.al\/wp-content\/uploads\/2023\/05\/ppbgr.jpg 652w, https:\/\/www.hashtag.al\/wp-content\/uploads\/2023\/05\/ppbgr-300x216.jpg 300w\" sizes=\"auto, (max-width: 652px) 100vw, 652px\" \/><\/span><\/p>\n","protected":false,"gt_translate_keys":[{"key":"rendered","format":"html"}]},"excerpt":{"rendered":"<p>N\u00eb vitin 2021 standardet e jetes\u00ebs n\u00eb Kuk\u00ebs jan\u00eb sa 19% e mesatares s\u00eb BE-s\u00eb, duke krahasuar PBB p\u00ebr frym\u00eb sipas barazis\u00eb t\u00eb fuqis\u00eb bler\u00ebse. N\u00eb t\u00eb nj\u00ebjtin vit mund\u00ebsit\u00eb ekonomike t\u00eb qytetar\u00ebve m\u00eb t\u00eb varf\u00ebr t\u00eb vendit nuk jan\u00eb as sa gjysma e kryeqytetasve. N\u00eb krahun tjet\u00ebr Kryeqyteti, i cili ka nivelin m\u00eb t\u00eb [&hellip;]<\/p>\n","protected":false,"gt_translate_keys":[{"key":"rendered","format":"html"}]},"author":51,"featured_media":596807,"comment_status":"closed","ping_status":"closed","sticky":false,"template":"","format":"standard","meta":{"footnotes":""},"categories":[22,13],"tags":[],"class_list":["post-596805","post","type-post","status-publish","format-standard","has-post-thumbnail","hentry","category-ballina","category-te-fundit"],"gt_translate_keys":[{"key":"link","format":"url"}],"_links":{"self":[{"href":"https:\/\/www.hashtag.al\/index.php\/wp-json\/wp\/v2\/posts\/596805","targetHints":{"allow":["GET"]}}],"collection":[{"href":"https:\/\/www.hashtag.al\/index.php\/wp-json\/wp\/v2\/posts"}],"about":[{"href":"https:\/\/www.hashtag.al\/index.php\/wp-json\/wp\/v2\/types\/post"}],"author":[{"embeddable":true,"href":"https:\/\/www.hashtag.al\/index.php\/wp-json\/wp\/v2\/users\/51"}],"replies":[{"embeddable":true,"href":"https:\/\/www.hashtag.al\/index.php\/wp-json\/wp\/v2\/comments?post=596805"}],"version-history":[{"count":0,"href":"https:\/\/www.hashtag.al\/index.php\/wp-json\/wp\/v2\/posts\/596805\/revisions"}],"wp:featuredmedia":[{"embeddable":true,"href":"https:\/\/www.hashtag.al\/index.php\/wp-json\/wp\/v2\/media\/596807"}],"wp:attachment":[{"href":"https:\/\/www.hashtag.al\/index.php\/wp-json\/wp\/v2\/media?parent=596805"}],"wp:term":[{"taxonomy":"category","embeddable":true,"href":"https:\/\/www.hashtag.al\/index.php\/wp-json\/wp\/v2\/categories?post=596805"},{"taxonomy":"post_tag","embeddable":true,"href":"https:\/\/www.hashtag.al\/index.php\/wp-json\/wp\/v2\/tags?post=596805"}],"curies":[{"name":"wp","href":"https:\/\/api.w.org\/{rel}","templated":true}]}}