{"id":596686,"date":"2023-05-17T11:17:27","date_gmt":"2023-05-17T09:17:27","guid":{"rendered":"https:\/\/www.hashtag.al\/?p=596686"},"modified":"2023-05-17T11:17:27","modified_gmt":"2023-05-17T09:17:27","slug":"spak-merr-ne-dore-dosjen-e-fredi-belerit","status":"publish","type":"post","link":"https:\/\/www.hashtag.al\/index.php\/2023\/05\/17\/spak-merr-ne-dore-dosjen-e-fredi-belerit\/","title":{"rendered":"SPAK merr n\u00eb dor\u00eb dosjen e Fredi Belerit","gt_translate_keys":[{"key":"rendered","format":"text"}]},"content":{"rendered":"<p><img loading=\"lazy\" decoding=\"async\" class=\"aligncenter size-full wp-image-596687\" src=\"https:\/\/www.hashtag.al\/wp-content\/uploads\/2023\/05\/beleri-2.jpg\" alt=\"\" width=\"1600\" height=\"900\" srcset=\"https:\/\/www.hashtag.al\/wp-content\/uploads\/2023\/05\/beleri-2.jpg 1600w, https:\/\/www.hashtag.al\/wp-content\/uploads\/2023\/05\/beleri-2-300x169.jpg 300w, https:\/\/www.hashtag.al\/wp-content\/uploads\/2023\/05\/beleri-2-1024x576.jpg 1024w, https:\/\/www.hashtag.al\/wp-content\/uploads\/2023\/05\/beleri-2-768x432.jpg 768w, https:\/\/www.hashtag.al\/wp-content\/uploads\/2023\/05\/beleri-2-1536x864.jpg 1536w\" sizes=\"auto, (max-width: 1600px) 100vw, 1600px\" \/><\/p>\n<p><span style=\"color: #000000;\">SPAK ka marr\u00eb n\u00eb dor\u00eb dosjen lidhur me \u00e7\u00ebshtjen e Fredit Belerit, i arrestuar dy dit\u00eb para zgjedhjeve t\u00eb 14 majit, ku ai u shpall fitues n\u00eb bashkin\u00eb e Himar\u00ebs n\u00ebn sigl\u00ebn e koalicionit opozitar, Bashk\u00eb Fitojm\u00eb.<\/span><\/p>\n<p><span style=\"color: #000000;\">Beleri akuzohet p\u00ebr \u2018korrupsion aktiv n\u00eb zgjedhje\u2019 p\u00ebrmes shitblerjes s\u00eb vot\u00ebs.<\/span><\/p>\n<p><span style=\"color: #000000;\">Brenda 10 dit\u00ebsh, Gjykata e Posa\u00e7me do rivler\u00ebsoj\u00eb mas\u00ebn e arrestit me burg ndaj Belerit, t\u00eb dh\u00ebn\u00eb nga Gjykata e Vlor\u00ebs.<\/span><\/p>\n<p><span style=\"color: #000000;\">Arrestimi i tij nxiti reagime t\u00eb ashpra nga Athina zyrtare me kryeministrin Mitsotakis q\u00eb b\u00ebri thirrje p\u00ebr lirimin e menj\u00ebhersh\u00ebm t\u00eb tij dhe me paralajm\u00ebrimin se kjo ngjarje do ndikoj\u00eb n\u00eb marr\u00ebdh\u00ebniet dypal\u00ebshe dhe n\u00eb integrimin\u00a0 e Shqip\u00ebris\u00eb n\u00eb BE.<\/span><\/p>\n","protected":false,"gt_translate_keys":[{"key":"rendered","format":"html"}]},"excerpt":{"rendered":"<p>SPAK ka marr\u00eb n\u00eb dor\u00eb dosjen lidhur me \u00e7\u00ebshtjen e Fredit Belerit, i arrestuar dy dit\u00eb para zgjedhjeve t\u00eb 14 majit, ku ai u shpall fitues n\u00eb bashkin\u00eb e Himar\u00ebs n\u00ebn sigl\u00ebn e koalicionit opozitar, Bashk\u00eb Fitojm\u00eb. Beleri akuzohet p\u00ebr \u2018korrupsion aktiv n\u00eb zgjedhje\u2019 p\u00ebrmes shitblerjes s\u00eb vot\u00ebs. Brenda 10 dit\u00ebsh, Gjykata e Posa\u00e7me do [&hellip;]<\/p>\n","protected":false,"gt_translate_keys":[{"key":"rendered","format":"html"}]},"author":51,"featured_media":596687,"comment_status":"closed","ping_status":"closed","sticky":false,"template":"","format":"standard","meta":{"footnotes":""},"categories":[65,13],"tags":[],"class_list":["post-596686","post","type-post","status-publish","format-standard","has-post-thumbnail","hentry","category-lajme","category-te-fundit"],"gt_translate_keys":[{"key":"link","format":"url"}],"_links":{"self":[{"href":"https:\/\/www.hashtag.al\/index.php\/wp-json\/wp\/v2\/posts\/596686","targetHints":{"allow":["GET"]}}],"collection":[{"href":"https:\/\/www.hashtag.al\/index.php\/wp-json\/wp\/v2\/posts"}],"about":[{"href":"https:\/\/www.hashtag.al\/index.php\/wp-json\/wp\/v2\/types\/post"}],"author":[{"embeddable":true,"href":"https:\/\/www.hashtag.al\/index.php\/wp-json\/wp\/v2\/users\/51"}],"replies":[{"embeddable":true,"href":"https:\/\/www.hashtag.al\/index.php\/wp-json\/wp\/v2\/comments?post=596686"}],"version-history":[{"count":0,"href":"https:\/\/www.hashtag.al\/index.php\/wp-json\/wp\/v2\/posts\/596686\/revisions"}],"wp:featuredmedia":[{"embeddable":true,"href":"https:\/\/www.hashtag.al\/index.php\/wp-json\/wp\/v2\/media\/596687"}],"wp:attachment":[{"href":"https:\/\/www.hashtag.al\/index.php\/wp-json\/wp\/v2\/media?parent=596686"}],"wp:term":[{"taxonomy":"category","embeddable":true,"href":"https:\/\/www.hashtag.al\/index.php\/wp-json\/wp\/v2\/categories?post=596686"},{"taxonomy":"post_tag","embeddable":true,"href":"https:\/\/www.hashtag.al\/index.php\/wp-json\/wp\/v2\/tags?post=596686"}],"curies":[{"name":"wp","href":"https:\/\/api.w.org\/{rel}","templated":true}]}}