{"id":596568,"date":"2023-05-16T15:42:20","date_gmt":"2023-05-16T13:42:20","guid":{"rendered":"https:\/\/www.hashtag.al\/?p=596568"},"modified":"2023-05-16T15:42:20","modified_gmt":"2023-05-16T13:42:20","slug":"shqiperia-mikpret-boten-nisin-nga-sot-javet-kulturore-me-bashkimin-evropian-20-shtete-pjesemarrese","status":"publish","type":"post","link":"https:\/\/www.hashtag.al\/index.php\/2023\/05\/16\/shqiperia-mikpret-boten-nisin-nga-sot-javet-kulturore-me-bashkimin-evropian-20-shtete-pjesemarrese\/","title":{"rendered":"\u201cShqip\u00ebria mikpret bot\u00ebn\u201d, nisin nga sot Jav\u00ebt Kulturore me Bashkimin Evropian, 20 shtete pjes\u00ebmarr\u00ebse","gt_translate_keys":[{"key":"rendered","format":"text"}]},"content":{"rendered":"<p><a href=\"https:\/\/www.hashtag.al\/wp-content\/uploads\/2023\/05\/1684244011_javetnderkombetaretekultures.jpg\"><img loading=\"lazy\" decoding=\"async\" class=\"aligncenter size-full wp-image-596569\" src=\"https:\/\/www.hashtag.al\/wp-content\/uploads\/2023\/05\/1684244011_javetnderkombetaretekultures.jpg\" alt=\"\" width=\"780\" height=\"440\" srcset=\"https:\/\/www.hashtag.al\/wp-content\/uploads\/2023\/05\/1684244011_javetnderkombetaretekultures.jpg 780w, https:\/\/www.hashtag.al\/wp-content\/uploads\/2023\/05\/1684244011_javetnderkombetaretekultures-300x169.jpg 300w, https:\/\/www.hashtag.al\/wp-content\/uploads\/2023\/05\/1684244011_javetnderkombetaretekultures-768x433.jpg 768w\" sizes=\"auto, (max-width: 780px) 100vw, 780px\" \/><\/a><\/p>\n<p><span style=\"color: #000000;\">N\u00ebn moton \u201cShqip\u00ebria mikpret bot\u00ebn\u201d, nis nga sot edicioni i dyt\u00eb i Jav\u00ebve Kulturore Nd\u00ebrkomb\u00ebtare. Nga 20 shtete dhe organizma nd\u00ebrkomb\u00ebtar\u00eb pjes\u00ebmarr\u00ebs, ku bashkohen p\u00ebr her\u00eb t\u00eb par\u00eb k\u00ebt\u00eb vit Holanda, Mali i Zi dhe Azerbajxhani, s\u00eb pari e merr fjal\u00ebn Bashkimi Evropian, me inaugurimin e Mozaikut t\u00eb restauruar t\u00eb Muzeut Historik Komb\u00ebtar \u201cShqip\u00ebria\u201d.<\/span><\/p>\n<p><span style=\"color: #000000;\">Disa nga ngjarjet m\u00eb me pesh\u00eb t\u00eb Jav\u00ebve n\u00eb vijim sh\u00ebnohen nga emra t\u00eb njohur t\u00eb sken\u00ebs nd\u00ebrkomb\u00ebtare.<\/span><\/p>\n<p><span style=\"color: #000000;\">E shum\u00ebpritur \u00ebsht\u00eb pjes\u00ebmarrja e k\u00ebng\u00ebtarit grek Nikos Vertis, apo koncerti p\u00ebrkujtimor i 70-vjetorit t\u00eb Sanremos dhe i mjeshtrit t\u00eb muzik\u00ebs Ennio Morricone.<\/span><\/p>\n<p><span style=\"color: #000000;\">Do t\u00eb mbahen gjithashtu ekspozita, do t\u00eb realizohen murale, performanca t\u00eb larmishme q\u00eb do t\u00eb p\u00ebrfshijn\u00eb edhe etnografin\u00eb e vendeve t\u00eb ndryshme por edhe aktivitete kulinarie.<\/span><\/p>\n<p><span style=\"color: #000000;\">Gjat\u00eb Jav\u00ebve kulturore q\u00eb mbyllen n\u00eb n\u00ebntor me Kosov\u00ebn e Shqiptarin\u00eb, do t\u00eb krijohen gjithashtu mund\u00ebsi p\u00ebr panaire pune, bashk\u00ebpunime me artist\u00eb t\u00eb rinj e student\u00eb,<\/span><\/p>\n<p><span style=\"color: #000000;\">Holanda vjen p\u00ebr her\u00eb t\u00eb par\u00eb k\u00ebt\u00eb vit me nj\u00eb qasje t\u00eb ve\u00e7ant\u00eb, duke u fokusuar n\u00eb objektivin e negociatave me Bashkimin Evropian.<\/span><\/p>\n<p><span style=\"color: #000000;\">\u00a0Edhe k\u00ebt\u00eb vit kostoja e mbajtjes s\u00eb Jav\u00ebve Kulturore \u00ebsht\u00eb p\u00ebraf\u00ebrsisht 1 milion euro.<\/span><\/p>\n","protected":false,"gt_translate_keys":[{"key":"rendered","format":"html"}]},"excerpt":{"rendered":"<p>N\u00ebn moton \u201cShqip\u00ebria mikpret bot\u00ebn\u201d, nis nga sot edicioni i dyt\u00eb i Jav\u00ebve Kulturore Nd\u00ebrkomb\u00ebtare. Nga 20 shtete dhe organizma nd\u00ebrkomb\u00ebtar\u00eb pjes\u00ebmarr\u00ebs, ku bashkohen p\u00ebr her\u00eb t\u00eb par\u00eb k\u00ebt\u00eb vit Holanda, Mali i Zi dhe Azerbajxhani, s\u00eb pari e merr fjal\u00ebn Bashkimi Evropian, me inaugurimin e Mozaikut t\u00eb restauruar t\u00eb Muzeut Historik Komb\u00ebtar \u201cShqip\u00ebria\u201d. Disa [&hellip;]<\/p>\n","protected":false,"gt_translate_keys":[{"key":"rendered","format":"html"}]},"author":30,"featured_media":596569,"comment_status":"closed","ping_status":"closed","sticky":false,"template":"","format":"standard","meta":{"footnotes":""},"categories":[65],"tags":[],"class_list":["post-596568","post","type-post","status-publish","format-standard","has-post-thumbnail","hentry","category-lajme"],"gt_translate_keys":[{"key":"link","format":"url"}],"_links":{"self":[{"href":"https:\/\/www.hashtag.al\/index.php\/wp-json\/wp\/v2\/posts\/596568","targetHints":{"allow":["GET"]}}],"collection":[{"href":"https:\/\/www.hashtag.al\/index.php\/wp-json\/wp\/v2\/posts"}],"about":[{"href":"https:\/\/www.hashtag.al\/index.php\/wp-json\/wp\/v2\/types\/post"}],"author":[{"embeddable":true,"href":"https:\/\/www.hashtag.al\/index.php\/wp-json\/wp\/v2\/users\/30"}],"replies":[{"embeddable":true,"href":"https:\/\/www.hashtag.al\/index.php\/wp-json\/wp\/v2\/comments?post=596568"}],"version-history":[{"count":0,"href":"https:\/\/www.hashtag.al\/index.php\/wp-json\/wp\/v2\/posts\/596568\/revisions"}],"wp:featuredmedia":[{"embeddable":true,"href":"https:\/\/www.hashtag.al\/index.php\/wp-json\/wp\/v2\/media\/596569"}],"wp:attachment":[{"href":"https:\/\/www.hashtag.al\/index.php\/wp-json\/wp\/v2\/media?parent=596568"}],"wp:term":[{"taxonomy":"category","embeddable":true,"href":"https:\/\/www.hashtag.al\/index.php\/wp-json\/wp\/v2\/categories?post=596568"},{"taxonomy":"post_tag","embeddable":true,"href":"https:\/\/www.hashtag.al\/index.php\/wp-json\/wp\/v2\/tags?post=596568"}],"curies":[{"name":"wp","href":"https:\/\/api.w.org\/{rel}","templated":true}]}}