{"id":595843,"date":"2023-05-12T17:17:11","date_gmt":"2023-05-12T15:17:11","guid":{"rendered":"https:\/\/www.hashtag.al\/?p=595843"},"modified":"2023-05-12T17:17:11","modified_gmt":"2023-05-12T15:17:11","slug":"roland-bejko-me-14-maj-ti-largojme-pushtuesit-kane-32-vite-qe-bejne-rotacion-me-njeri-tjetrin-per-te-nderruar-postet","status":"publish","type":"post","link":"https:\/\/www.hashtag.al\/index.php\/2023\/05\/12\/roland-bejko-me-14-maj-ti-largojme-pushtuesit-kane-32-vite-qe-bejne-rotacion-me-njeri-tjetrin-per-te-nderruar-postet\/","title":{"rendered":"Roland Bejko: M\u00eb 14 maj t\u2019i largojm\u00eb &#8216;pushtuesit&#8217;, kan\u00eb 32 vite q\u00eb b\u00ebjn\u00eb rotacion me nj\u00ebri-tjetrin p\u00ebr t\u00eb nd\u00ebrruar postet","gt_translate_keys":[{"key":"rendered","format":"text"}]},"content":{"rendered":"<p><span style=\"color: #000000;\"><a href=\"https:\/\/www.hashtag.al\/wp-content\/uploads\/2023\/05\/1683902015_rolandbejko.jpg\"><img loading=\"lazy\" decoding=\"async\" class=\"aligncenter size-full wp-image-595844\" src=\"https:\/\/www.hashtag.al\/wp-content\/uploads\/2023\/05\/1683902015_rolandbejko.jpg\" alt=\"\" width=\"780\" height=\"440\" srcset=\"https:\/\/www.hashtag.al\/wp-content\/uploads\/2023\/05\/1683902015_rolandbejko.jpg 780w, https:\/\/www.hashtag.al\/wp-content\/uploads\/2023\/05\/1683902015_rolandbejko-300x169.jpg 300w, https:\/\/www.hashtag.al\/wp-content\/uploads\/2023\/05\/1683902015_rolandbejko-768x433.jpg 768w\" sizes=\"auto, (max-width: 780px) 100vw, 780px\" \/><\/a><\/span><\/p>\n<p><span style=\"color: #000000;\">Kandidati i Partis\u00eb Demokratike p\u00ebr Tiran\u00ebn n\u00eb dit\u00ebn e fundit t\u00eb fushat\u00ebs p\u00ebr zgjedhjet vendore t\u00eb 14 majit u ndal n\u00eb zon\u00ebn e Freskut, n\u00eb deg\u00ebn me num\u00ebr 14.<\/span><\/p>\n<p><span style=\"color: #000000;\">Kandidati demokrat u b\u00ebri thirrje qytetar\u00ebve q\u00eb dit\u00ebn e diel\u00eb t\u00eb shkojn\u00eb n\u00eb kutit\u00eb e votimit dhe t\u00eb votojn\u00eb p\u00ebr t\u00eb larguar &#8216;pushtuesit&#8217;, q\u00eb sipas tij i kan\u00eb z\u00ebn\u00eb frym\u00ebn jo vet\u00ebm Tiran\u00ebs, duke mos e quajtur pushtuesin thkesht individ, por model politik dhe administrativ.<\/span><\/p>\n<p><span style=\"color: #000000;\">Bejko shtoi se pushtuesi nuk \u00ebsht\u00eb vet\u00ebm Erion Veliaj, por trek\u00ebnd\u00ebshi i Bermud\u00ebs, Edi Rama, Sali Berisha dhe Ilir Meta, p\u00ebr t\u00eb cil\u00ebt thot\u00eb se dit\u00ebn zihen e nat\u00ebn b\u00ebhen bashk\u00eb p\u00ebr t\u00eb ndar\u00eb llokmat se ku do t\u00eb nd\u00ebrtojn\u00eb pallatet e resortet e tyre. Pjes\u00eb t\u00eb pushtuesve, Bejko b\u00ebri edhe dy kandidat\u00ebt Belind K\u00eblli\u00e7in dhe Erion Veliajn.<\/span><\/p>\n<p>&nbsp;<\/p>\n<p><span style=\"color: #000000;\"><em>\u201cKur takoj qytetar\u00eb t\u00eb moshave t\u00eb ndryshme m\u00eb thon\u00eb q\u00eb e kemi d\u00ebgjuar programin tuaj, jemi dakord me pikat e programit tuaj dhe besojm\u00eb q\u00eb ju t\u00eb fitoni dhe ta b\u00ebni realitet k\u00ebt\u00eb program, por q\u00eb ne t\u00eb fitojm\u00eb m\u00eb dat\u00eb 14 duhet edhe m\u00eb shum\u00eb puna e t\u00eb gjith\u00eb juve q\u00eb jeni k\u00ebtu, puna e atyre demokrat\u00ebve q\u00eb sot s\u2019jan\u00eb k\u00ebtu n\u00eb k\u00ebt\u00eb takim dhe puna e t\u00eb gjith\u00eb qytetar\u00ebve q\u00eb duan ndryshimin dhe duan ta largojn\u00eb pushtuesin q\u00eb i ka marr\u00eb frym\u00ebn Tiran\u00ebs. Pushtuesi nuk \u00ebsht\u00eb vet\u00ebm nj\u00eb individ q\u00eb quhet Erion Veliaj, por pushtues \u00ebsht\u00eb modeli politik, admininstrativ, qeveris\u00ebs q\u00eb i ka z\u00ebn\u00eb frym\u00ebn Tiran\u00ebs, i ka z\u00ebn\u00eb frym\u00ebn gjith\u00eb Shqip\u00ebris\u00eb. Ky pushtues p\u00ebrb\u00ebhet nga trek\u00ebnd\u00ebshi i Bermud\u00ebs, nga Edi Rama, Sali Berisha dhe Ilir Meta, dhe dy \u00e7irak\u00ebt e tij q\u00eb jan\u00eb n\u00eb loj\u00eb sepse ata kan\u00eb n\u00eb dor\u00eb t\u00eb gjitha pushtetet, pushtetin politik n\u00eb mazhoranc\u00eb apo opozit\u00eb, kan\u00eb pushtetin ekonomik se e kan\u00eb me klanin e tyre dhe oligark\u00ebt bashk\u00eb, aty ndajn\u00eb parat\u00eb, prona, llokmat e ngastrave q\u00eb iu jep Veliaj n\u00eb Tiran\u00eb me urdh\u00ebr t\u00eb Edi Ram\u00ebs. Jan\u00eb t\u00eb gjith\u00eb bashk\u00eb, kan\u00eb 32 vite q\u00eb b\u00ebjn\u00eb rotacion me nj\u00ebri tjetrin p\u00ebr t\u00eb nd\u00ebrruar postet. B\u00ebjn\u00eb sikur zihen dit\u00ebn p\u00ebr demokraci e parime dhe nat\u00ebn p\u00ebrqafohen dhe ndajn\u00eb hart\u00ebn territoriale t\u00eb vendit se ku do nd\u00ebrtojn\u00eb bllokun e pallatave, ku do t\u00eb nd\u00ebrtojn\u00eb vilat e tyre, ku do t\u00eb nd\u00ebrtojn\u00eb resortet<\/em>\u201d, tha Bejko<\/span><\/p>\n","protected":false,"gt_translate_keys":[{"key":"rendered","format":"html"}]},"excerpt":{"rendered":"<p>Kandidati i Partis\u00eb Demokratike p\u00ebr Tiran\u00ebn n\u00eb dit\u00ebn e fundit t\u00eb fushat\u00ebs p\u00ebr zgjedhjet vendore t\u00eb 14 majit u ndal n\u00eb zon\u00ebn e Freskut, n\u00eb deg\u00ebn me num\u00ebr 14. Kandidati demokrat u b\u00ebri thirrje qytetar\u00ebve q\u00eb dit\u00ebn e diel\u00eb t\u00eb shkojn\u00eb n\u00eb kutit\u00eb e votimit dhe t\u00eb votojn\u00eb p\u00ebr t\u00eb larguar &#8216;pushtuesit&#8217;, q\u00eb sipas tij [&hellip;]<\/p>\n","protected":false,"gt_translate_keys":[{"key":"rendered","format":"html"}]},"author":30,"featured_media":595844,"comment_status":"closed","ping_status":"closed","sticky":false,"template":"","format":"standard","meta":{"footnotes":""},"categories":[65],"tags":[],"class_list":["post-595843","post","type-post","status-publish","format-standard","has-post-thumbnail","hentry","category-lajme"],"gt_translate_keys":[{"key":"link","format":"url"}],"_links":{"self":[{"href":"https:\/\/www.hashtag.al\/index.php\/wp-json\/wp\/v2\/posts\/595843","targetHints":{"allow":["GET"]}}],"collection":[{"href":"https:\/\/www.hashtag.al\/index.php\/wp-json\/wp\/v2\/posts"}],"about":[{"href":"https:\/\/www.hashtag.al\/index.php\/wp-json\/wp\/v2\/types\/post"}],"author":[{"embeddable":true,"href":"https:\/\/www.hashtag.al\/index.php\/wp-json\/wp\/v2\/users\/30"}],"replies":[{"embeddable":true,"href":"https:\/\/www.hashtag.al\/index.php\/wp-json\/wp\/v2\/comments?post=595843"}],"version-history":[{"count":0,"href":"https:\/\/www.hashtag.al\/index.php\/wp-json\/wp\/v2\/posts\/595843\/revisions"}],"wp:featuredmedia":[{"embeddable":true,"href":"https:\/\/www.hashtag.al\/index.php\/wp-json\/wp\/v2\/media\/595844"}],"wp:attachment":[{"href":"https:\/\/www.hashtag.al\/index.php\/wp-json\/wp\/v2\/media?parent=595843"}],"wp:term":[{"taxonomy":"category","embeddable":true,"href":"https:\/\/www.hashtag.al\/index.php\/wp-json\/wp\/v2\/categories?post=595843"},{"taxonomy":"post_tag","embeddable":true,"href":"https:\/\/www.hashtag.al\/index.php\/wp-json\/wp\/v2\/tags?post=595843"}],"curies":[{"name":"wp","href":"https:\/\/api.w.org\/{rel}","templated":true}]}}