{"id":595840,"date":"2023-05-12T16:55:29","date_gmt":"2023-05-12T14:55:29","guid":{"rendered":"https:\/\/www.hashtag.al\/?p=595840"},"modified":"2023-05-12T16:55:29","modified_gmt":"2023-05-12T14:55:29","slug":"ministria-e-arsimit-52-shkolla-do-te-jene-vend-numerim-votash-procesi-mesimor-do-te-zevendesohet-ne-disa-shkolla","status":"publish","type":"post","link":"https:\/\/www.hashtag.al\/index.php\/2023\/05\/12\/ministria-e-arsimit-52-shkolla-do-te-jene-vend-numerim-votash-procesi-mesimor-do-te-zevendesohet-ne-disa-shkolla\/","title":{"rendered":"Ministria e Arsimit: 52 shkolla do t\u00eb jen\u00eb Vend Num\u00ebrim Votash, procesi m\u00ebsimor do t\u00eb z\u00ebvend\u00ebsohet n\u00eb disa shkolla","gt_translate_keys":[{"key":"rendered","format":"text"}]},"content":{"rendered":"<p><span style=\"color: #000000;\"><a href=\"https:\/\/www.hashtag.al\/wp-content\/uploads\/2023\/05\/Screenshot-2023-05-12-164326.png\"><img loading=\"lazy\" decoding=\"async\" class=\"aligncenter size-full wp-image-595841\" src=\"https:\/\/www.hashtag.al\/wp-content\/uploads\/2023\/05\/Screenshot-2023-05-12-164326.png\" alt=\"\" width=\"765\" height=\"427\" srcset=\"https:\/\/www.hashtag.al\/wp-content\/uploads\/2023\/05\/Screenshot-2023-05-12-164326.png 765w, https:\/\/www.hashtag.al\/wp-content\/uploads\/2023\/05\/Screenshot-2023-05-12-164326-300x167.png 300w\" sizes=\"auto, (max-width: 765px) 100vw, 765px\" \/><\/a><\/span><\/p>\n<p><span style=\"color: #000000;\">Ministria e Arsimit dhe Sportit ka publikuar nj\u00eb njoftim me nj\u00eb list\u00eb t\u00eb detajuar mbi ecurin\u00eb e m\u00ebsimdh\u00ebnies dhe masat e marra gjat\u00eb periudh\u00ebs q\u00eb ambientet e nj\u00eb pjese t\u00eb shkollave do t\u00eb p\u00ebrdoren si Vend t\u00eb Num\u00ebrimit t\u00eb Votave.<\/span><\/p>\n<p><span style=\"color: #000000;\">Ministria e Arsimit informon se n\u00eb DRAP Lezh\u00eb nga 12 shkolla q\u00eb do t\u00eb jen\u00eb VNV (Vend i Num\u00ebrimit t\u00eb Votave), n\u00eb asnj\u00ebr\u00ebn prej tyre nuk cenohet procesi m\u00ebsimor.<\/span><\/p>\n<p><span style=\"color: #000000;\">Nd\u00ebrsa n\u00eb DRAP Kor\u00e7\u00eb jan\u00eb 7 shkolla VNV (Vend i Num\u00ebrimit t\u00eb Votave), ku n\u00eb 4 prej tyre nuk cenohet procesi m\u00ebsimor, n\u00eb 3 t\u00eb tjerat do t\u00eb zhvillohet pasdite n\u00eb shkolla t\u00eb tjera af\u00ebr tyre, ose do t\u2019i z\u00ebvend\u00ebsojn\u00eb m\u00eb pas dit\u00ebt e humbura. N\u00eb DRAP Fier jan\u00eb 10 shkolla VNV (Vend i Num\u00ebrimit t\u00eb Votave), n\u00eb 5 shkolla prej tyre nuk cenohet procesi m\u00ebsimor, nd\u00ebrsa n\u00eb 5 t\u00eb tjerat do b\u00ebhet m\u00ebsim pasdite n\u00eb shkoll\u00eb tjet\u00ebr ose dit\u00ebt do t\u00eb z\u00ebvend\u00ebsohen m\u00eb pas.<\/span><\/p>\n<p><span style=\"color: #000000;\">N\u00eb DRAP Durr\u00ebs jan\u00eb 23 shkolla VNV (Vend i Num\u00ebrimit t\u00eb Votave), ku n\u00eb 3 shkolla nuk cenohet procesi m\u00ebsimor, nd\u00ebrkoh\u00eb q\u00eb 20 t\u00eb tjerat do ta zhvillojn\u00eb pasdite m\u00ebsimin, n\u00eb mjedise t\u00eb shkollave pran\u00eb tyre. Gjithsej jan\u00eb 52 shkolla VNV (Vend i Num\u00ebrimit t\u00eb Votave), nga t\u00eb cilat 24 shkolla nuk do ta cenojn\u00eb procesin m\u00ebsimor dhe 28 shkolla t\u00eb tjera do ta vazhdojn\u00eb m\u00ebsimin pasdite n\u00eb shkollat pran\u00eb tyre ose do t\u2019i z\u00ebvend\u00ebsojn\u00eb.<\/span><\/p>\n<p>&nbsp;<\/p>\n<p><span style=\"color: #000000;\">SHKOLLA &#8211; QEND\u00cbR KZAZ<\/span><\/p>\n<p><span style=\"color: #000000;\"><em>DRAP KOR\u00c7\u00cb<\/em><\/span><\/p>\n<ul>\n<li><span style=\"color: #000000;\"><em>Maliq, Shkolla e Mesme e Bashkuar &#8220;Dhimitraq Gjata&#8221;, R\u00ebmbec, p\u00ebrfundimi i procesit t\u00eb num\u00ebrimit 19.05.2023. M\u00ebsimi vijon n\u00eb shkoll\u00ebn &#8220;Neim Sertani&#8221; Orman, turni i dyt\u00eb.<\/em><\/span><\/li>\n<li><span style=\"color: #000000;\"><em>Kor\u00e7\u00eb-Pustec, Gjimnazi &#8220;Raqi Qirinxhi&#8221; palestra, p\u00ebrfundimi i procesit t\u00eb num\u00ebrimit m\u00eb 18.05.2023. Nuk ndikon n\u00eb procesin m\u00ebsimor.<\/em><\/span><\/li>\n<li><span style=\"color: #000000;\"><em>Kor\u00e7\u00eb-Pustec, SHMB &#8220;Dy D\u00ebshmor\u00ebt&#8221;, p\u00ebrfundimi i procesit t\u00eb num\u00ebrimit m\u00eb 15.05.2023. Procesi m\u00ebsimor zhvillohet gjat\u00eb pasdites ora 12.00-16.00.<\/em><\/span><\/li>\n<li><span style=\"color: #000000;\"><em>Elbasan, Shkolla 9-vje\u00e7are &#8220;Jorgji Dilo&#8221;, p\u00ebrfundimi i procesit t\u00eb num\u00ebrimit m\u00eb 16.05.2023. Procesi m\u00ebsimor zhvillohet normalisht pasi num\u00ebrimi i votave zhvillohet elektronikisht.<\/em><\/span><\/li>\n<li><span style=\"color: #000000;\"><em>P\u00ebrrenjas, Gjimnazi &#8220;Halit B\u00ebrzeshta&#8221;, p\u00ebrfundimi i procesit t\u00eb num\u00ebrimit m\u00eb 16.05.2023. Procesi m\u00ebsimor zhvillohet t\u00eb shtun\u00ebn dhe t\u00eb diel\u00ebn.<\/em><\/span><\/li>\n<li><span style=\"color: #000000;\"><em>Belsh, Gjimnazi &#8220;Sami Frash\u00ebri&#8221; (Palestra) p\u00ebrfundimi i procesit t\u00eb num\u00ebrimit m\u00eb 16.05.2023. Procesi m\u00ebsimor do zhvillohet normalisht, pasi shkolla ka dy hyrje, t\u00eb cilat nuk kan\u00eb lidhje me nj\u00ebra tjetr\u00ebn.<\/em><\/span><\/li>\n<li><span style=\"color: #000000;\"><em>C\u00ebrrik, Palestra e Shkoll\u00ebs &#8220;Aleks Buda&#8221;, procesi m\u00ebsimor do zhvillohet normalisht n\u00eb k\u00ebt\u00eb shkoll\u00eb, pasi palestra ka hyrje t\u00eb ve\u00e7ant\u00eb nga shkolla.<\/em><\/span><\/li>\n<\/ul>\n<p><span style=\"color: #000000;\"><em>\u00a0<\/em><\/span><\/p>\n<p><span style=\"color: #000000;\"><em>DRAP LEZH\u00cb<\/em><\/span><\/p>\n<ul>\n<li><span style=\"color: #000000;\"><em>Mal\u00ebsi e Madhe, Palestra e Shkoll\u00ebs 9-Vje\u00e7are &#8220;Abdyl Bajraktari&#8221;, Koplik. P\u00ebrfundimi i procesit t\u00eb num\u00ebrimit m\u00eb 17.05.2023, nuk cenon procesin m\u00ebsimor.<\/em><\/span><\/li>\n<li><span style=\"color: #000000;\"><em>Lezh\u00eb, Gjimnazi &#8220;Hydajet Lezha&#8221;, p\u00ebrfundimi i procesit t\u00eb num\u00ebrimit m\u00eb 17.05.2023, nuk c\u00ebnon procesin m\u00ebsimor.<\/em><\/span><\/li>\n<li><span style=\"color: #000000;\"><em>Lezh\u00eb, Shkolla 9-vje\u00e7are &#8220;Bes\u00eblidhja&#8221;, p\u00ebrfundimi i procesit t\u00eb num\u00ebrimit m\u00eb 17.05.2023 nuk cenon procesin m\u00ebsimor.<\/em><\/span><\/li>\n<li><span style=\"color: #000000;\"><em>Puk\u00eb, Fush\u00eb-Arr\u00ebz, Palestra e Shkoll\u00ebs s\u00eb Mesme &#8220;Sabah Sinani&#8221;, Puk\u00eb, p\u00ebrfundimi i procesit t\u00eb num\u00ebrimit m\u00eb 17.05.2023, nuk cenon procesin m\u00ebsimor.<\/em><\/span><\/li>\n<li><span style=\"color: #000000;\"><em>Puk\u00eb, Fush\u00eb-Arr\u00ebz, Palestra e shkoll\u00ebs 9-vje\u00e7are &#8220;Pjet\u00ebr Arbnori&#8221; Fush\u00eb Arr\u00ebz, p\u00ebrfundimi i procesit t\u00eb num\u00ebrimit m\u00eb 17.05.2023, nuk cenon procesin m\u00ebsimor.<\/em><\/span><\/li>\n<li><span style=\"color: #000000;\"><em>Has, Palestra e Gjimnazit \u201cSk\u00ebnderbeu\u201d Krum\u00eb, p\u00ebrfundimi i procesit t\u00eb num\u00ebrimit m\u00eb 17.05.2023, nuk cenon procesin m\u00ebsimor.<\/em><\/span><\/li>\n<li><span style=\"color: #000000;\"><em>Vau Dej\u00ebs, Palestra Shkolla Profesionale e Fermer\u00ebve \u201cNdre Mjeda&#8221; Bushat, (Palestra) p\u00ebrfundimi i procesit t\u00eb num\u00ebrimit m\u00eb 17.05.2023, nuk cenon procesin m\u00ebsimor.<\/em><\/span><\/li>\n<li><span style=\"color: #000000;\"><em>Kuk\u00ebs, shkolla \u201cLidhja e Prizrenit\u201d Kuk\u00ebs, p\u00ebrfundimi i procesit t\u00eb num\u00ebrimit m\u00eb 17.05.2023, nuk cenon procesin m\u00ebsimor.<\/em><\/span><\/li>\n<li><span style=\"color: #000000;\"><em>Kurbin, Palestra e Gjimnazit \u201cAt\u2019Shtjef\u00ebn Gje\u00e7ovi\u201d La\u00e7, p\u00ebrfundimi i procesit t\u00eb num\u00ebrimit m\u00eb 17.05.2023, nuk cenon procesin m\u00ebsimor<\/em><\/span><\/li>\n<li><span style=\"color: #000000;\"><em>Shkod\u00ebr, Gjimnazi i Orientuar &#8220;Shejnaze Juka&#8221;, p\u00ebrfundimi i procesit t\u00eb num\u00ebrimit m\u00eb 19.05.2023, nuk cenon procesin m\u00ebsimor.<\/em><\/span><\/li>\n<li><span style=\"color: #000000;\"><em>Shkod\u00ebr, Shkolla 9-vje\u00e7are &#8220;Xheladin Fishta&#8221;, p\u00ebrfundimi i procesit t\u00eb num\u00ebrimit m\u00eb 19.05.2023 nuk cenon procesin m\u00ebsimor.<\/em><\/span><\/li>\n<li><span style=\"color: #000000;\"><em>Shkod\u00ebr, Shkolla 9-vje\u00e7are &#8220;Ismail Qemali&#8221;, palestra e universitetit q\u00eb ndodhet n\u00eb oborrin e shkoll\u00ebs, p\u00ebrfundimi i procesit t\u00eb num\u00ebrimit m\u00eb 19.05.2023, nuk cenon procesin m\u00ebsimor.<\/em><\/span><\/li>\n<\/ul>\n<p><span style=\"color: #000000;\"><em>\u00a0<\/em><\/span><\/p>\n<p><span style=\"color: #000000;\"><em>DRAP FIER<\/em><\/span><\/p>\n<ul>\n<li><span style=\"color: #000000;\"><em>Fier, Shkolla e Mesme \u201cJanaq Kilica\u201d, p\u00ebrfundimi i procesit t\u00eb num\u00ebrimit m\u00eb 19.5.2023, z\u00ebvend\u00ebsohet me m\u00ebsim pasdite n\u00eb nj\u00eb godin\u00eb tjet\u00ebr.<\/em><\/span><\/li>\n<li><span style=\"color: #000000;\"><em>Fier, Shkolla e Mesme Profesionale \u201cPetro Sota\u201d p\u00ebrfundimi i procesit t\u00eb num\u00ebrimit m\u00eb 19.5.2023, z\u00ebvend\u00ebsohet me m\u00ebsim pasdite n\u00eb nj\u00eb godin\u00eb tjet\u00ebr.<\/em><\/span><\/li>\n<li><span style=\"color: #000000;\"><em>Fier, Shkolla Artistike \u201cJakov Xoxa\u201d 18.5.2023 m\u00ebsim pasdite n\u00eb nj\u00eb godin\u00eb tjet\u00ebr.<\/em><\/span><\/li>\n<li><span style=\"color: #000000;\"><em>Mallakast\u00ebr, Palestra e shkoll\u00ebs &#8220;Dervish Hekali&#8221; Ballsh, p\u00ebrfundimi i procesit t\u00eb num\u00ebrimit m\u00eb 21.05.2023. M\u00ebsimi vazhdon rregullisht.<\/em><\/span><\/li>\n<\/ul>\n<p><span style=\"color: #000000;\"><em>\u00a0<\/em><\/span><\/p>\n<ul>\n<li><span style=\"color: #000000;\"><em>Lushnje Palestra e shkoll\u00ebs 9-vje\u00e7are \u201cSk\u00ebnder Libohova\u201d, p\u00ebrfundimi i procesit t\u00eb num\u00ebrimit m\u00eb 18.05.2023. M\u00ebsimi vazhdon rregullisht.<\/em><\/span><\/li>\n<li><span style=\"color: #000000;\"><em>Himar\u00eb 9-vje\u00e7are &#8220;Ismail Qemali&#8221;, Vlor\u00eb, 1 dit\u00eb m\u00ebsimi do z\u00ebvend\u00ebsohet nj\u00eb dit\u00eb tjet\u00ebr.<\/em><\/span><\/li>\n<li><span style=\"color: #000000;\"><em>Himar\u00eb, Gjimnazi &#8220;Ali Demi&#8221;, Vlor\u00eb, 1 dit\u00eb m\u00ebsimi do z\u00ebvend\u00ebsohet nj\u00eb dit\u00eb tjet\u00ebr.<\/em><\/span><\/li>\n<li><span style=\"color: #000000;\"><em>Selenic\u00eb, shkolla \u201cEqerem Beqiri\u201d (Palest\u00ebr) p\u00ebrfundimi i procesit t\u00eb num\u00ebrimit m\u00eb 18.05.2023. M\u00ebsimi vazhdon rregullisht.<\/em><\/span><\/li>\n<li><span style=\"color: #000000;\"><em>Sarand\u00eb, Palestra &#8220;Bido Sejko&#8221;, procesi zgjat p\u00ebr 2 dit\u00eb m\u00ebsimi vazhdon rregullisht.<\/em><\/span><\/li>\n<li><span style=\"color: #000000;\"><em>Sarand\u00eb Palestra &#8220;Antonio Athanas&#8221;, procesi zgjat 4 dit\u00eb m\u00ebsimi vazhdon rregullisht.<\/em><\/span><\/li>\n<\/ul>\n<p><span style=\"color: #000000;\"><em>\u00a0<\/em><\/span><\/p>\n<p><span style=\"color: #000000;\"><em>DRAP Durr\u00ebs<\/em><\/span><\/p>\n<ul>\n<li><span style=\"color: #000000;\"><em>SHIJAK, Gjimnazi \u201c16 Shtatori\u201d procesi i num\u00ebrimit i pacaktuar, M\u00ebsimin e dit\u00ebs s\u00eb H\u00ebn\u00eb do ta zhvillojn\u00eb n\u00eb shkoll\u00ebn 9-vje\u00e7are &#8220;Muharrem Dollaku&#8221;.<\/em><\/span><\/li>\n<li><span style=\"color: #000000;\"><em>RROGOZHIN\u00cb, Shkolla e Mesme &#8220;Haxhi Qehaj&#8221; procesi i num\u00ebrimit i pacaktuar, Do t\u00eb zhvillohet m\u00ebsimi rregullisht n\u00eb shkoll\u00eb sepse palestra ku do t\u00eb zhvillohet procesi i num\u00ebrimit ka hyrje t\u00eb ndryshme nga shkolla dhe nuk pengohen asnj\u00eb nga proceset.<\/em><\/span><\/li>\n<li><span style=\"color: #000000;\"><em>TIRAN\u00cb, Gjimnazi \u201cA.Z.\u00c7ajupi\u201d procesi i num\u00ebrimit i pacaktuar, M\u00ebsimi zhvillohet n\u00eb shkoll\u00ebn \u201cLuan Hajdaraga\u201d dhe \u201cEqerem Cabej\u201d.<\/em><\/span><\/li>\n<li><span style=\"color: #000000;\"><em>TIRAN\u00cb, Shkolla \u201cHasan Tahsin\u201d procesi i num\u00ebrimit i pacaktuar, M\u00ebsimi zhvillohet n\u00eb shkoll\u00ebn \u201cSiri Kodra\u201d.<\/em><\/span><\/li>\n<li><span style=\"color: #000000;\"><em>TIRAN\u00cb, Shkolla \u201cQemal Stafa\u201d procesi i num\u00ebrimit i pacaktuar, M\u00ebsimi zhvillohet n\u00eb shkoll\u00ebn \u201cQazim Turdiu\u201d.<\/em><\/span><\/li>\n<li><span style=\"color: #000000;\"><em>TIRAN\u00cb, Shkolla \u201cVasil Shanto\u201d procesi i num\u00ebrimit i pacaktuar, M\u00ebsimi zhvillohet n\u00eb shkoll\u00ebn \u201cDora Distrja\u201d dhe \u201cPjet\u00ebr Budi\u201d.<\/em><\/span><\/li>\n<li><span style=\"color: #000000;\"><em>TIRAN\u00cb, Shkolla \u201cBetim Mu\u00e7o\u201d procesi i num\u00ebrimit i pacaktuar, M\u00ebsimi zhvillohet n\u00eb shkoll\u00ebn Lazgush Poradeci.<\/em><\/span><\/li>\n<li><span style=\"color: #000000;\"><em>TIRAN\u00cb, Shkolla \u201cGustav Mayer\u201d procesi i num\u00ebrimit i pacaktuar, M\u00ebsimi zhvillohet n\u00eb shkoll\u00ebn Naim Frash\u00ebri.<\/em><\/span><\/li>\n<\/ul>\n<ul>\n<li><span style=\"color: #000000;\"><em>TIRAN\u00cb, Shkolla \u201cKatund I Ri\u201d, KASHAR procesi i num\u00ebrimit i pacaktuar, M\u00ebsimi zhvillohet n\u00eb shkoll\u00ebn \u201cSadik Stavaleci\u201d.<\/em><\/span><\/li>\n<li><span style=\"color: #000000;\"><em>TIRAN\u00cb, Shkolla \u201c1 Maji\u201d procesi i num\u00ebrimit i pacaktuar, M\u00ebsimi zhvillohet n\u00eb shkoll\u00ebn. \u201cOsman Myderizi\u201d dhe \u201cMihal Grameno\u201d.<\/em><\/span><\/li>\n<li><span style=\"color: #000000;\"><em>TIRAN\u00cb, Shkolla \u201cAhmet Gashi\u201d procesi i num\u00ebrimit i pacaktuar, M\u00ebsimi zhvillohet n\u00eb shkoll\u00ebn \u201c28 N\u00ebntori\u201d.<\/em><\/span><\/li>\n<li><span style=\"color: #000000;\"><em>TIRAN\u00cb, \u201cKushtrimi i Liris\u00eb\u201d procesi i num\u00ebrimit i pacaktuar. M\u00ebsimi zhvillohet n\u00eb shkoll\u00ebn \u201cMarie Logoreci\u201d.<\/em><\/span><\/li>\n<\/ul>\n<ul>\n<li><span style=\"color: #000000;\"><em>KAMEZ, do t\u00eb ket\u00eb Votim Elektronik m\u00eb 14.05.2023.<\/em><\/span><\/li>\n<\/ul>\n<p><span style=\"color: #000000;\"><em>oShkolla &#8220;Gramoz Palushi&#8221;, e zhvillon procesin m\u00ebsimor pran\u00eb shkoll\u00ebs &#8220;Bajram Curri&#8221;, duke qen\u00eb se kjo e fundit \u00ebsht\u00eb KZAZ, nx\u00ebn\u00ebsit do t\u00eb zhvillojn\u00eb m\u00ebsimin pran\u00eb shkoll\u00ebs &#8220;Dom Nikoll\u00eb Ka\u00e7orri&#8221; n\u00eb Paskuqan p\u00ebr nj\u00eb periudh\u00eb kohore prej 5 dit\u00ebsh.<\/em><\/span><\/p>\n<ul>\n<li><span style=\"color: #000000;\"><em>DURR\u00cbS, Shkolla &#8220;Jan Kukuzeli\u201d procesi i num\u00ebrimit i pacaktuar do t\u00eb zhvilloj\u00eb m\u00ebsimin pas or\u00ebs 13:00 n\u00eb mjediset e shkoll\u00ebs \u201cBedrie Bebeziqi\u201d.<\/em><\/span><\/li>\n<li><span style=\"color: #000000;\"><em>DURR\u00cbS, Shkolla \u201cMarie Ka\u00e7ulini\u201d dhe \u201cGjergj Kastrioti\u201d procesi i num\u00ebrimit i pacaktuar. do t\u00eb vijojn\u00eb m\u00ebsimin n\u00eb godin\u00ebn e tyre, duke bllokuar aksesin n\u00eb oborrin e shkoll\u00ebs, kjo e konfirmuar me KZAZ<\/em><\/span><\/li>\n<li><span style=\"color: #000000;\"><em>DURR\u00cbS, Shkolla \u201cLeonik Tomeo\u201d, procesi i num\u00ebrimit i pacaktuar. Do t\u00eb zhvilloj\u00eb m\u00ebsimin pas or\u00ebs 13:00 n\u00eb mjediset e shkoll\u00ebs \u201cE Re\u201d<\/em><\/span><\/li>\n<li><span style=\"color: #000000;\"><em>DURR\u00cbS, Shkolla \u201cBenardina Qeraxhi\u201d procesi i num\u00ebrimit nuk dihet sa zgjat. Do t\u00eb zhvilloj\u00eb m\u00ebsim pas or\u00ebs 13:00 n\u00eb shkoll\u00ebn \u201cN\u00ebn\u00eb Tereza\u201d.<\/em><\/span><\/li>\n<li><span style=\"color: #000000;\"><em>Vora, Votim elektronik 14.05.2023, nuk cenon procesin m\u00ebsimor.<\/em><\/span><\/li>\n<li><span style=\"color: #000000;\"><em>TIRAN\u00cb, SHKOLLA \u201cBajram Curri\u201d, procesi i num\u00ebrimit nuk dihet sa zgjat. Procesi m\u00ebsimor zhvillohet n\u00eb shkoll\u00ebn \u201cRamazan Jarani\u201d,<\/em><\/span><\/li>\n<\/ul>\n<ul>\n<li><span style=\"color: #000000;\"><em>TIRAN\u00cb, Shkolla &#8220;E KUQE&#8221; procesi i num\u00ebrimit nuk dihet sa zgjat. M\u00ebsimi b\u00ebhet n\u00eb shkoll\u00ebn \u201cKico Blushi\u201d,<\/em><\/span><\/li>\n<li><span style=\"color: #000000;\"><em>TIRAN\u00cb, shkolla \u201cEmin Duraku\u201d, procesi i num\u00ebrimit nuk dihet sa zgjat. M\u00ebsimi b\u00ebhet n\u00eb n\u00eb shkoll\u00ebn \u201cEdit Durham\u201d,<\/em><\/span><\/li>\n<li><span style=\"color: #000000;\"><em>TIRAN\u00cb, shkolla \u201cMusine Kokalari\u201d, procesi i num\u00ebrimit nuk dihet sa zgjat. M\u00ebsimi b\u00ebhet n\u00eb shkoll\u00ebn \u201cShyqyri Peza\u201d,<\/em><\/span><\/li>\n<li><span style=\"color: #000000;\"><em>TIRAN\u00cb, gjimnazi \u201cPartizani\u201d, procesi i num\u00ebrimit nuk dihet sa zgjat. M\u00ebsimi b\u00ebhet n\u00eb shkoll\u00ebn \u201cSevasti Qiriazi\u201d.<\/em><\/span><\/li>\n<\/ul>\n","protected":false,"gt_translate_keys":[{"key":"rendered","format":"html"}]},"excerpt":{"rendered":"<p>Ministria e Arsimit dhe Sportit ka publikuar nj\u00eb njoftim me nj\u00eb list\u00eb t\u00eb detajuar mbi ecurin\u00eb e m\u00ebsimdh\u00ebnies dhe masat e marra gjat\u00eb periudh\u00ebs q\u00eb ambientet e nj\u00eb pjese t\u00eb shkollave do t\u00eb p\u00ebrdoren si Vend t\u00eb Num\u00ebrimit t\u00eb Votave. Ministria e Arsimit informon se n\u00eb DRAP Lezh\u00eb nga 12 shkolla q\u00eb do t\u00eb jen\u00eb [&hellip;]<\/p>\n","protected":false,"gt_translate_keys":[{"key":"rendered","format":"html"}]},"author":30,"featured_media":595841,"comment_status":"closed","ping_status":"closed","sticky":false,"template":"","format":"standard","meta":{"footnotes":""},"categories":[65],"tags":[],"class_list":["post-595840","post","type-post","status-publish","format-standard","has-post-thumbnail","hentry","category-lajme"],"gt_translate_keys":[{"key":"link","format":"url"}],"_links":{"self":[{"href":"https:\/\/www.hashtag.al\/index.php\/wp-json\/wp\/v2\/posts\/595840","targetHints":{"allow":["GET"]}}],"collection":[{"href":"https:\/\/www.hashtag.al\/index.php\/wp-json\/wp\/v2\/posts"}],"about":[{"href":"https:\/\/www.hashtag.al\/index.php\/wp-json\/wp\/v2\/types\/post"}],"author":[{"embeddable":true,"href":"https:\/\/www.hashtag.al\/index.php\/wp-json\/wp\/v2\/users\/30"}],"replies":[{"embeddable":true,"href":"https:\/\/www.hashtag.al\/index.php\/wp-json\/wp\/v2\/comments?post=595840"}],"version-history":[{"count":0,"href":"https:\/\/www.hashtag.al\/index.php\/wp-json\/wp\/v2\/posts\/595840\/revisions"}],"wp:featuredmedia":[{"embeddable":true,"href":"https:\/\/www.hashtag.al\/index.php\/wp-json\/wp\/v2\/media\/595841"}],"wp:attachment":[{"href":"https:\/\/www.hashtag.al\/index.php\/wp-json\/wp\/v2\/media?parent=595840"}],"wp:term":[{"taxonomy":"category","embeddable":true,"href":"https:\/\/www.hashtag.al\/index.php\/wp-json\/wp\/v2\/categories?post=595840"},{"taxonomy":"post_tag","embeddable":true,"href":"https:\/\/www.hashtag.al\/index.php\/wp-json\/wp\/v2\/tags?post=595840"}],"curies":[{"name":"wp","href":"https:\/\/api.w.org\/{rel}","templated":true}]}}