{"id":595776,"date":"2023-05-12T13:09:56","date_gmt":"2023-05-12T11:09:56","guid":{"rendered":"https:\/\/www.hashtag.al\/?p=595776"},"modified":"2023-05-12T13:39:07","modified_gmt":"2023-05-12T11:39:07","slug":"arrestimi-i-belerit-ministri-i-jashtem-grek-telefonate-me-ramen","status":"publish","type":"post","link":"https:\/\/www.hashtag.al\/index.php\/2023\/05\/12\/arrestimi-i-belerit-ministri-i-jashtem-grek-telefonate-me-ramen\/","title":{"rendered":"Arrestimi i Belerit, Dendias e Rama: N\u00ebse s&#8217;ka prova t\u00eb mjaftueshme, skandal absolut","gt_translate_keys":[{"key":"rendered","format":"text"}]},"content":{"rendered":"<p><span style=\"color: #000000;\"><img loading=\"lazy\" decoding=\"async\" class=\"aligncenter size-full wp-image-595778\" src=\"https:\/\/www.hashtag.al\/wp-content\/uploads\/2023\/05\/dendiasrama.jpg\" alt=\"\" width=\"1200\" height=\"630\" srcset=\"https:\/\/www.hashtag.al\/wp-content\/uploads\/2023\/05\/dendiasrama.jpg 1200w, https:\/\/www.hashtag.al\/wp-content\/uploads\/2023\/05\/dendiasrama-300x158.jpg 300w, https:\/\/www.hashtag.al\/wp-content\/uploads\/2023\/05\/dendiasrama-1024x538.jpg 1024w, https:\/\/www.hashtag.al\/wp-content\/uploads\/2023\/05\/dendiasrama-768x403.jpg 768w\" sizes=\"auto, (max-width: 1200px) 100vw, 1200px\" \/><\/span><\/p>\n<p><span style=\"color: #000000;\">Kryeministri Rama e ministri i Jasht\u00ebm grek kan\u00eb deklaruar ndarazi se arrestimi i kandidatit t\u00eb koalicionit \u2018Bashk\u00eb Fitojm\u00eb\u2019 p\u00ebr Himar\u00ebn Fredi Beleri pa prova t\u00eb mjaftueshme nga prokuroria do ishte skandal absolut.<\/span><\/p>\n<p class=\"selectionShareable\"><span style=\"color: #000000;\">Kryeministri Rama tha se n\u00ebse p\u00ebr arrestimin e Fredi Belerit nuk ka prova t\u00eb mjaftueshme, at\u00ebher\u00eb \u00ebsht\u00eb nj\u00eb skandal i madh.<\/span><\/p>\n<p class=\"selectionShareable\"><span style=\"color: #000000;\">Ai deklaroi se \u00ebsht\u00eb befasuar lidhur me ndalimin tij me akuzat p\u00ebr shitblerje votash nd\u00ebrsa tha se hetimi n\u00eb fjal\u00eb ka nisur shum\u00eb koh\u00eb p\u00ebrpara se t\u00eb niste polemika e tij me Belerin.<\/span><\/p>\n<p class=\"selectionShareable\"><span style=\"color: #000000;\"><em>\u201cP\u00ebr hir t\u00eb v\u00ebrtet\u00ebs un\u00eb u befasova sic u befasuat edhe ju. Ky \u00ebsht\u00eb nj\u00eb zhvillim q\u00eb lidhet ne hetime ter\u00ebsisht t\u00eb pavarura, t\u00eb cilin nuk kemi pas\u00eb mund\u00ebsi t\u00eb marrim akoma informacione, sepse prokurori do t\u2019i drejtohet gjykat\u00ebs p\u00ebr mas\u00ebn e siguris\u00eb. Por nga ana tjet\u00ebr, me sa kemi mundur t\u00eb m\u00ebsojm\u00eb nga policia e shtetit, b\u00ebhet fjal\u00eb p\u00ebr nj\u00eb hetim q\u00eb ka filluar prej disa koh\u00ebsh dhe koh\u00eb p\u00ebrpara se t\u00eb fillonte polemika ime m\u00eb k\u00ebt\u00eb personazh, q\u00eb u nxit nga nj\u00eb intervist\u00eb e tij e dh\u00ebn\u00eb p\u00ebr mediat greke p\u00ebr helenizimin e Himar\u00ebs. \u00a0B\u00ebhet fjal\u00eb p\u00ebr nj\u00eb hetim q\u00eb ka prova dhe do jet\u00eb v\u00ebrtet\u00eb nj\u00eb skandal n\u00ebse nuk ka prova t\u00eb mjaftueshme p\u00ebr k\u00ebt\u00eb veprim, sepse b\u00ebhet fjal\u00eb p\u00ebr nj\u00eb kandidat q\u00eb \u00ebsht\u00eb n\u00eb gar\u00eb. N\u00ebse nuk ka prova q\u00eb ky njeri \u00ebsht\u00eb i p\u00ebrfshir\u00eb drejtp\u00ebrdrejt n\u00eb veprimtari kriminale, at\u00ebher\u00eb do t\u00eb ishte skandaloze.\u201d<\/em>\u00a0\u2013 deklaroi Rama.<\/span><\/p>\n<p class=\"selectionShareable\"><span style=\"color: #000000;\">Ai shtoi m\u00eb tej se ndalimi i Belerit \u00ebsht\u00eb tem\u00eb delikate pasi b\u00ebhet fjal\u00eb p\u00ebr element t\u00eb ve\u00e7ant\u00eb q\u00eb lidhen me minoritetin grek\u00a0 n\u00eb Shqip\u00ebri.<\/span><\/p>\n<p class=\"selectionShareable\"><span style=\"color: #000000;\"><em>\u00a0\u201cKjo tem\u00eb \u00ebsht\u00eb shum\u00eb delikate, fakti q\u00eb ky \u00ebsht\u00eb nj\u00eb kandidat q\u00eb ky p\u00ebrfaq\u00ebson sipas tij disa ndjenja dhe element\u00eb t\u00eb vecant\u00eb q\u00eb lidhen me minoritetin grek n\u00eb Shqip\u00ebri. Kjo \u00ebsht\u00eb problem, \u00ebsht\u00eb v\u00ebrtet\u00eb problem. Kjo \u00ebsht\u00eb nj\u00eb veprimtari q\u00eb duhet t\u00eb jet\u00eb e provuar kat\u00ebrcip\u00ebrisht se ai \u00ebsht\u00eb i p\u00ebrfshir\u00eb n\u00eb veprimtari kriminale q\u00eb ndikon direkt n\u00eb procesin zgjedhor.\u201d<\/em>\u00a0\u2013 shtoi kryeministri.<\/span><\/p>\n<p><span style=\"color: #000000;\">Ministri i Jasht\u00ebm grek Dendias ka folur n\u00eb telefon me kryeministrin Rama pas arrestimit mesnat\u00ebn e mbr\u00ebmshme t\u00eb kandidatit t\u00eb koalicionit \u2018Bashk\u00eb Fitojm\u00eb\u2019 p\u00ebr Himar\u00ebn, Fredi Beleri.<\/span><\/p>\n<p><span style=\"color: #000000;\"> Sipas mediave greke, Dendias ka njoftuar p\u00ebr rastin kryeministrin Mitsotakis. <\/span><\/p>\n<p><span style=\"color: #000000;\"><em>\u201cArrestohet an\u00ebtari i minoritetit grek, Fredi Beleri, kandidat p\u00ebr kryetar Bashkie n\u00eb Himar\u00eb t\u00eb Shqip\u00ebris\u00eb, s\u00eb bashku me nj\u00eb tjet\u00ebr grek. Dua t\u00eb them se n\u00ebse nuk ka prova t\u00eb forta, arrestimi i nj\u00eb kandidati p\u00ebr Kryetar Bashkie dy dit\u00eb para zgjedhjeve \u00ebsht\u00eb nj\u00eb skandal absolut. P\u00ebr k\u00ebt\u00eb kam njoftuar tashm\u00eb P\u00ebrfaq\u00ebsuesin e Lart\u00eb t\u00eb BE-s\u00eb, z. Borrell, dhe ministrin e Jashtwm suedez, si Presidenc\u00eb n\u00eb detyr\u00eb. Qeveria greke do ta monitoroj\u00eb k\u00ebt\u00eb nga af\u00ebr. E p\u00ebrs\u00ebris, di\u00e7ka q\u00eb e njohu edhe kryeministri shqiptar Rama. Arrestimi i nj\u00eb kandidati p\u00ebr kryetar Bashkie dy dit\u00eb para zgjedhjeve, n\u00ebse nuk ka prova t\u00eb forta, p\u00ebrb\u00ebn skandal.\u201d<\/em> &#8211; tha ai.<\/span><\/p>\n<p><span style=\"color: #000000;\">Arrestimi i Belerit u d\u00ebnua ashp\u00ebr nga zv.ministri i Jasht\u00ebm grek i cili e quajti \u2018t\u00eb papranuesh\u00ebm\u2019.<\/span><\/p>\n<p><span style=\"color: #000000;\"> M\u00eb her\u00ebt ambasadorja greke n\u00eb Tiran\u00eb Kamitsi ishte n\u00eb Ministrin\u00eb e Jashtme t\u00eb Shqip\u00ebris\u00eb ku u takua me nj\u00eb zyrtar t\u00eb lart\u00eb t\u00eb k\u00ebtijj institucioni.<\/span><\/p>\n<p><span style=\"color: #000000;\">Arrestimi i Belerit u d\u00ebnua ashp\u00ebr nga kreu i opozit\u00ebs Berisha, kreu i Partis\u00eb s\u00eb Liris\u00eb Meta e kreu i PBDNJ-s\u00eb Dule. Ata e quajt\u00ebn ndalimin e tij sulm politik t\u00eb orkestruar nga kryeministri Rama.<\/span><\/p>\n<p><span style=\"color: #000000;\"> Ky i fundit tha pak m\u00eb par\u00eb se ndalimi i Belerit \u00ebsht\u00eb rast delikat dhe se n\u00ebse prokuroria nuk ka provat e mjaftueshme p\u00ebr k\u00ebt\u00eb, do ishte di\u00e7ka skandaloze. <\/span><\/p>\n<p><span style=\"color: #000000;\">Nd\u00ebrkoh\u00eb sipas urdh\u00ebrarrestit t\u00eb zbardhur, Beleri akuzohet p\u00ebr \u2018korrupsion aktiv\u2019 n\u00eb zgjedhje dhe se \u00ebsht\u00eb kapur n\u00eb flagranc\u00eb duke premtuar e dh\u00ebn\u00eb para me q\u00ebllim shitblerjen e vot\u00ebs.<\/span><\/p>\n","protected":false,"gt_translate_keys":[{"key":"rendered","format":"html"}]},"excerpt":{"rendered":"<p>Kryeministri Rama e ministri i Jasht\u00ebm grek kan\u00eb deklaruar ndarazi se arrestimi i kandidatit t\u00eb koalicionit \u2018Bashk\u00eb Fitojm\u00eb\u2019 p\u00ebr Himar\u00ebn Fredi Beleri pa prova t\u00eb mjaftueshme nga prokuroria do ishte skandal absolut. Kryeministri Rama tha se n\u00ebse p\u00ebr arrestimin e Fredi Belerit nuk ka prova t\u00eb mjaftueshme, at\u00ebher\u00eb \u00ebsht\u00eb nj\u00eb skandal i madh. Ai deklaroi [&hellip;]<\/p>\n","protected":false,"gt_translate_keys":[{"key":"rendered","format":"html"}]},"author":51,"featured_media":595778,"comment_status":"closed","ping_status":"closed","sticky":false,"template":"","format":"standard","meta":{"footnotes":""},"categories":[22,65,13],"tags":[],"class_list":["post-595776","post","type-post","status-publish","format-standard","has-post-thumbnail","hentry","category-ballina","category-lajme","category-te-fundit"],"gt_translate_keys":[{"key":"link","format":"url"}],"_links":{"self":[{"href":"https:\/\/www.hashtag.al\/index.php\/wp-json\/wp\/v2\/posts\/595776","targetHints":{"allow":["GET"]}}],"collection":[{"href":"https:\/\/www.hashtag.al\/index.php\/wp-json\/wp\/v2\/posts"}],"about":[{"href":"https:\/\/www.hashtag.al\/index.php\/wp-json\/wp\/v2\/types\/post"}],"author":[{"embeddable":true,"href":"https:\/\/www.hashtag.al\/index.php\/wp-json\/wp\/v2\/users\/51"}],"replies":[{"embeddable":true,"href":"https:\/\/www.hashtag.al\/index.php\/wp-json\/wp\/v2\/comments?post=595776"}],"version-history":[{"count":0,"href":"https:\/\/www.hashtag.al\/index.php\/wp-json\/wp\/v2\/posts\/595776\/revisions"}],"wp:featuredmedia":[{"embeddable":true,"href":"https:\/\/www.hashtag.al\/index.php\/wp-json\/wp\/v2\/media\/595778"}],"wp:attachment":[{"href":"https:\/\/www.hashtag.al\/index.php\/wp-json\/wp\/v2\/media?parent=595776"}],"wp:term":[{"taxonomy":"category","embeddable":true,"href":"https:\/\/www.hashtag.al\/index.php\/wp-json\/wp\/v2\/categories?post=595776"},{"taxonomy":"post_tag","embeddable":true,"href":"https:\/\/www.hashtag.al\/index.php\/wp-json\/wp\/v2\/tags?post=595776"}],"curies":[{"name":"wp","href":"https:\/\/api.w.org\/{rel}","templated":true}]}}