{"id":595761,"date":"2023-05-12T12:35:18","date_gmt":"2023-05-12T10:35:18","guid":{"rendered":"https:\/\/www.hashtag.al\/?p=595761"},"modified":"2023-05-12T12:46:34","modified_gmt":"2023-05-12T10:46:34","slug":"keshtu-i-merrni-votat-ju-mashtruesik-o-mondi-mjaft-beri-si-adoleshent-spaho-perplaset-me-deputetin-e-ps-se-e-kryebashkiakun-e-maliqit-video","status":"publish","type":"post","link":"https:\/\/www.hashtag.al\/index.php\/2023\/05\/12\/keshtu-i-merrni-votat-ju-mashtruesik-o-mondi-mjaft-beri-si-adoleshent-spaho-perplaset-me-deputetin-e-ps-se-e-kryebashkiakun-e-maliqit-video\/","title":{"rendered":"\u201dIk o Mondi, mjaft b\u00ebre si adoleshent\u201d &#8211; Spaho p\u00ebrplaset me deputetin e PS-s\u00eb e kryebashkiakun e Maliqit (Video)","gt_translate_keys":[{"key":"rendered","format":"text"}]},"content":{"rendered":"<div style=\"width: 626px;\" class=\"wp-video\"><video class=\"wp-video-shortcode\" id=\"video-595761-1\" width=\"626\" height=\"360\" preload=\"metadata\" controls=\"controls\"><source type=\"video\/mp4\" src=\"https:\/\/www.hashtag.al\/wp-content\/uploads\/2023\/05\/spaho.mp4?_=1\" \/><a href=\"https:\/\/www.hashtag.al\/wp-content\/uploads\/2023\/05\/spaho.mp4\">https:\/\/www.hashtag.al\/wp-content\/uploads\/2023\/05\/spaho.mp4<\/a><\/video><\/div>\n<p><span style=\"color: #000000;\">Deputeti i PD-s\u00eb Edmond Spaho \u00ebsht\u00eb p\u00ebrplasur me kryebashkiakun e Maliqit, G\u00ebzim Top\u00e7iu.<\/span><\/p>\n<p><span style=\"color: #000000;\"> P\u00ebrplasja ka ndodhur gjat\u00eb nj\u00eb takimi elektoral q\u00eb Top\u00e7iu po zhvillonte n\u00eb zon\u00ebn e Vreshtasit.<\/span><\/p>\n<p><span style=\"color: #000000;\"> Spaho ka shkuar n\u00eb zon\u00eb dhe ka debatuar me deputetin e PS-s\u00eb Ilir Pendavinji dhe Top\u00e7iun duke i akuzuar p\u00ebr blerje votash.<\/span><\/p>\n<p><span style=\"color: #000000;\"> Nd\u00ebrkoh\u00eb k\u00ebta t\u00eb fundit i kan\u00eb k\u00ebrkuar t\u00eb largohej duke e quajtur \u2018adoleshent\u2019.<\/span><\/p>\n<p><span style=\"color: #000000;\"><strong>Pjes\u00eb nga replikat<\/strong><\/span><\/p>\n<p><span style=\"color: #000000;\"><span style=\"color: #0000ff;\">Spaho<\/span>: Ku \u00ebsht\u00eb G\u00ebzimi (Top\u00e7iu) ma tregoni pak?<\/span><\/p>\n<p><span style=\"color: #000000;\"><span style=\"color: #ff6600;\">Fermeri:<\/span> G\u00ebzimi \u00ebsht\u00eb aty, te ai zetori atje.<\/span><\/p>\n<p><span style=\"color: #000000;\"><span style=\"color: #0000ff;\">Spaho:<\/span> Ku \u00ebsht\u00eb ai G\u00ebzimi?<\/span><\/p>\n<p><span style=\"color: #000000;\"><span style=\"color: #ff6600;\">Fermeri:<\/span> Ja andej tutje.<\/span><\/p>\n<p><span style=\"color: #000000;\"><span style=\"color: #0000ff;\">Spaho:<\/span> Ky q\u00eb shikoni \u00ebsht\u00eb kryetari i bashkis\u00eb i cili ka mbledhur t\u00eb gjith\u00eb tatktor\u00ebt me premtimin dhe g\u00ebnjeshtr\u00ebn q\u00eb do t\u2019u jap\u00eb targat.<\/span><\/p>\n<p><span style=\"color: #000000;\"><span style=\"color: #ff0000;\">Ilir Pendavinji<\/span> (deputet i PS): Ca ke o Mondi, nuk \u00ebsht\u00eb g\u00ebnjesht\u00ebr.<\/span><\/p>\n<p><span style=\"color: #000000;\"><span style=\"color: #008000;\">Top\u00e7iu<\/span>: Po ik se nuk ka lezet k\u00ebshtu.<\/span><\/p>\n<p><span style=\"color: #000000;\"><span style=\"color: #0000ff;\">Spaho:<\/span> Shikojeni k\u00ebt\u00eb mashtrues n\u00eb fushat\u00eb elektorale.<\/span><\/p>\n<p><span style=\"color: #000000;\"><span style=\"color: #ff0000;\">Pendavinji<\/span>: Po mjaft u b\u00ebre si adoleshent mjaft.<\/span><\/p>\n<p><span style=\"color: #000000;\"><span style=\"color: #0000ff;\">Spaho:<\/span> Ja edhe deputeti tjet\u00ebr q\u00eb ka ardhur p\u00ebr t\u2019u v\u00ebn\u00eb targat traktor\u00ebve.<\/span><\/p>\n<p><span style=\"color: #000000;\"><span style=\"color: #ff0000;\">Pendavinji<\/span>: Ik o Mondi, ik tani.<\/span><\/p>\n<p><span style=\"color: #000000;\"><span style=\"color: #0000ff;\">Spaho:<\/span> Shikoni kryetarin e Bashkis\u00eb si mbledh vota.<\/span><\/p>\n","protected":false,"gt_translate_keys":[{"key":"rendered","format":"html"}]},"excerpt":{"rendered":"<p>Deputeti i PD-s\u00eb Edmond Spaho \u00ebsht\u00eb p\u00ebrplasur me kryebashkiakun e Maliqit, G\u00ebzim Top\u00e7iu. P\u00ebrplasja ka ndodhur gjat\u00eb nj\u00eb takimi elektoral q\u00eb Top\u00e7iu po zhvillonte n\u00eb zon\u00ebn e Vreshtasit. Spaho ka shkuar n\u00eb zon\u00eb dhe ka debatuar me deputetin e PS-s\u00eb Ilir Pendavinji dhe Top\u00e7iun duke i akuzuar p\u00ebr blerje votash. Nd\u00ebrkoh\u00eb k\u00ebta t\u00eb fundit i [&hellip;]<\/p>\n","protected":false,"gt_translate_keys":[{"key":"rendered","format":"html"}]},"author":51,"featured_media":595763,"comment_status":"closed","ping_status":"closed","sticky":false,"template":"","format":"standard","meta":{"footnotes":""},"categories":[65,13],"tags":[],"class_list":["post-595761","post","type-post","status-publish","format-standard","has-post-thumbnail","hentry","category-lajme","category-te-fundit"],"gt_translate_keys":[{"key":"link","format":"url"}],"_links":{"self":[{"href":"https:\/\/www.hashtag.al\/index.php\/wp-json\/wp\/v2\/posts\/595761","targetHints":{"allow":["GET"]}}],"collection":[{"href":"https:\/\/www.hashtag.al\/index.php\/wp-json\/wp\/v2\/posts"}],"about":[{"href":"https:\/\/www.hashtag.al\/index.php\/wp-json\/wp\/v2\/types\/post"}],"author":[{"embeddable":true,"href":"https:\/\/www.hashtag.al\/index.php\/wp-json\/wp\/v2\/users\/51"}],"replies":[{"embeddable":true,"href":"https:\/\/www.hashtag.al\/index.php\/wp-json\/wp\/v2\/comments?post=595761"}],"version-history":[{"count":0,"href":"https:\/\/www.hashtag.al\/index.php\/wp-json\/wp\/v2\/posts\/595761\/revisions"}],"wp:featuredmedia":[{"embeddable":true,"href":"https:\/\/www.hashtag.al\/index.php\/wp-json\/wp\/v2\/media\/595763"}],"wp:attachment":[{"href":"https:\/\/www.hashtag.al\/index.php\/wp-json\/wp\/v2\/media?parent=595761"}],"wp:term":[{"taxonomy":"category","embeddable":true,"href":"https:\/\/www.hashtag.al\/index.php\/wp-json\/wp\/v2\/categories?post=595761"},{"taxonomy":"post_tag","embeddable":true,"href":"https:\/\/www.hashtag.al\/index.php\/wp-json\/wp\/v2\/tags?post=595761"}],"curies":[{"name":"wp","href":"https:\/\/api.w.org\/{rel}","templated":true}]}}