{"id":595609,"date":"2023-05-11T19:43:39","date_gmt":"2023-05-11T17:43:39","guid":{"rendered":"https:\/\/www.hashtag.al\/?p=595609"},"modified":"2023-05-11T19:46:03","modified_gmt":"2023-05-11T17:46:03","slug":"berisha-paralajmeron-pjerin-ndreun-do-te-te-heqim-shtetesine-shqiptare-bashke-me-safet-gjicin-do-mbeteni-pa-atdhe","status":"publish","type":"post","link":"https:\/\/www.hashtag.al\/index.php\/2023\/05\/11\/berisha-paralajmeron-pjerin-ndreun-do-te-te-heqim-shtetesine-shqiptare-bashke-me-safet-gjicin-do-mbeteni-pa-atdhe\/","title":{"rendered":"Berisha shpall &#8216;non grata&#8217; Pjerin Ndreun e Safet Gjicin: Do iu heqim shtet\u00ebsin\u00eb, do mbeteni pa atdhe","gt_translate_keys":[{"key":"rendered","format":"text"}]},"content":{"rendered":"<p><span style=\"color: #000000;\"><img loading=\"lazy\" decoding=\"async\" class=\"aligncenter size-full wp-image-595610\" src=\"https:\/\/www.hashtag.al\/wp-content\/uploads\/2023\/05\/sala.png\" alt=\"\" width=\"1088\" height=\"668\" srcset=\"https:\/\/www.hashtag.al\/wp-content\/uploads\/2023\/05\/sala.png 1088w, https:\/\/www.hashtag.al\/wp-content\/uploads\/2023\/05\/sala-300x184.png 300w, https:\/\/www.hashtag.al\/wp-content\/uploads\/2023\/05\/sala-1024x629.png 1024w, https:\/\/www.hashtag.al\/wp-content\/uploads\/2023\/05\/sala-768x472.png 768w\" sizes=\"auto, (max-width: 1088px) 100vw, 1088px\" \/><\/span><\/p>\n<p><span style=\"color: #000000;\">Ish-kryeministri Berisha paralajm\u00ebroi se pas 14 majit, kryebashkiakut t\u00eb Lezh\u00ebs Pjerin Ndreu e atij t\u00eb Kuk\u00ebsit Safet Gjici do u hiqet qytetaria e shtet\u00ebsia pasi PD-ja t\u00eb vij\u00eb n\u00eb pushtet.<\/span><\/p>\n<p><span style=\"color: #000000;\"> Ai e b\u00ebri deklarat\u00ebn gjat\u00eb prezantimit t\u00eb kandidatit t\u00eb opozit\u00ebs n\u00eb Lezh\u00eb, Pashk Gjoni. <\/span><\/p>\n<p><span style=\"color: #000000;\">Ish-kryeministri u shpreh i bindur n\u00eb fitoren e opozit\u00ebs\u00a0 n\u00eb zgjedhjet e 14 majit nd\u00ebrsa akuzoi kryeministrin Rama e kryebashkiakun e Lezh\u00ebs Ndreu p\u00ebr shkat\u00ebrrimin e vendit e t\u00eb Lezh\u00ebs.<\/span><\/p>\n<p><span style=\"color: #000000;\"><em>\u201cQytetar\u00ebt t\u00eb votojn\u00eb ndryshimin. 14 Maji \u00ebsht\u00eb nj\u00eb dit\u00eb q\u00eb ndan historin\u00eb nj\u00eblloj si\u00e7 e ndau viti 1992. K\u00ebto jan\u00eb zgjedhjet m\u00eb t\u00eb r\u00ebnd\u00ebsishme t\u00eb ekzistenc\u00ebs ton\u00eb, n\u00eb t\u00eb cilayt ne duke votuar ndryshimin vendosim t\u2019i marrim pushtetin nj\u00eb njeriu q\u00eb ka p\u00ebrq\u00ebndruar \u00e7do pushtet n\u00eb duart e tij. Kurr\u00eb ndonj\u00ebher\u00eb nj\u00eb kryeminist\u00ebr nuk ka vjedhur dhe mjeruar qytetart\u00ebt e vet si\u00e7 ka b\u00ebr\u00eb Edi Rama me qeverin\u00eb e tij n\u00eb k\u00ebto tet\u00eb vite. N\u00eb shekuj shqiptar\u00ebt nuk jan\u00eb detyruar t\u00eb largohen nga vendi i tyre p\u00ebr shkak t\u00eb varf\u00ebris\u00eb n\u00eb rritje. P\u00ebr shkak t\u00eb dhun\u00ebs dhe terrorit. D\u00ebshmoi se ka vet\u00ebm p\u00ebr\u00e7mim p\u00ebr qytetar\u00ebt shqiptar\u00eb. Edi Rama vet\u00ebm p\u00ebr faturat e dritave arrestoi n\u00eb nj\u00eb vit 37 mij\u00eb shqiptar\u00eb. Edi Rama e ka t\u00eb qart\u00eb se disfata n\u00eb Lezh\u00eb \u00ebsht\u00eb lajm\u00ebtarja e disfat\u00ebs s\u00eb tij n\u00eb mbar\u00eb Shqip\u00ebrin\u00eb. <\/em><\/span><\/p>\n<p><span style=\"color: #000000;\"><em>Dhe ti je nj\u00eb njeri pa nder dhe pa atdhe. Pjeriun Ndreu ka kat\u00ebr vite q\u00eb nuk vendos shtatoren e heroit ton\u00eb komb\u00ebtar n\u00eb shesh me urdh\u00ebr t\u00eb Edi Ram\u00ebs, Sikur Sk\u00ebnderbeu t\u00eb jet\u00eb pron\u00eb e tyre dhe ky \u00ebsht\u00eb nj\u00eb turp i madh.<\/em><\/span><\/p>\n<p><span style=\"color: #000000;\"><em>Ky \u00ebsht\u00eb nj\u00eb turp i madh dhe un\u00eb do t&#8217;i them Pjerin Ndreut k\u00ebto fjal\u00eb, se Pashk Gjoni, nj\u00eb nga aktet e para do t\u00eb t\u00eb heq\u00eb qytetarin\u00eb nga Lezha, do t\u00eb t\u00eb p\u00ebrjashtoj\u00eb, do ta \u00e7\u2019regjistroj\u00eb nga gjendja civile.<\/em><\/span><\/p>\n<p><span style=\"color: #000000;\"><em>E dyta, qeveria demokratike do t\u00eb t\u00eb heq\u00eb edhe shtet\u00ebsin\u00eb shqiptare dhe bashk\u00eb me Safet Gjicin do t\u00eb mbeteni apartid\u00eb, pa atdhe. Ndaj dhe sh\u00ebrb\u00ebtor i Edi Ram\u00ebs, t\u00eb duken lezhjan\u00ebt si taleban\u00eb, sigurisht se i ke vjedhur, i ke vjedhur, i ke vjedhur, ke frik\u00eb, tmerr prej tyre.\u00a0<\/em><em>. Ke 72 or\u00eb n\u00eb at\u00eb zyr\u00eb. Pastaj via, largohu se ia ke pru lezhjan\u00ebve aty ku nuk mban m\u00eb.\u201d<\/em> &#8211; tha Berisha.<\/span><\/p>\n","protected":false,"gt_translate_keys":[{"key":"rendered","format":"html"}]},"excerpt":{"rendered":"<p>Ish-kryeministri Berisha paralajm\u00ebroi se pas 14 majit, kryebashkiakut t\u00eb Lezh\u00ebs Pjerin Ndreu e atij t\u00eb Kuk\u00ebsit Safet Gjici do u hiqet qytetaria e shtet\u00ebsia pasi PD-ja t\u00eb vij\u00eb n\u00eb pushtet. Ai e b\u00ebri deklarat\u00ebn gjat\u00eb prezantimit t\u00eb kandidatit t\u00eb opozit\u00ebs n\u00eb Lezh\u00eb, Pashk Gjoni. Ish-kryeministri u shpreh i bindur n\u00eb fitoren e opozit\u00ebs\u00a0 n\u00eb zgjedhjet [&hellip;]<\/p>\n","protected":false,"gt_translate_keys":[{"key":"rendered","format":"html"}]},"author":51,"featured_media":595610,"comment_status":"closed","ping_status":"closed","sticky":false,"template":"","format":"standard","meta":{"footnotes":""},"categories":[65,13],"tags":[],"class_list":["post-595609","post","type-post","status-publish","format-standard","has-post-thumbnail","hentry","category-lajme","category-te-fundit"],"gt_translate_keys":[{"key":"link","format":"url"}],"_links":{"self":[{"href":"https:\/\/www.hashtag.al\/index.php\/wp-json\/wp\/v2\/posts\/595609","targetHints":{"allow":["GET"]}}],"collection":[{"href":"https:\/\/www.hashtag.al\/index.php\/wp-json\/wp\/v2\/posts"}],"about":[{"href":"https:\/\/www.hashtag.al\/index.php\/wp-json\/wp\/v2\/types\/post"}],"author":[{"embeddable":true,"href":"https:\/\/www.hashtag.al\/index.php\/wp-json\/wp\/v2\/users\/51"}],"replies":[{"embeddable":true,"href":"https:\/\/www.hashtag.al\/index.php\/wp-json\/wp\/v2\/comments?post=595609"}],"version-history":[{"count":0,"href":"https:\/\/www.hashtag.al\/index.php\/wp-json\/wp\/v2\/posts\/595609\/revisions"}],"wp:featuredmedia":[{"embeddable":true,"href":"https:\/\/www.hashtag.al\/index.php\/wp-json\/wp\/v2\/media\/595610"}],"wp:attachment":[{"href":"https:\/\/www.hashtag.al\/index.php\/wp-json\/wp\/v2\/media?parent=595609"}],"wp:term":[{"taxonomy":"category","embeddable":true,"href":"https:\/\/www.hashtag.al\/index.php\/wp-json\/wp\/v2\/categories?post=595609"},{"taxonomy":"post_tag","embeddable":true,"href":"https:\/\/www.hashtag.al\/index.php\/wp-json\/wp\/v2\/tags?post=595609"}],"curies":[{"name":"wp","href":"https:\/\/api.w.org\/{rel}","templated":true}]}}