{"id":595244,"date":"2023-05-10T10:19:28","date_gmt":"2023-05-10T08:19:28","guid":{"rendered":"https:\/\/www.hashtag.al\/?p=595244"},"modified":"2023-05-10T10:19:28","modified_gmt":"2023-05-10T08:19:28","slug":"djegia-e-makines-se-kandidatit-te-ps-reagon-mulaj-nuk-e-lidh-ngjarjen-me-fushaten","status":"publish","type":"post","link":"https:\/\/www.hashtag.al\/index.php\/2023\/05\/10\/djegia-e-makines-se-kandidatit-te-ps-reagon-mulaj-nuk-e-lidh-ngjarjen-me-fushaten\/","title":{"rendered":"Djegia e makin\u00ebs s\u00eb kandidatit t\u00eb PS, reagon Mulaj: Nuk e lidh ngjarjen me fushat\u00ebn","gt_translate_keys":[{"key":"rendered","format":"text"}]},"content":{"rendered":"<p><span style=\"color: #000000;\"><a style=\"color: #000000;\" href=\"https:\/\/www.hashtag.al\/wp-content\/uploads\/2023\/05\/auto_Halit_Beqir_Mulaj1682371417.jpg\"><img loading=\"lazy\" decoding=\"async\" class=\"aligncenter size-full wp-image-595245\" src=\"https:\/\/www.hashtag.al\/wp-content\/uploads\/2023\/05\/auto_Halit_Beqir_Mulaj1682371417.jpg\" alt=\"\" width=\"900\" height=\"506\" srcset=\"https:\/\/www.hashtag.al\/wp-content\/uploads\/2023\/05\/auto_Halit_Beqir_Mulaj1682371417.jpg 900w, https:\/\/www.hashtag.al\/wp-content\/uploads\/2023\/05\/auto_Halit_Beqir_Mulaj1682371417-300x169.jpg 300w, https:\/\/www.hashtag.al\/wp-content\/uploads\/2023\/05\/auto_Halit_Beqir_Mulaj1682371417-768x432.jpg 768w\" sizes=\"auto, (max-width: 900px) 100vw, 900px\" \/><\/a><\/span><\/p>\n<p><span style=\"color: #000000;\">Kandidatit t\u00eb PS n\u00eb Bashkin\u00eb e Hasit, Beqir Mulaj i \u00ebsht\u00eb djegur makina brenda garazhit t\u00eb tij.<\/span><\/p>\n<p><span style=\"color: #000000;\">Mulaj n\u00eb nj\u00eb intervist\u00eb p\u00ebr Euronews Albania, u shpreh se ngjarja ka ndodhur n\u00eb mesnat\u00eb dhe lajmin e ka merr vesh n\u00ebp\u00ebrmjet nj\u00eb telefonate.<\/span><\/p>\n<p><span style=\"color: #000000;\">Ai tha se me ngjarjen po merren autoritetet nd\u00ebrsa nuk komentoi n\u00ebse incidenti ka t\u00eb b\u00ebj\u00eb me fushat\u00ebn zgjedhore.<\/span><\/p>\n<p><span style=\"color: #000000;\">\u201c<em>Ngjarja ka ndodhur rreth or\u00ebs 00:00. Jam telefonuar p\u00ebrmes telefonit, kam shkuar n\u00eb vendngjarje dhe kam par\u00eb q\u00eb makina po digjet. Menj\u00ebher\u00eb ka ardhur policia dhe zjarrfik\u00ebsja dhe kan\u00eb b\u00ebr\u00eb t\u00eb mundur fikjen e zjarrit. Po b\u00ebhet ekspertiza n\u00eb lidhje me ngjarjen. Kam pasur tensione n\u00eb fushat\u00eb me rivalitetin por nuk mund ta lidh ngjarjen me k\u00ebt\u00eb. Automjeti ishte i parkuar prej tre vitesh. Ambienti ku ishte i parkuar makina ishte magazina<\/em>\u201d- tha ai.<\/span><\/p>\n<p><span style=\"color: #000000;\">Edhe policia ka reaguar me informacion zyrtar paraprak duke th\u00ebn\u00eb se vijon vijojn\u00eb verpimet hetimore p\u00ebr t\u00eb zbardhur shkakun e ngjarjes.<\/span><\/p>\n<p><span style=\"color: #000000;\">\u201c<em>Rreth or\u00ebs 00:04, salla operative e Komisariatit t\u00eb Policis\u00eb Has \u00ebsht\u00eb njoftuar se ka r\u00ebn\u00eb zjarr n\u00eb garazhin n\u00eb pron\u00ebsi t\u00eb shtetasit B. M., n\u00eb aksin rrugor \u201cKrume-Golaj\u201d.<\/em><\/span><\/p>\n<p><span style=\"color: #000000;\"><em>Sh\u00ebrbimet e Policis\u00eb dhe ato zjarrfik\u00ebse kan\u00eb shkuar menj\u00ebher\u00eb n\u00eb vendngjarje, ku \u00ebsht\u00eb b\u00ebr\u00eb i mundur neutralizimi i flak\u00ebve, me q\u00ebllim mosp\u00ebrhapjen e zjarrit.<\/em><\/span><\/p>\n<p><span style=\"color: #000000;\"><em>Si pasoj\u00eb e flak\u00ebve, \u00ebsht\u00eb djegur plot\u00ebsisht automjeti n\u00eb pron\u00ebsi t\u00eb shtetasit B. M.<\/em><\/span><\/p>\n<p><span style=\"color: #000000;\"><em>Grupi hetimor, n\u00eb drejtimin e Prokuroris\u00eb pran\u00eb Gjykat\u00ebs s\u00eb Shkall\u00ebs s\u00eb Par\u00eb t\u00eb Juridiksionit t\u00eb P\u00ebrgjithsh\u00ebm Kuk\u00ebs, vijon veprimet hetimore, me q\u00ebllim p\u00ebrcaktimin e shkakut t\u00eb r\u00ebnies s\u00eb zjarrit<\/em>\u201d-thuhet n\u00eb njoftim.<\/span><\/p>\n","protected":false,"gt_translate_keys":[{"key":"rendered","format":"html"}]},"excerpt":{"rendered":"<p>Kandidatit t\u00eb PS n\u00eb Bashkin\u00eb e Hasit, Beqir Mulaj i \u00ebsht\u00eb djegur makina brenda garazhit t\u00eb tij. Mulaj n\u00eb nj\u00eb intervist\u00eb p\u00ebr Euronews Albania, u shpreh se ngjarja ka ndodhur n\u00eb mesnat\u00eb dhe lajmin e ka merr vesh n\u00ebp\u00ebrmjet nj\u00eb telefonate. Ai tha se me ngjarjen po merren autoritetet nd\u00ebrsa nuk komentoi n\u00ebse incidenti ka [&hellip;]<\/p>\n","protected":false,"gt_translate_keys":[{"key":"rendered","format":"html"}]},"author":32,"featured_media":595245,"comment_status":"closed","ping_status":"closed","sticky":false,"template":"","format":"standard","meta":{"footnotes":""},"categories":[65,13],"tags":[],"class_list":["post-595244","post","type-post","status-publish","format-standard","has-post-thumbnail","hentry","category-lajme","category-te-fundit"],"gt_translate_keys":[{"key":"link","format":"url"}],"_links":{"self":[{"href":"https:\/\/www.hashtag.al\/index.php\/wp-json\/wp\/v2\/posts\/595244","targetHints":{"allow":["GET"]}}],"collection":[{"href":"https:\/\/www.hashtag.al\/index.php\/wp-json\/wp\/v2\/posts"}],"about":[{"href":"https:\/\/www.hashtag.al\/index.php\/wp-json\/wp\/v2\/types\/post"}],"author":[{"embeddable":true,"href":"https:\/\/www.hashtag.al\/index.php\/wp-json\/wp\/v2\/users\/32"}],"replies":[{"embeddable":true,"href":"https:\/\/www.hashtag.al\/index.php\/wp-json\/wp\/v2\/comments?post=595244"}],"version-history":[{"count":0,"href":"https:\/\/www.hashtag.al\/index.php\/wp-json\/wp\/v2\/posts\/595244\/revisions"}],"wp:featuredmedia":[{"embeddable":true,"href":"https:\/\/www.hashtag.al\/index.php\/wp-json\/wp\/v2\/media\/595245"}],"wp:attachment":[{"href":"https:\/\/www.hashtag.al\/index.php\/wp-json\/wp\/v2\/media?parent=595244"}],"wp:term":[{"taxonomy":"category","embeddable":true,"href":"https:\/\/www.hashtag.al\/index.php\/wp-json\/wp\/v2\/categories?post=595244"},{"taxonomy":"post_tag","embeddable":true,"href":"https:\/\/www.hashtag.al\/index.php\/wp-json\/wp\/v2\/tags?post=595244"}],"curies":[{"name":"wp","href":"https:\/\/api.w.org\/{rel}","templated":true}]}}