{"id":595066,"date":"2023-05-09T10:57:39","date_gmt":"2023-05-09T08:57:39","guid":{"rendered":"https:\/\/www.hashtag.al\/?p=595066"},"modified":"2023-05-09T10:57:39","modified_gmt":"2023-05-09T08:57:39","slug":"tubim-masiv-kunder-dhunes-me-arme-ne-serbi-vucic-sulm-partive-opozitare-llumi-me-i-keq-i-politikes","status":"publish","type":"post","link":"https:\/\/www.hashtag.al\/index.php\/2023\/05\/09\/tubim-masiv-kunder-dhunes-me-arme-ne-serbi-vucic-sulm-partive-opozitare-llumi-me-i-keq-i-politikes\/","title":{"rendered":"Tubim masiv kund\u00ebr dhun\u00ebs me arm\u00eb n\u00eb Serbi, Vu\u00e7i\u00e7 sulm partive opozitare: Llumi m\u00eb i keq i politik\u00ebs","gt_translate_keys":[{"key":"rendered","format":"text"}]},"content":{"rendered":"<p><img loading=\"lazy\" decoding=\"async\" class=\"aligncenter size-full wp-image-595067\" src=\"https:\/\/www.hashtag.al\/wp-content\/uploads\/2023\/05\/64597cf820302779cd0b0a49.jpg\" alt=\"\" width=\"768\" height=\"432\" srcset=\"https:\/\/www.hashtag.al\/wp-content\/uploads\/2023\/05\/64597cf820302779cd0b0a49.jpg 768w, https:\/\/www.hashtag.al\/wp-content\/uploads\/2023\/05\/64597cf820302779cd0b0a49-300x169.jpg 300w\" sizes=\"auto, (max-width: 768px) 100vw, 768px\" \/><\/p>\n<p><span style=\"color: #000000;\">Tubimet masive n\u00eb Beograd dhe Novi Sad t\u00eb h\u00ebn\u00ebn k\u00ebrkuan q\u00eb qeveria t\u00eb marr\u00eb masa pasi 17 persona, p\u00ebrfshir\u00eb tet\u00eb f\u00ebmij\u00eb, vdiq\u00ebn n\u00eb dy t\u00eb sht\u00ebna masive jav\u00ebn e kaluar. Aktivist\u00ebt e opozit\u00ebs p\u00ebrdor\u00ebn protest\u00ebn p\u00ebr t\u00eb k\u00ebrkuar dor\u00ebheqjen e m\u00eb shum\u00eb zyrtar\u00ebve t\u00eb qeveris\u00eb, pas largimit t\u00eb ministrit t\u00eb Arsimit.<\/span><\/p>\n<p><span style=\"color: #000000;\">Demonstruesit marshuan n\u00ebp\u00ebr rrug\u00ebt e kryeqytetit n\u00ebn sloganin \u2018Serbia kund\u00ebr dhun\u00ebs\u2019. Aktivist\u00ebt q\u00eb pretenduan se flisnin n\u00eb em\u00ebr t\u00eb tyre b\u00ebn\u00eb thirrje p\u00ebr \u2018p\u00ebrfundimin e promovimit t\u00eb dhun\u00ebs n\u00eb media dhe n\u00eb publik\u2019, shkarkimin e organit aktual rregullator t\u00eb medias dhe censurimin e disa mediave.<\/span><\/p>\n<p><span style=\"color: #000000;\">T\u00eb m\u00ebrkur\u00ebn e kaluar nj\u00eb nx\u00ebn\u00ebs 13-vje\u00e7ar n\u00eb shkoll\u00ebn fillore \u2018Vladislav Ribnikar\u2019 t\u00eb Beogradit q\u00eblloi p\u00ebr vdekje tet\u00eb nga shok\u00ebt e tij t\u00eb klas\u00ebs dhe nj\u00eb roje sigurie, nd\u00ebrsa plagosi gjasht\u00eb nx\u00ebn\u00ebs t\u00eb tjer\u00eb dhe nj\u00eb m\u00ebsues. T\u00eb enjten n\u00eb mbr\u00ebmje, tet\u00eb persona t\u00eb tjer\u00eb u vran\u00eb dhe 14 u plagos\u00ebn n\u00eb komun\u00ebn e af\u00ebrt t\u00eb Mlladenovacit. Sulmuesi i dyshuar u arrestua pas nj\u00eb gjuetie prej tet\u00eb or\u00ebsh.<\/span><\/p>\n<p><span style=\"color: #000000;\">Ministri i Arsimit Branko Ruzi\u00e7 dha dor\u00ebheqjen t\u00eb diel\u00ebn. Aktivist\u00ebt k\u00ebrkuan gjithashtu dor\u00ebheqjen e ministrit t\u00eb Policis\u00eb Bratislav Gasic dhe drejtorit t\u00eb Sh\u00ebrbimit t\u00eb Siguris\u00eb BIA Aleksandar Vulin.<\/span><\/p>\n<p><span style=\"color: #000000;\">Presidenti Aleksandar Vu\u00e7i\u00e7 ka propozuar tashm\u00eb nj\u00eb s\u00ebr\u00eb masash, duke p\u00ebrfshir\u00eb konfiskimin e arm\u00ebve t\u00eb paregjistruara, kontrolle m\u00eb t\u00eb forta p\u00ebr licencimin e arm\u00ebve t\u00eb zjarrit dhe nj\u00eb goditje ndaj mediave dhe p\u00ebrmbajtjeve n\u00eb internet q\u00eb nxisin ose lavd\u00ebrojn\u00eb dhun\u00ebn.<\/span><\/p>\n<p><span style=\"color: #000000;\">N\u00eb nj\u00eb intervist\u00eb t\u00eb h\u00ebn\u00ebn n\u00eb mbr\u00ebmje, Vu\u00e7i\u00e7 akuzoi partit\u00eb opozitare se kan\u00eb marr\u00eb peng pik\u00ebllimin e serb\u00ebve p\u00ebr t\u00eb \u00e7uar m\u00eb tej axhend\u00ebn e tyre, duke i quajtur ata \u2018llumrat m\u00eb t\u00eb k\u00ebqija t\u00eb politik\u00ebs, ashtu si n\u00eb vitin 2000\u2019, duke iu referuar revolucionit t\u00eb mb\u00ebshtetur nga SHBA.<\/span><\/p>\n<p><span style=\"color: #000000;\"><em>\u201cF\u00ebmij\u00ebt jan\u00eb n\u00eb mediat sociale, ata luajn\u00eb loj\u00ebra t\u00eb \u00e7uditshme,\u201d<\/em> tha ai.<\/span><\/p>\n<p><span style=\"color: #000000;\"><em>\u201cDuhet t\u00eb gjejm\u00eb nj\u00eb zgjidhje, por un\u00eb nuk do pajtohem me asnj\u00eb lloj censurimi.\u201d<\/em><\/span><\/p>\n<p><span style=\"color: #000000;\">Vu\u00e7i\u00e7 gjithashtu dyshoi se shfaqjet \u2018reality sho\u00eb\u2019 ishin shkaku kryesor i dhun\u00ebs, pasi audienca e tyre kryesore ishte 55 vje\u00e7 e lart, por shtoi se ishte i gatsh\u00ebm t\u00eb shqyrtonte rregullimin e tyre m\u00eb shum\u00eb.<\/span><\/p>\n<p><span style=\"color: #000000;\">Policia serbe ka shpallur nj\u00eb amnisti nj\u00ebmujore p\u00ebr dor\u00ebzimin e arm\u00ebve pa leje, e cila do zgjas\u00eb deri m\u00eb 8 qershor. N\u00eb dit\u00ebn e par\u00eb t\u00eb fushat\u00ebs, qytetar\u00ebt dor\u00ebzuan 1500 arm\u00eb zjarri, pothuajse 50,000 fishek\u00eb dhe rreth 100 granata dore, raketa, granatahedh\u00ebse dhe pajisje t\u00eb tjera shp\u00ebrthyese, tha policia n\u00eb nj\u00eb deklarat\u00eb.<\/span><\/p>\n","protected":false,"gt_translate_keys":[{"key":"rendered","format":"html"}]},"excerpt":{"rendered":"<p>Tubimet masive n\u00eb Beograd dhe Novi Sad t\u00eb h\u00ebn\u00ebn k\u00ebrkuan q\u00eb qeveria t\u00eb marr\u00eb masa pasi 17 persona, p\u00ebrfshir\u00eb tet\u00eb f\u00ebmij\u00eb, vdiq\u00ebn n\u00eb dy t\u00eb sht\u00ebna masive jav\u00ebn e kaluar. Aktivist\u00ebt e opozit\u00ebs p\u00ebrdor\u00ebn protest\u00ebn p\u00ebr t\u00eb k\u00ebrkuar dor\u00ebheqjen e m\u00eb shum\u00eb zyrtar\u00ebve t\u00eb qeveris\u00eb, pas largimit t\u00eb ministrit t\u00eb Arsimit. Demonstruesit marshuan n\u00ebp\u00ebr rrug\u00ebt [&hellip;]<\/p>\n","protected":false,"gt_translate_keys":[{"key":"rendered","format":"html"}]},"author":51,"featured_media":595067,"comment_status":"closed","ping_status":"closed","sticky":false,"template":"","format":"standard","meta":{"footnotes":""},"categories":[149],"tags":[],"class_list":["post-595066","post","type-post","status-publish","format-standard","has-post-thumbnail","hentry","category-kosoverajon"],"gt_translate_keys":[{"key":"link","format":"url"}],"_links":{"self":[{"href":"https:\/\/www.hashtag.al\/index.php\/wp-json\/wp\/v2\/posts\/595066","targetHints":{"allow":["GET"]}}],"collection":[{"href":"https:\/\/www.hashtag.al\/index.php\/wp-json\/wp\/v2\/posts"}],"about":[{"href":"https:\/\/www.hashtag.al\/index.php\/wp-json\/wp\/v2\/types\/post"}],"author":[{"embeddable":true,"href":"https:\/\/www.hashtag.al\/index.php\/wp-json\/wp\/v2\/users\/51"}],"replies":[{"embeddable":true,"href":"https:\/\/www.hashtag.al\/index.php\/wp-json\/wp\/v2\/comments?post=595066"}],"version-history":[{"count":0,"href":"https:\/\/www.hashtag.al\/index.php\/wp-json\/wp\/v2\/posts\/595066\/revisions"}],"wp:featuredmedia":[{"embeddable":true,"href":"https:\/\/www.hashtag.al\/index.php\/wp-json\/wp\/v2\/media\/595067"}],"wp:attachment":[{"href":"https:\/\/www.hashtag.al\/index.php\/wp-json\/wp\/v2\/media?parent=595066"}],"wp:term":[{"taxonomy":"category","embeddable":true,"href":"https:\/\/www.hashtag.al\/index.php\/wp-json\/wp\/v2\/categories?post=595066"},{"taxonomy":"post_tag","embeddable":true,"href":"https:\/\/www.hashtag.al\/index.php\/wp-json\/wp\/v2\/tags?post=595066"}],"curies":[{"name":"wp","href":"https:\/\/api.w.org\/{rel}","templated":true}]}}