{"id":595006,"date":"2023-05-08T23:33:06","date_gmt":"2023-05-08T21:33:06","guid":{"rendered":"https:\/\/www.hashtag.al\/?p=595006"},"modified":"2023-05-08T23:33:06","modified_gmt":"2023-05-08T21:33:06","slug":"protesta-ne-serbi-kunder-dhunes-pas-vrasjeve-masive","status":"publish","type":"post","link":"https:\/\/www.hashtag.al\/index.php\/2023\/05\/08\/protesta-ne-serbi-kunder-dhunes-pas-vrasjeve-masive\/","title":{"rendered":"Protesta n\u00eb Serbi kund\u00ebr dhun\u00ebs pas vrasjeve masive","gt_translate_keys":[{"key":"rendered","format":"text"}]},"content":{"rendered":"<p><span style=\"color: #000000;\"><a style=\"color: #000000;\" href=\"https:\/\/www.hashtag.al\/wp-content\/uploads\/2023\/05\/serbi.png\"><img loading=\"lazy\" decoding=\"async\" class=\"aligncenter size-full wp-image-595007\" src=\"https:\/\/www.hashtag.al\/wp-content\/uploads\/2023\/05\/serbi.png\" alt=\"\" width=\"805\" height=\"573\" srcset=\"https:\/\/www.hashtag.al\/wp-content\/uploads\/2023\/05\/serbi.png 805w, https:\/\/www.hashtag.al\/wp-content\/uploads\/2023\/05\/serbi-300x214.png 300w, https:\/\/www.hashtag.al\/wp-content\/uploads\/2023\/05\/serbi-768x547.png 768w\" sizes=\"auto, (max-width: 805px) 100vw, 805px\" \/><\/a><\/span><\/p>\n<p><span style=\"color: #000000;\">Mij\u00ebra njer\u00ebz u mblodh\u00ebn n\u00eb Beograd, kryeqytetin e Serbis\u00eb, m\u00eb 8 maj. Protestuesit b\u00ebn\u00eb thirrje p\u00ebr dor\u00ebheqjen e zyrtar\u00ebve t\u00eb lart\u00eb dhe kufizimin e p\u00ebrmbajtjeve t\u00eb dhunshme n\u00eb media, pasi dy raste t\u00eb vrasjeve masive e trondit\u00ebn vendin.<\/span><\/p>\n<p><span style=\"color: #000000;\">N\u00eb protest\u00ebn me sloganin \u201cSerbia kund\u00ebr dhun\u00ebs\u201d mor\u00ebn pjes\u00eb an\u00ebtar\u00eb nga partit\u00eb e p\u00ebr\u00e7ara politike t\u00eb vendit, t\u00eb bashkuara pas vrasjeve masive t\u00eb jav\u00ebs s\u00eb kaluar \u2013 kur 17 vet\u00eb u vran\u00eb brenda m\u00eb pak se 48 or\u00ebve, p\u00ebrfshir\u00eb n\u00ebnt\u00eb n\u00eb nj\u00eb shkoll\u00eb fillore n\u00eb Beograd.<\/span><\/p>\n<p><span style=\"color: #000000;\">\u201cNe k\u00ebrkojm\u00eb ndalimin e menj\u00ebhersh\u00ebm t\u00eb promovimit t\u00eb m\u00ebtejsh\u00ebm t\u00eb dhun\u00ebs n\u00eb media dhe hap\u00ebsir\u00eb publike, si dhe p\u00ebrgjegj\u00ebsi p\u00ebr reagim joadekuat q\u00eb nj\u00eb koh\u00eb t\u00eb gjat\u00eb nga autoritetet kompetente\u201d, thuhet n\u00eb nj\u00eb deklarat\u00eb t\u00eb partis\u00eb s\u00eb krahut t\u00eb majt\u00eb, Le t\u00eb Mos e L\u00ebm\u00eb Beogradin t\u00eb Mbytet.<\/span><\/p>\n<p><span style=\"color: #000000;\">M\u00eb shum\u00eb se dhjet\u00eb mij\u00eb demonstrues u mblodh\u00ebn para parlamentit t\u00eb Serbis\u00eb, para se t\u00eb dilnin n\u00eb rrug\u00eb p\u00ebr t\u2019u tubuar pran\u00eb zyrave t\u00eb Qeveris\u00eb s\u00eb Serbis\u00eb.<\/span><\/p>\n<p><span style=\"color: #000000;\">\u201cNe jemi k\u00ebtu sepse nuk mund t\u00eb presim m\u00eb. Ne kemi pritur shum\u00eb, kemi heshtur shum\u00eb, kemi kthyer kok\u00ebn shum\u00eb gjat\u00eb\u201d, i tha turm\u00ebs Marina Vidojevi\u00e7, nj\u00eb m\u00ebsuese e nj\u00eb shkolle fillore.<\/span><\/p>\n<p><span style=\"color: #000000;\">\u201cDuam shkolla, rrug\u00eb, fshatra dhe qytete t\u00eb sigurta p\u00ebr t\u00eb gjith\u00eb f\u00ebmij\u00ebt\u201d.<\/span><\/p>\n<p><span style=\"color: #000000;\">Protestuesit k\u00ebrkuan gjithashtu dor\u00ebheqjen e disa zyrtar\u00ebve t\u00eb lart\u00eb, p\u00ebrfshir\u00eb ministrin e Brendsh\u00ebm dhe kreun e agjencis\u00eb s\u00eb inteligjenc\u00ebs serbe.<\/span><\/p>\n<p><span style=\"color: #000000;\">T\u00eb diel\u00ebn, ministri serb i Arsimit dha dor\u00ebheqje, duke p\u00ebrmendur n\u00eb letr\u00ebn e tij t\u00eb dor\u00ebheqjes t\u00eb sht\u00ebnat e jav\u00ebs s\u00eb kaluar n\u00eb nj\u00eb shkoll\u00eb n\u00eb Beograd.<\/span><\/p>\n<p><span style=\"color: #000000;\">Opozita po k\u00ebrkon gjithashtu q\u00eb shfaqjet televizive, t\u00eb njohura p\u00ebr promovimin e dhun\u00ebs, t\u00eb hiqen nga transmetimi dhe t\u00eb ndalohen gazetat pro-qeveritare q\u00eb nxisin rregullisht tensionet me artikuj t\u00eb vrazhd\u00ebt q\u00eb synojn\u00eb disident\u00ebt politik\u00eb.<\/span><\/p>\n<p><span style=\"color: #000000;\">Partia Progresive Serbe e presidentit Aleksand\u00ebr Vu\u00e7i\u00e7 e kritikoi protest\u00ebn, duke i quajtur grupet opozitare q\u00eb mor\u00ebn pjes\u00eb n\u00eb tubim \u201clig\u00ebsi e pafytyr\u00eb&#8230; q\u00eb guxon ta p\u00ebrdor\u00eb nj\u00eb tragjedi komb\u00ebtare p\u00ebr interesat e veta\u201d, sipas mediave lokale.<\/span><\/p>\n<p><span style=\"color: #000000;\">Pas t\u00eb sht\u00ebnave, Vu\u00e7i\u00e7 u zotua ta \u201c\u00e7armatoste\u201d Serbin\u00eb me nj\u00eb plan ambicioz, nd\u00ebrkoh\u00eb q\u00eb Serbia ka nivelin m\u00eb t\u00eb lart\u00eb t\u00eb posedimit t\u00eb arm\u00ebve n\u00eb Evrop\u00eb nga civil\u00ebt, me af\u00ebrsisht 39 n\u00eb \u00e7do 100 njer\u00ebz q\u00eb posedojn\u00eb arm\u00eb zjarri, sipas organizat\u00ebs k\u00ebrkimore, Small Arms Survey.<\/span><\/p>\n","protected":false,"gt_translate_keys":[{"key":"rendered","format":"html"}]},"excerpt":{"rendered":"<p>Mij\u00ebra njer\u00ebz u mblodh\u00ebn n\u00eb Beograd, kryeqytetin e Serbis\u00eb, m\u00eb 8 maj. Protestuesit b\u00ebn\u00eb thirrje p\u00ebr dor\u00ebheqjen e zyrtar\u00ebve t\u00eb lart\u00eb dhe kufizimin e p\u00ebrmbajtjeve t\u00eb dhunshme n\u00eb media, pasi dy raste t\u00eb vrasjeve masive e trondit\u00ebn vendin. N\u00eb protest\u00ebn me sloganin \u201cSerbia kund\u00ebr dhun\u00ebs\u201d mor\u00ebn pjes\u00eb an\u00ebtar\u00eb nga partit\u00eb e p\u00ebr\u00e7ara politike t\u00eb vendit, [&hellip;]<\/p>\n","protected":false,"gt_translate_keys":[{"key":"rendered","format":"html"}]},"author":32,"featured_media":595007,"comment_status":"closed","ping_status":"closed","sticky":false,"template":"","format":"standard","meta":{"footnotes":""},"categories":[149,13],"tags":[],"class_list":["post-595006","post","type-post","status-publish","format-standard","has-post-thumbnail","hentry","category-kosoverajon","category-te-fundit"],"gt_translate_keys":[{"key":"link","format":"url"}],"_links":{"self":[{"href":"https:\/\/www.hashtag.al\/index.php\/wp-json\/wp\/v2\/posts\/595006","targetHints":{"allow":["GET"]}}],"collection":[{"href":"https:\/\/www.hashtag.al\/index.php\/wp-json\/wp\/v2\/posts"}],"about":[{"href":"https:\/\/www.hashtag.al\/index.php\/wp-json\/wp\/v2\/types\/post"}],"author":[{"embeddable":true,"href":"https:\/\/www.hashtag.al\/index.php\/wp-json\/wp\/v2\/users\/32"}],"replies":[{"embeddable":true,"href":"https:\/\/www.hashtag.al\/index.php\/wp-json\/wp\/v2\/comments?post=595006"}],"version-history":[{"count":0,"href":"https:\/\/www.hashtag.al\/index.php\/wp-json\/wp\/v2\/posts\/595006\/revisions"}],"wp:featuredmedia":[{"embeddable":true,"href":"https:\/\/www.hashtag.al\/index.php\/wp-json\/wp\/v2\/media\/595007"}],"wp:attachment":[{"href":"https:\/\/www.hashtag.al\/index.php\/wp-json\/wp\/v2\/media?parent=595006"}],"wp:term":[{"taxonomy":"category","embeddable":true,"href":"https:\/\/www.hashtag.al\/index.php\/wp-json\/wp\/v2\/categories?post=595006"},{"taxonomy":"post_tag","embeddable":true,"href":"https:\/\/www.hashtag.al\/index.php\/wp-json\/wp\/v2\/tags?post=595006"}],"curies":[{"name":"wp","href":"https:\/\/api.w.org\/{rel}","templated":true}]}}