{"id":594818,"date":"2023-05-07T23:00:27","date_gmt":"2023-05-07T21:00:27","guid":{"rendered":"https:\/\/www.hashtag.al\/?p=594818"},"modified":"2023-05-07T23:00:27","modified_gmt":"2023-05-07T21:00:27","slug":"qellohet-me-arme-makina-e-ambasadorit-turk-ne-sudan","status":"publish","type":"post","link":"https:\/\/www.hashtag.al\/index.php\/2023\/05\/07\/qellohet-me-arme-makina-e-ambasadorit-turk-ne-sudan\/","title":{"rendered":"Q\u00ebllohet me arm\u00eb makina e ambasadorit turk n\u00eb Sudan","gt_translate_keys":[{"key":"rendered","format":"text"}]},"content":{"rendered":"<p><span style=\"color: #000000;\"><a href=\"https:\/\/www.hashtag.al\/wp-content\/uploads\/2023\/04\/sudan-2.jpg\"><img loading=\"lazy\" decoding=\"async\" class=\"aligncenter size-full wp-image-590631\" src=\"https:\/\/www.hashtag.al\/wp-content\/uploads\/2023\/04\/sudan-2.jpg\" alt=\"\" width=\"768\" height=\"432\" srcset=\"https:\/\/www.hashtag.al\/wp-content\/uploads\/2023\/04\/sudan-2.jpg 768w, https:\/\/www.hashtag.al\/wp-content\/uploads\/2023\/04\/sudan-2-300x169.jpg 300w\" sizes=\"auto, (max-width: 768px) 100vw, 768px\" \/><\/a><\/span><\/p>\n<p><span style=\"color: #000000;\">N\u00eb Sudan, ku po vazhdojn\u00eb p\u00ebrleshjet mes ushtris\u00eb dhe Forcave paraushtarake t\u00eb Mb\u00ebshtetjes s\u00eb Shpejt\u00eb (RSF), \u00ebsht\u00eb hapur zjarr ndaj automjetit t\u00eb ambasadorit t\u00eb T\u00fcrkiyes n\u00eb Khartoum, \u0130smail \u00c7obano\u011flu, nd\u00ebrsa nga incidenti nuk ka pasur persona t\u00eb vrar\u00eb apo t\u00eb l\u00ebnduar, njoftuan burime diplomatike, p\u00ebrcjell <a href=\"https:\/\/www.aa.com.tr\/sq\/bota\/hapet-zjarr-ndaj-automjetit-t%C3%AB-ambasadorit-turk-n%C3%AB-sudan-nuk-ka-t%C3%AB-vdekur-ose-t%C3%AB-plagosur\/2890751\">AA<\/a>.<\/span><\/p>\n<p><span style=\"color: #000000;\">Si\u00e7 njoftohet, autor\u00ebt e sulmit ende nuk dihen.<\/span><\/p>\n<p><span style=\"color: #000000;\">Mosmarr\u00ebveshjet e muajve t\u00eb fundit u p\u00ebrshkall\u00ebzuan midis ushtris\u00eb dhe forcave paraushtarake rreth integrimit t\u00eb RSF-s\u00eb n\u00eb forcat e armatosura, q\u00eb \u00ebsht\u00eb kusht ky\u00e7 i marr\u00ebveshjes s\u00eb tranzicionit t\u00eb Sudanit me grupet politike.<\/span><\/p>\n<p><span style=\"color: #000000;\">Sudani ka qen\u00eb pa nj\u00eb qeveri funksionale q\u00eb nga tetori i vitit 2021, kur ushtria shkarkoi qeverin\u00eb kalimtare t\u00eb kryeministrit Abdalla Hamdok dhe shpalli gjendjen e jasht\u00ebzakonshme, q\u00eb u cil\u00ebsua nga forcat politike si nj\u00eb &#8220;grusht shteti&#8221;.<\/span><\/p>\n<p><span style=\"color: #000000;\">Periudha kalimtare e Sudanit, e cila filloi n\u00eb gusht 2019 pas rr\u00ebzimit t\u00eb presidentit Omar al-Bashir, ishte planifikuar t\u00eb p\u00ebrfundonte me zgjedhjet n\u00eb fillim t\u00eb vitit 2024.<\/span><\/p>\n<p><span style=\"color: #000000;\">Ministria e Pun\u00ebve t\u00eb Jashtme t\u00eb Sudanit kishte njoftuar se gjenerali Abdulfettah al-Burhan, Kryetar i K\u00ebshillit t\u00eb Sovranitetit dhe Komandanti i Ushtris\u00eb, vendosi t\u00eb shp\u00ebrb\u00ebj\u00eb RSF-n\u00eb, e cila u p\u00ebrplas me ushtrin\u00eb, dhe ta shpall\u00eb at\u00eb &#8220;forc\u00eb rebele kund\u00ebr shtetit&#8221;.<\/span><\/p>\n<p><span style=\"color: #000000;\">T\u00eb pakt\u00ebn 551 persona kan\u00eb humbur jet\u00ebn dhe 4.926 jan\u00eb plagosur nga p\u00ebrleshjet e armatosura deri m\u00eb tani, sipas Organizat\u00ebs Bot\u00ebrore t\u00eb Sh\u00ebndet\u00ebsis\u00eb.<\/span><\/p>\n<p><span style=\"color: #000000;\">Forcat paramilitare RSF u krijuan n\u00eb vitin 2013 p\u00ebr t\u00eb mb\u00ebshtetur forcat qeveritare kund\u00ebr rebel\u00ebve n\u00eb rajonin e Darfurit.<\/span><\/p>\n","protected":false,"gt_translate_keys":[{"key":"rendered","format":"html"}]},"excerpt":{"rendered":"<p>N\u00eb Sudan, ku po vazhdojn\u00eb p\u00ebrleshjet mes ushtris\u00eb dhe Forcave paraushtarake t\u00eb Mb\u00ebshtetjes s\u00eb Shpejt\u00eb (RSF), \u00ebsht\u00eb hapur zjarr ndaj automjetit t\u00eb ambasadorit t\u00eb T\u00fcrkiyes n\u00eb Khartoum, \u0130smail \u00c7obano\u011flu, nd\u00ebrsa nga incidenti nuk ka pasur persona t\u00eb vrar\u00eb apo t\u00eb l\u00ebnduar, njoftuan burime diplomatike, p\u00ebrcjell AA. Si\u00e7 njoftohet, autor\u00ebt e sulmit ende nuk dihen. Mosmarr\u00ebveshjet [&hellip;]<\/p>\n","protected":false,"gt_translate_keys":[{"key":"rendered","format":"html"}]},"author":32,"featured_media":590631,"comment_status":"closed","ping_status":"closed","sticky":false,"template":"","format":"standard","meta":{"footnotes":""},"categories":[6,13],"tags":[],"class_list":["post-594818","post","type-post","status-publish","format-standard","has-post-thumbnail","hentry","category-nderkombetare","category-te-fundit"],"gt_translate_keys":[{"key":"link","format":"url"}],"_links":{"self":[{"href":"https:\/\/www.hashtag.al\/index.php\/wp-json\/wp\/v2\/posts\/594818","targetHints":{"allow":["GET"]}}],"collection":[{"href":"https:\/\/www.hashtag.al\/index.php\/wp-json\/wp\/v2\/posts"}],"about":[{"href":"https:\/\/www.hashtag.al\/index.php\/wp-json\/wp\/v2\/types\/post"}],"author":[{"embeddable":true,"href":"https:\/\/www.hashtag.al\/index.php\/wp-json\/wp\/v2\/users\/32"}],"replies":[{"embeddable":true,"href":"https:\/\/www.hashtag.al\/index.php\/wp-json\/wp\/v2\/comments?post=594818"}],"version-history":[{"count":0,"href":"https:\/\/www.hashtag.al\/index.php\/wp-json\/wp\/v2\/posts\/594818\/revisions"}],"wp:featuredmedia":[{"embeddable":true,"href":"https:\/\/www.hashtag.al\/index.php\/wp-json\/wp\/v2\/media\/590631"}],"wp:attachment":[{"href":"https:\/\/www.hashtag.al\/index.php\/wp-json\/wp\/v2\/media?parent=594818"}],"wp:term":[{"taxonomy":"category","embeddable":true,"href":"https:\/\/www.hashtag.al\/index.php\/wp-json\/wp\/v2\/categories?post=594818"},{"taxonomy":"post_tag","embeddable":true,"href":"https:\/\/www.hashtag.al\/index.php\/wp-json\/wp\/v2\/tags?post=594818"}],"curies":[{"name":"wp","href":"https:\/\/api.w.org\/{rel}","templated":true}]}}