{"id":594790,"date":"2023-05-07T19:29:10","date_gmt":"2023-05-07T17:29:10","guid":{"rendered":"https:\/\/www.hashtag.al\/?p=594790"},"modified":"2023-05-07T22:57:05","modified_gmt":"2023-05-07T20:57:05","slug":"spahia-pergenjeshtron-ramen-dhe-publikon-videon-streheza-e-qenve-endacake-eshte-e-ndertuar","status":"publish","type":"post","link":"https:\/\/www.hashtag.al\/index.php\/2023\/05\/07\/spahia-pergenjeshtron-ramen-dhe-publikon-videon-streheza-e-qenve-endacake-eshte-e-ndertuar\/","title":{"rendered":"Spahia p\u00ebrg\u00ebnjeshtron Ram\u00ebn dhe publikon videon: Streh\u00ebza e qenve endacake \u00ebsht\u00eb e nd\u00ebrtuar","gt_translate_keys":[{"key":"rendered","format":"text"}]},"content":{"rendered":"<p><span style=\"color: #000000;\"><a href=\"https:\/\/www.hashtag.al\/wp-content\/uploads\/2023\/05\/spahia.png\"><img loading=\"lazy\" decoding=\"async\" class=\"aligncenter size-full wp-image-594791\" src=\"https:\/\/www.hashtag.al\/wp-content\/uploads\/2023\/05\/spahia.png\" alt=\"\" width=\"640\" height=\"419\" srcset=\"https:\/\/www.hashtag.al\/wp-content\/uploads\/2023\/05\/spahia.png 640w, https:\/\/www.hashtag.al\/wp-content\/uploads\/2023\/05\/spahia-300x196.png 300w\" sizes=\"auto, (max-width: 640px) 100vw, 640px\" \/><\/a><\/span><\/p>\n<p><span style=\"color: #000000;\">Kryebashkiaku i Shkodr\u00ebs, Bardh Spahia ka p\u00ebrg\u00ebnjeshtruar deklarat\u00ebn e kryeministrit Edi Rama mbi streh\u00ebn p\u00ebr qent\u00eb endacak\u00eb.<\/span><\/p>\n<p><span style=\"color: #000000;\">Rama deklaroi nga Shkodra disa dit\u00eb m\u00eb par\u00eb, gjat\u00eb prezantimit t\u00eb kandidatit socialist Benet Beci, se Spahia ka premtuar nj\u00eb streh\u00ebz p\u00ebr qent\u00eb, t\u00eb cil\u00ebn nuk e ka b\u00ebr\u00eb dhe nuk do ta b\u00ebj\u00eb kurr\u00eb.<\/span><\/p>\n<p><span style=\"color: #000000;\"><em>\u201cJam i bindur q\u00eb Beneti do ta b\u00ebj\u00eb m\u00eb n\u00eb fund nj\u00eb streh\u00eb p\u00ebr qent\u00eb. Se kam d\u00ebgjuar q\u00eb ky q\u00eb keni k\u00ebtu iu premton vazhdimisht se qent\u00eb do i fusi n\u00eb streh\u00eb. Harrojeni se ka p\u00ebr t\u00eb ndodhur ndonj\u00eb gj\u00eb e till\u00eb. Qent\u00eb do mbeten rrug\u00ebve dhe do t\u00eb shtohen rrug\u00ebve\u201d<\/em>, deklaroi Rama.<\/span><\/p>\n<p><span style=\"color: #000000;\">Por n\u00ebp\u00ebrmjet nj\u00eb video p\u00ebrg\u00ebnjeshtruese Spahia tregon q\u00eb nj\u00eb streh\u00eb e till\u00eb \u00ebsht\u00eb nd\u00ebrtuar.<\/span><\/p>\n<p><span style=\"color: #000000;\">N\u00eb nj\u00eb video t\u00eb shp\u00ebrndar\u00eb n\u00eb Facebook, Spahia flet nga streha ku aktualisht q\u00ebndrojn\u00eb qent\u00eb q\u00eb dikur jetonin n\u00eb rrug\u00eb.<\/span><\/p>\n<p><span style=\"color: #000000;\">Spahia shprehet n\u00eb video se t\u00eb gjith\u00eb ata t\u00eb cil\u00ebt deklarojn\u00eb p\u00ebr arsye elektorale mosekzistenc\u00ebn e nj\u00eb qendre t\u00eb till\u00eb, t\u00eb shkojn\u00eb ta shohin me syt\u00eb e tyre.<\/span><\/p>\n<p><span style=\"color: #000000;\"><em>\u201cJemi k\u00ebtu n\u00eb t\u00eb par\u00ebn dhe t\u00eb vetmen streh\u00ebz publike p\u00ebr strehimin e qenve endacak\u00eb t\u00eb nd\u00ebrtuar nga Bashkia Shkod\u00ebr. I ftoj t\u00eb gjith\u00eb ata q\u00eb zgjedhin p\u00ebr arsye elektorale t\u00eb mashtrojn\u00eb publikisht duke deklaruar mosekzistenc\u00ebn e nj\u00eb qendre t\u00eb till\u00eb, t\u00eb vijn\u00eb dhe ta vizitojn\u00eb, ta shohin me syt\u00eb e tyre. Madje do t\u2019iu b\u00ebja thirrje pik\u00ebrisht atyre q\u00eb deklarojn\u00eb q\u00eb nuk ekziston kjo qend\u00ebr, t\u00eb kontribuojn\u00eb n\u00eb realizimin e qendrave t\u00eb tjera n\u00eb bashkit\u00eb e tjera\u201d<\/em>, thot\u00eb Spahia n\u00eb video.<\/span><\/p>\n<p><iframe loading=\"lazy\" style=\"border: none; overflow: hidden;\" src=\"https:\/\/www.facebook.com\/plugins\/video.php?href=https%3A%2F%2Fwww.facebook.com%2Fbardhspahia%2Fvideos%2F2247615305418041%2F&amp;show_text=0&amp;width=560\" width=\"560\" height=\"315\" frameborder=\"0\" scrolling=\"no\" allowfullscreen=\"allowfullscreen\"><\/iframe><\/p>\n","protected":false,"gt_translate_keys":[{"key":"rendered","format":"html"}]},"excerpt":{"rendered":"<p>Kryebashkiaku i Shkodr\u00ebs, Bardh Spahia ka p\u00ebrg\u00ebnjeshtruar deklarat\u00ebn e kryeministrit Edi Rama mbi streh\u00ebn p\u00ebr qent\u00eb endacak\u00eb. Rama deklaroi nga Shkodra disa dit\u00eb m\u00eb par\u00eb, gjat\u00eb prezantimit t\u00eb kandidatit socialist Benet Beci, se Spahia ka premtuar nj\u00eb streh\u00ebz p\u00ebr qent\u00eb, t\u00eb cil\u00ebn nuk e ka b\u00ebr\u00eb dhe nuk do ta b\u00ebj\u00eb kurr\u00eb. \u201cJam i bindur [&hellip;]<\/p>\n","protected":false,"gt_translate_keys":[{"key":"rendered","format":"html"}]},"author":32,"featured_media":594791,"comment_status":"closed","ping_status":"closed","sticky":false,"template":"","format":"standard","meta":{"footnotes":""},"categories":[22,65,13],"tags":[],"class_list":["post-594790","post","type-post","status-publish","format-standard","has-post-thumbnail","hentry","category-ballina","category-lajme","category-te-fundit"],"gt_translate_keys":[{"key":"link","format":"url"}],"_links":{"self":[{"href":"https:\/\/www.hashtag.al\/index.php\/wp-json\/wp\/v2\/posts\/594790","targetHints":{"allow":["GET"]}}],"collection":[{"href":"https:\/\/www.hashtag.al\/index.php\/wp-json\/wp\/v2\/posts"}],"about":[{"href":"https:\/\/www.hashtag.al\/index.php\/wp-json\/wp\/v2\/types\/post"}],"author":[{"embeddable":true,"href":"https:\/\/www.hashtag.al\/index.php\/wp-json\/wp\/v2\/users\/32"}],"replies":[{"embeddable":true,"href":"https:\/\/www.hashtag.al\/index.php\/wp-json\/wp\/v2\/comments?post=594790"}],"version-history":[{"count":0,"href":"https:\/\/www.hashtag.al\/index.php\/wp-json\/wp\/v2\/posts\/594790\/revisions"}],"wp:featuredmedia":[{"embeddable":true,"href":"https:\/\/www.hashtag.al\/index.php\/wp-json\/wp\/v2\/media\/594791"}],"wp:attachment":[{"href":"https:\/\/www.hashtag.al\/index.php\/wp-json\/wp\/v2\/media?parent=594790"}],"wp:term":[{"taxonomy":"category","embeddable":true,"href":"https:\/\/www.hashtag.al\/index.php\/wp-json\/wp\/v2\/categories?post=594790"},{"taxonomy":"post_tag","embeddable":true,"href":"https:\/\/www.hashtag.al\/index.php\/wp-json\/wp\/v2\/tags?post=594790"}],"curies":[{"name":"wp","href":"https:\/\/api.w.org\/{rel}","templated":true}]}}