{"id":594682,"date":"2023-05-07T11:23:12","date_gmt":"2023-05-07T09:23:12","guid":{"rendered":"https:\/\/www.hashtag.al\/?p=594682"},"modified":"2023-05-07T11:13:29","modified_gmt":"2023-05-07T09:13:29","slug":"vw-ve-fshesen-do-shkarkoje-drejtuesit-kryesore-ne-njesine-e-programimit-cariad-reuters","status":"publish","type":"post","link":"https:\/\/www.hashtag.al\/index.php\/2023\/05\/07\/vw-ve-fshesen-do-shkarkoje-drejtuesit-kryesore-ne-njesine-e-programimit-cariad-reuters\/","title":{"rendered":"VW \u2018v\u00eb fshes\u00ebn\u2019, do shkarkoj\u00eb drejtuesit kryesor\u00eb n\u00eb nj\u00ebsin\u00eb e programimit \u2018Cariad\u2019 &#8211; Reuters","gt_translate_keys":[{"key":"rendered","format":"text"}]},"content":{"rendered":"<p><img loading=\"lazy\" decoding=\"async\" class=\"aligncenter size-full wp-image-594683\" src=\"https:\/\/www.hashtag.al\/wp-content\/uploads\/2023\/05\/ezgif.com-gif-maker-4.jpg\" alt=\"\" width=\"960\" height=\"640\" srcset=\"https:\/\/www.hashtag.al\/wp-content\/uploads\/2023\/05\/ezgif.com-gif-maker-4.jpg 960w, https:\/\/www.hashtag.al\/wp-content\/uploads\/2023\/05\/ezgif.com-gif-maker-4-300x200.jpg 300w, https:\/\/www.hashtag.al\/wp-content\/uploads\/2023\/05\/ezgif.com-gif-maker-4-768x512.jpg 768w\" sizes=\"auto, (max-width: 960px) 100vw, 960px\" \/><\/p>\n<p><span style=\"color: #000000;\">Prodhuesi gjerman i makinave Volkswagen (VOWG_p.DE) ka vendosur t\u00eb shkarkoj\u00eb t\u00eb gjith\u00eb, p\u00ebrve\u00e7 nj\u00ebrit prej an\u00ebtar\u00ebve t\u00eb bordit ekzekutiv n\u00eb sektorin e tij t\u00eb softuerit Cariad jav\u00ebn e ardhshme, n\u00eb p\u00ebrpjekje p\u00ebr t\u00eb zgjidhur problemet e zhvillimit, tha p\u00ebr \u00a0Reuters nj\u00eb person i njohur me k\u00ebt\u00eb \u00e7\u00ebshtje. <\/span><\/p>\n<p><span style=\"color: #000000;\">Nj\u00ebsia e krijuar nga ish-CEO i grupit VW, Herbert Diess, ka tejkaluar buxhetin dhe ka d\u00ebshtuar n\u00eb p\u00ebrmbushjen e q\u00ebllimeve, duke kontribuar n\u00eb largimin e Diess dhe z\u00ebvend\u00ebsimin nga Oliver Blume shtatorin e kaluar.<\/span><\/p>\n<p><span style=\"color: #000000;\">Bordi mbik\u00ebqyr\u00ebs i Cariad pritet t\u00eb n\u00ebnshkruaj\u00eb shkarkimet n\u00eb nj\u00eb takim jav\u00ebn e ardhshme, tha burimi t\u00eb shtun\u00ebn, duke shtuar se vet\u00ebm kreu i personelit t\u00eb nj\u00ebsis\u00eb, Rainer Zugeh\u00f6r, mund t\u00eb q\u00ebndroj\u00eb n\u00eb detyr\u00eb.<\/span><\/p>\n<p><span style=\"color: #000000;\">Nj\u00eb z\u00ebdh\u00ebn\u00ebs i VW tha se kompania gjermane po analizonte Cariad dhe projektet e saj.<\/span><\/p>\n<p><span style=\"color: #000000;\">Jan\u00eb marr\u00eb nj\u00eb num\u00ebr vendimesh, por nuk ka vendime p\u00ebr personelin, tha z\u00ebdh\u00ebn\u00ebsi, duke shtuar se Cariad dhe zhvillimi i softuerit t\u00eb automjeteve mbet\u00ebn pjes\u00eb p\u00ebrb\u00ebr\u00ebse e strategjis\u00eb s\u00eb grupit t\u00eb Volkswagen.<\/span><\/p>\n<p><span style=\"color: #000000;\">Problemet te Cariad kan\u00eb vonuar pun\u00ebn n\u00eb modelet e reja t\u00eb r\u00ebnd\u00ebsishme t\u00eb automjeteve Porsche e-Macan dhe Audi Q6 e-tron.<\/span><\/p>\n","protected":false,"gt_translate_keys":[{"key":"rendered","format":"html"}]},"excerpt":{"rendered":"<p>Prodhuesi gjerman i makinave Volkswagen (VOWG_p.DE) ka vendosur t\u00eb shkarkoj\u00eb t\u00eb gjith\u00eb, p\u00ebrve\u00e7 nj\u00ebrit prej an\u00ebtar\u00ebve t\u00eb bordit ekzekutiv n\u00eb sektorin e tij t\u00eb softuerit Cariad jav\u00ebn e ardhshme, n\u00eb p\u00ebrpjekje p\u00ebr t\u00eb zgjidhur problemet e zhvillimit, tha p\u00ebr \u00a0Reuters nj\u00eb person i njohur me k\u00ebt\u00eb \u00e7\u00ebshtje. Nj\u00ebsia e krijuar nga ish-CEO i grupit VW, [&hellip;]<\/p>\n","protected":false,"gt_translate_keys":[{"key":"rendered","format":"html"}]},"author":51,"featured_media":594683,"comment_status":"closed","ping_status":"closed","sticky":false,"template":"","format":"standard","meta":{"footnotes":""},"categories":[53],"tags":[],"class_list":["post-594682","post","type-post","status-publish","format-standard","has-post-thumbnail","hentry","category-fast-foodi"],"gt_translate_keys":[{"key":"link","format":"url"}],"_links":{"self":[{"href":"https:\/\/www.hashtag.al\/index.php\/wp-json\/wp\/v2\/posts\/594682","targetHints":{"allow":["GET"]}}],"collection":[{"href":"https:\/\/www.hashtag.al\/index.php\/wp-json\/wp\/v2\/posts"}],"about":[{"href":"https:\/\/www.hashtag.al\/index.php\/wp-json\/wp\/v2\/types\/post"}],"author":[{"embeddable":true,"href":"https:\/\/www.hashtag.al\/index.php\/wp-json\/wp\/v2\/users\/51"}],"replies":[{"embeddable":true,"href":"https:\/\/www.hashtag.al\/index.php\/wp-json\/wp\/v2\/comments?post=594682"}],"version-history":[{"count":0,"href":"https:\/\/www.hashtag.al\/index.php\/wp-json\/wp\/v2\/posts\/594682\/revisions"}],"wp:featuredmedia":[{"embeddable":true,"href":"https:\/\/www.hashtag.al\/index.php\/wp-json\/wp\/v2\/media\/594683"}],"wp:attachment":[{"href":"https:\/\/www.hashtag.al\/index.php\/wp-json\/wp\/v2\/media?parent=594682"}],"wp:term":[{"taxonomy":"category","embeddable":true,"href":"https:\/\/www.hashtag.al\/index.php\/wp-json\/wp\/v2\/categories?post=594682"},{"taxonomy":"post_tag","embeddable":true,"href":"https:\/\/www.hashtag.al\/index.php\/wp-json\/wp\/v2\/tags?post=594682"}],"curies":[{"name":"wp","href":"https:\/\/api.w.org\/{rel}","templated":true}]}}