{"id":594634,"date":"2023-05-06T23:23:12","date_gmt":"2023-05-06T21:23:12","guid":{"rendered":"https:\/\/www.hashtag.al\/?p=594634"},"modified":"2023-05-06T23:32:23","modified_gmt":"2023-05-06T21:32:23","slug":"deshmitaret-e-mbrojtur-dhe-bashkepunetoret-e-drejtesise","status":"publish","type":"post","link":"https:\/\/www.hashtag.al\/index.php\/2023\/05\/06\/deshmitaret-e-mbrojtur-dhe-bashkepunetoret-e-drejtesise\/","title":{"rendered":"Kush jan\u00eb d\u00ebshmitar\u00ebt e mbrojtur e bashk\u00ebpun\u00ebtor\u00ebt e drejt\u00ebsis\u00eb","gt_translate_keys":[{"key":"rendered","format":"text"}]},"content":{"rendered":"<p><img loading=\"lazy\" decoding=\"async\" class=\"aligncenter size-full wp-image-594635\" src=\"https:\/\/www.hashtag.al\/wp-content\/uploads\/2023\/05\/ezgif.com-resize.jpg\" alt=\"\" width=\"800\" height=\"600\" srcset=\"https:\/\/www.hashtag.al\/wp-content\/uploads\/2023\/05\/ezgif.com-resize.jpg 800w, https:\/\/www.hashtag.al\/wp-content\/uploads\/2023\/05\/ezgif.com-resize-300x225.jpg 300w, https:\/\/www.hashtag.al\/wp-content\/uploads\/2023\/05\/ezgif.com-resize-768x576.jpg 768w\" sizes=\"auto, (max-width: 800px) 100vw, 800px\" \/><\/p>\n<p><span style=\"color: #000000;\"><strong><em>Nga Etleva Delia<\/em><\/strong><\/span><\/p>\n<p><span style=\"color: #000000;\">Ata kan\u00eb rr\u00ebfyer krime t\u00eb r\u00ebnda. Kan\u00eb treguar emra kriminel\u00ebsh. Kan\u00eb \u00e7uar n\u00eb burg persona q\u00eb konsideroheshin t\u00eb papreksh\u00ebm. Jan\u00eb kthyer n\u00eb bashk\u00ebpun\u00ebtor\u00eb her\u00eb nga frika p\u00ebr jet\u00ebn e her\u00eb p\u00ebr t\u00eb p\u00ebrfituara mbrojtje nga shteti. <\/span><\/p>\n<p><span style=\"color: #000000;\">Por n\u00eb ndonj\u00eb rast edhe kan\u00eb rrezikuar. Jan\u00eb dekonsipuar e jan\u00eb b\u00ebr\u00eb objekt atentashesh. E disa t\u00eb tjer\u00eb, t\u00eb vetedijsh\u00ebm q\u00eb do t\u00eb zbulohen, kan\u00eb rrezikuar t\u00eb dalin edhe nga programi i mbrojtjes. Madje disa edhe kan\u00eb dal\u00eb.\u00a0<\/span><\/p>\n<p><span style=\"color: #000000;\">K\u00ebta jan\u00eb d\u00ebshmitar\u00ebt e mbrojtur dhe bashk\u00ebpun\u00ebtor\u00ebt e drejt\u00ebsis\u00eb.<\/span><\/p>\n<p><span style=\"color: #000000;\">&#8220;D\u00ebshmitar i drejt\u00ebsis\u00eb&#8221; \u00ebsht\u00eb personi, i cili, n\u00eb cil\u00ebsin\u00eb e d\u00ebshmitarit ose t\u00eb personit t\u00eb d\u00ebmtuar, b\u00ebn deklarime a d\u00ebshmon p\u00ebr fakte e rrethana, q\u00eb p\u00ebrb\u00ebjn\u00eb objekt prove n\u00eb nj\u00eb procedim penal dhe q\u00eb, p\u00ebr shkak t\u00eb k\u00ebtyre deklarimeve a d\u00ebshmive, ndodhet n\u00eb gjendje rreziku.<\/span><\/p>\n<p><span style=\"color: #000000;\">Nd\u00ebrsa &#8220;Bashk\u00ebpun\u00ebtor i drejt\u00ebsis\u00eb&#8221; \u00ebsht\u00eb personi, i cili vuan d\u00ebnimin penal ose \u00ebsht\u00eb i pandehur n\u00eb nj\u00eb procedim penal p\u00ebr krime t\u00eb kryera n\u00eb bashk\u00ebpunim, q\u00eb ndodhet n\u00eb gjendje rreziku, p\u00ebr shkak t\u00eb bashk\u00ebpunimit me drejt\u00ebsin\u00eb, t\u00eb deklarimeve apo d\u00ebshmive p\u00ebr fakte e rrethana, q\u00eb p\u00ebrb\u00ebjn\u00eb objekt prove n\u00eb t\u00eb nj\u00ebjtin procedim penal ose n\u00eb nj\u00eb procedim t\u00eb lidhur.<\/span><\/p>\n<p><span style=\"color: #000000;\">Nd\u00ebrveprimi n\u00eb rritje dhe kompleksiteti konspirativ i krimit t\u00eb organizuar, e ka b\u00ebr\u00eb gjithnj\u00eb e m\u00eb t\u00eb qart\u00eb forc\u00ebn zbuluese t\u00eb sektorit t\u00eb policis\u00eb kriminale p\u00ebr t\u00eb mbajtur bot\u00ebn e krimit n\u00ebn kontroll.<\/span><\/p>\n<p><span style=\"color: #000000;\">Futja n\u00eb sistem e bashk\u00ebpun\u00ebtor\u00ebve t\u00eb drejt\u00ebsis\u00eb ka qen\u00eb nj\u00eb element i r\u00ebnd\u00ebsish\u00ebm p\u00ebr t\u00eb luftuar krimin e organizuar.<\/span><\/p>\n<p><span style=\"color: #000000;\">Deklarimet e cilitdo bashk\u00ebpun\u00ebtori t\u00eb drejt\u00ebsis\u00eb p\u00ebrb\u00ebnin t\u00eb dhena t\u00eb jasht\u00ebzakonshme p\u00ebr t\u2019u menaxhuar me kujdes. \u00cbsht\u00eb po aq e v\u00ebrtet\u00eb gjithashtu se vazhdim\u00ebsia dhe mpreht\u00ebsia e domosdoshme p\u00ebr p\u00ebrballimin e nj\u00eb oganizimi kriminal, forca e t\u00eb cilit bazohet te sekreti, t\u00eb mb\u00ebshtetet vet\u00ebm n\u00eb kontributin e bashk\u00ebpun\u00ebtor\u00ebve.<\/span><\/p>\n<p><span style=\"color: #000000;\">\u00cbsht\u00eb i domosdosh\u00ebm parashikimi i normave ligjore, t\u00eb p\u00ebrcaktuara, t\u00eb cilat karakterizohen edhe nga shp\u00ebrblimi i bashk\u00ebpun\u00ebtorit, kur ai jep t\u00eb dh\u00ebna t\u00eb shumta dhe t\u00eb v\u00ebrteta.<\/span><\/p>\n<p><span style=\"color: #000000;\">Rr\u00ebfimet e t\u00eb penduarve, p\u00ebrve\u00e7se kan\u00eb \u00e7uar n\u00eb zbulimin e shum\u00eb krimeve, jan\u00eb d\u00ebshmi t\u00eb m\u00ebnyr\u00ebs se si ka funksionuar dhe funksionon krimi n\u00eb Shqip\u00ebri.<\/span><\/p>\n<p><span style=\"color: #000000;\"><strong>T\u00eb penduarit e drejt\u00ebsis\u00eb<\/strong><\/span><\/p>\n<p><strong><span style=\"color: #000000;\">PETRIT LI\u00c7I (I PENDUARI Q\u00cb D\u00cbNOI BAND\u00cbN E LUSHNJ\u00cbS)<\/span><\/strong><\/p>\n<p><span style=\"color: #000000;\">Historia e bashk\u00ebpun\u00ebtor\u00ebve t\u00eb drejt\u00ebsis\u00eb q\u00eb u kthyen n\u00eb \u201ct\u00eb pendua\u201d ka nisur me Petrit Li\u00e7in, an\u00ebtar i band\u00ebs s\u00eb Lushnj\u00ebs. Rr\u00ebfimi i tij \u00e7oi pas hekurave me d\u00ebnime t\u00eb r\u00ebnda bashk\u00ebpun\u00ebtor\u00ebt e band\u00ebs, nd\u00ebrsa ai vet\u00eb u d\u00ebnua me 7 vjet burg.<\/span><\/p>\n<p><span style=\"color: #000000;\">P\u00ebr her\u00eb n\u00eb par\u00eb n\u00eb Gjykat\u00ebn e Krimeve t\u00eb R\u00ebnda, i penduari i drejt\u00ebsis\u00eb Petrit Li\u00e7i, rr\u00ebfeu me detaje p\u00ebr ngjarje t\u00eb tmerrshme t\u00eb band\u00ebs s\u00eb Lushnj\u00ebs, t\u00eb drejtuar nga Alfred Shkurti, i njohur ndryshe me emrin Aldo Bare.<\/span><\/p>\n<p><span style=\"color: #000000;\">Zbardhja e krimeve t\u00eb kryera nga an\u00ebtar\u00ebt e band\u00ebs s\u00eb Lushnj\u00ebs ndoshta nuk do t\u00eb kishte qen\u00eb e mundur n\u00ebse Petrit Li\u00e7i, nj\u00ebri nga t\u00eb akuzuarit, nuk do t\u00eb \u201ctradhtonte\u201d ish-bashk\u00ebpun\u00ebtor\u00ebt e tij. I pandehuri si pjes\u00ebmarr\u00ebs n\u00eb disa prej krimeve t\u00eb kryera nga banda, pranoi t\u00eb bashk\u00ebpunonte me Policin\u00eb dhe Prokurorin\u00eb pasi ra n\u00eb pranga dhe u mor i pandehur p\u00ebr nj\u00eb s\u00ebr\u00eb veprash penale.<\/span><\/p>\n<p><span style=\"color: #000000;\">D\u00ebshmit\u00eb e marra prej tij sh\u00ebrbyen jo vet\u00ebm p\u00ebr zbardhjen e krimeve p\u00ebr edhe p\u00ebr orientimin e hetimit n\u00eb drejtim t\u00eb identifikimit t\u00eb provave e d\u00ebshmitar\u00ebve q\u00eb hodh\u00ebn drit\u00eb mbi nj\u00eb s\u00ebr\u00eb episodesh kriminale t\u00eb ndodhura n\u00eb Lushnj\u00eb.<\/span><\/p>\n<p><span style=\"color: #000000;\">Petrit Li\u00e7i, nj\u00eb nga t\u00eb par\u00ebt persona nga rradh\u00ebt e organizatave kriminale q\u00eb pranoi t\u00eb bashk\u00ebpunoj\u00eb me drejt\u00ebsin\u00eb, u gjykua dhe u d\u00ebnua s\u00eb bashku me ish-miqt\u00eb e tij Dritan Vila, Maksim \u00c7ela, Erion Cici, Leonard Prifti (i vdekur), Erion Kashari, Elton Mermali, Enver Dondollaku.<\/span><\/p>\n<div id=\"attachment_594636\" style=\"width: 2058px\" class=\"wp-caption aligncenter\"><img loading=\"lazy\" decoding=\"async\" aria-describedby=\"caption-attachment-594636\" class=\"wp-image-594636 size-full\" src=\"https:\/\/www.hashtag.al\/wp-content\/uploads\/2023\/05\/coli.jpg\" alt=\"\" width=\"2048\" height=\"1365\" srcset=\"https:\/\/www.hashtag.al\/wp-content\/uploads\/2023\/05\/coli.jpg 2048w, https:\/\/www.hashtag.al\/wp-content\/uploads\/2023\/05\/coli-300x200.jpg 300w, https:\/\/www.hashtag.al\/wp-content\/uploads\/2023\/05\/coli-1024x683.jpg 1024w, https:\/\/www.hashtag.al\/wp-content\/uploads\/2023\/05\/coli-768x512.jpg 768w, https:\/\/www.hashtag.al\/wp-content\/uploads\/2023\/05\/coli-1536x1024.jpg 1536w\" sizes=\"auto, (max-width: 2048px) 100vw, 2048px\" \/><p id=\"caption-attachment-594636\" class=\"wp-caption-text\"><span style=\"color: #0000ff;\">Adriatik Coli<\/span><\/p><\/div>\n<p><strong><span style=\"color: #000000;\">ADRIATIK COLI (I PENDUARI Q\u00cb D\u00cbNOI BAND\u00cbN E DURR\u00cbSIT)<\/span><\/strong><\/p>\n<p><span style=\"color: #000000;\">Nj\u00eb tjet\u00ebr bashk\u00ebpun\u00ebtor, an\u00ebtar i band\u00ebs s\u00eb Durr\u00ebsit, Adriatik Coli, i cili u kthye n\u00eb t\u00eb penduar. N\u00eb dhjet\u00ebra seanca t\u00eb zhvilluara me dyer t\u00eb mbyllura n\u00eb Gjykat\u00ebn e Krimeve t\u00eb R\u00ebnda, Coli dha holl\u00ebsi nga vrasjet band\u00ebs, n\u00eb disa prej t\u00eb cilave ishte n\u00eb rolin e ekzekutorit. Bashk\u00ebpunimi ia uli d\u00ebnimin me burg p\u00ebrjet\u00eb n\u00eb vet\u00ebm 10 vite burg.<\/span><\/p>\n<p><span style=\"color: #000000;\">Banda kriminale, me drejtues t\u00eb p\u00ebrbashk\u00ebt Lulzim Berish\u00ebn dhe Klodian Saliun funksiononte prej vitit 1994 n\u00eb qytetin e Durr\u00ebsit. Nd\u00ebrsa ishte p\u00ebrgjegj\u00ebse e nj\u00eb s\u00ebr\u00eb vrasjesh t\u00eb ndodhura n\u00eb Durr\u00ebs e Tiran\u00eb, nga viti 1998 e n\u00eb vazhdim.<\/span><\/p>\n<p><span style=\"color: #000000;\">Pas vrasjes s\u00eb Klodian Saliut, organizata q\u00eb u vendos n\u00ebn drejtimin e Endrit Dokles nisi hakmarrjen dhe u sh\u00ebnuan edhe shum\u00eb vrasje t\u00eb tjera.<\/span><\/p>\n<p><strong><span style=\"color: #000000;\">BUJAR BUZANI (I PENDUARI Q\u00cb D\u00cbNOI AUTOR\u00cbT E MASAKR\u00cbS S\u00cb C\u00cbRRIKUT)<\/span><\/strong><\/p>\n<p><span style=\"color: #000000;\">N\u00eb vitin 2008, zyra p\u00ebr Mbrojtjen e D\u00ebshmitar\u00ebve, me k\u00ebrkes\u00eb t\u00eb prokuroris\u00eb, vendosi t\u00eb marr\u00eb n\u00eb mbrojtje t\u00eb pandehurin Bujar Buzani, i cili ka pranuar t\u00eb tregoj\u00eb ngjarjen e marsit 1997. Ngjarje ku n\u00eb nj\u00eb prit\u00eb t\u00eb organizuar nga t\u00eb pandehurit, u vran\u00eb 6 punonj\u00ebsve t\u00eb Gard\u00ebs s\u00eb Republik\u00ebs dhe u plagosen 16 t\u00eb tjer\u00eb n\u00eb qytez\u00ebn e C\u00ebrrikut. N\u00eb d\u00ebshmin\u00eb e tij Buzani ka treguar thuajse t\u00eb gjith\u00eb organizimin e prit\u00ebs e deri te vrasja dhe dhunimi i kufomave t\u00eb gardist\u00ebve n\u00eb C\u00ebrrik nga t\u00eb pandehurit n\u00eb k\u00ebt\u00eb proces: Llazar Bicja, Met Bozi, Arjan Toska, Roland Sota (Xhepexhiu), Alban Toska, Sk\u00ebnder Cani, Tomorr Buzani, Entel Gashi dhe i nga vet\u00eb i penduari Bujar Buzani.<\/span><\/p>\n<div id=\"attachment_594637\" style=\"width: 1050px\" class=\"wp-caption aligncenter\"><img loading=\"lazy\" decoding=\"async\" aria-describedby=\"caption-attachment-594637\" class=\"wp-image-594637 size-full\" src=\"https:\/\/www.hashtag.al\/wp-content\/uploads\/2023\/05\/julian.jpg\" alt=\"\" width=\"1040\" height=\"780\" srcset=\"https:\/\/www.hashtag.al\/wp-content\/uploads\/2023\/05\/julian.jpg 1040w, https:\/\/www.hashtag.al\/wp-content\/uploads\/2023\/05\/julian-300x225.jpg 300w, https:\/\/www.hashtag.al\/wp-content\/uploads\/2023\/05\/julian-1024x768.jpg 1024w, https:\/\/www.hashtag.al\/wp-content\/uploads\/2023\/05\/julian-768x576.jpg 768w\" sizes=\"auto, (max-width: 1040px) 100vw, 1040px\" \/><p id=\"caption-attachment-594637\" class=\"wp-caption-text\"><span style=\"color: #0000ff;\">Julian Sinanaj<\/span><\/p><\/div>\n<p><strong><span style=\"color: #000000;\">JULIAN SINANAJ (VRAS\u00cbSI ME PAGES\u00cb Q\u00cb U KTHYE N\u00cb T\u00cb PENDUAR)<\/span><\/strong><\/p>\n<p><span style=\"color: #000000;\">Ndri\u00e7im Gjokona dhe m\u00eb pas edhe Julian Sinanaj, i akuzuar si vras\u00ebs me pages\u00eb n\u00eb procesin ndaj band\u00ebs s\u00eb tritolit, pranuan bashk\u00ebpunim. Gjat\u00eb procesit, Julian Sinanaj u t\u00ebrhoq nga tre episode kriminale, p\u00ebr t\u00eb cilat foli me her\u00ebt. Ndihmesa e dh\u00ebn\u00eb p\u00ebr drejt\u00ebsin\u00eb e shp\u00ebtoi nga burgimi i p\u00ebrjetsh\u00ebm, por t\u00ebrheqja nga disa prej d\u00ebshmive b\u00ebri q\u00eb t\u00eb mos p\u00ebrfitonte d\u00ebnim minimal. P\u00ebrfundimisht ai u d\u00ebnua me 30 vjet burg.<\/span><\/p>\n<p><span style=\"color: #000000;\">Ndri\u00e7im Gjokona u kthye n\u00eb bashk\u00ebpun\u00ebtor t\u00eb drejt\u00ebsis\u00eb q\u00eb prej janarit t\u00eb vitit 2014.\u00a0 Ai u pendua bashk\u00eb me Julian Sinanaj, q\u00eb u arrestua menj\u00ebher\u00eb pas tij, pasi u gjurmua nga policia pas d\u00ebshmis\u00eb s\u00eb Gjokon\u00ebs. Gjokona e kall\u00ebzoi nga frika se mos e eliminonte. T\u00eb dy pranuan t\u00eb rr\u00ebfejn\u00eb nj\u00eb seri krimesh t\u00eb ndodhura n\u00eb Tiran\u00eb, Vlor\u00eb dhe Durr\u00ebs p\u00ebrgjat\u00eb viteve 2012-2014.<\/span><\/p>\n<p><span style=\"color: #000000;\">Dy t\u00eb penduarit e drejt\u00ebsis\u00eb, ishin krahu i armatosur i nj\u00eb grupi kriminal prej 7 an\u00ebtar\u00ebsh, q\u00eb u akuzuan nga Prokuroria e Krimeve t\u00eb R\u00ebnda p\u00ebr vrasje me pages\u00eb, vepra p\u00ebr q\u00ebllime terroriste, prodhim dhe shitje t\u00eb l\u00ebnd\u00ebsh plas\u00ebse dhe pjes\u00ebmarrje n\u00eb grup t\u00eb strukturuar kriminal.<\/span><\/p>\n<p><span style=\"color: #000000;\">Shtat\u00eb t\u00eb pandehurit u akuzuan p\u00ebr vrasjen e Sokol Veizajt dhe Agron \u00c7el\u00ebs, atentatet me tritol kund\u00ebr zyrtar\u00ebve Ardian Kollozi dhe Besnik Dervishaj, si dhe planifikimin e eliminimeve p\u00ebr dy nd\u00ebrtues nga Vlora dhe p\u00ebr biznesmenin e gazit n\u00eb Tiran\u00eb, Pirro Bare.<\/span><\/p>\n<p><span style=\"color: #000000;\">N\u00ebp\u00ebrmjet d\u00ebshmive t\u00eb tyre p\u00ebrpara prokuror\u00ebve, dy t\u00eb penduarit, Sinanaj dhe Gjokona, i kan\u00eb servirur Prokuroris\u00eb t\u00eb dh\u00ebna mbi n\u00ebntok\u00ebn e krimit n\u00eb qytetin e Vlor\u00ebs dhe konvertimin n\u00eb biznesmen\u00eb t\u00eb disa njer\u00ebzve me t\u00eb kaluar t\u00eb err\u00ebt n\u00eb k\u00ebt\u00eb qytet.<\/span><\/p>\n<div id=\"attachment_594638\" style=\"width: 1930px\" class=\"wp-caption aligncenter\"><img loading=\"lazy\" decoding=\"async\" aria-describedby=\"caption-attachment-594638\" class=\"wp-image-594638 size-full\" src=\"https:\/\/www.hashtag.al\/wp-content\/uploads\/2023\/05\/shallari.jpg\" alt=\"\" width=\"1920\" height=\"1080\" srcset=\"https:\/\/www.hashtag.al\/wp-content\/uploads\/2023\/05\/shallari.jpg 1920w, https:\/\/www.hashtag.al\/wp-content\/uploads\/2023\/05\/shallari-300x169.jpg 300w, https:\/\/www.hashtag.al\/wp-content\/uploads\/2023\/05\/shallari-1024x576.jpg 1024w, https:\/\/www.hashtag.al\/wp-content\/uploads\/2023\/05\/shallari-768x432.jpg 768w, https:\/\/www.hashtag.al\/wp-content\/uploads\/2023\/05\/shallari-1536x864.jpg 1536w\" sizes=\"auto, (max-width: 1920px) 100vw, 1920px\" \/><p id=\"caption-attachment-594638\" class=\"wp-caption-text\"><span style=\"color: #0000ff;\">Mikel Shallari<\/span><\/p><\/div>\n<p><strong><span style=\"color: #000000;\">MIKEL SHALLARI (VRAS\u00cbSI I ARTAN CUKUT Q\u00cb ZBULOI POROSIT\u00cbSIN)<\/span><\/strong><\/p>\n<p><span style=\"color: #000000;\">Bashk\u00ebpun\u00ebtor i drejt\u00ebsis\u00eb u b\u00eb edhe Mikel Shallari, ekzekutori i ish-kryekomisarit t\u00eb policis\u00eb, Artan Cuku. Pasi pranoi krimin, ai i tregoi prokuror\u00ebve emrin e porosit\u00ebsit t\u00eb vrasjes, Bledar Jambelli. Fal\u00eb k\u00ebtij bashk\u00ebpunimi, vras\u00ebsi i nj\u00eb ish-drejtuesi t\u00eb lart\u00eb Policie u d\u00ebnua vet\u00ebm me 10 vite burg.<\/span><\/p>\n<p><span style=\"color: #000000;\">Mbr\u00ebmjen e 8 prillit t\u00eb vitit 2017, rreth or\u00ebs 8 t\u00eb dark\u00ebs, Artan Cuku sapo kishte dal\u00eb nga nj\u00eb minimarket dhe po kthehej n\u00eb sht\u00ebpi. Vras\u00ebsi, Mikel Shallari po e priste para pallatit \u201cMelrose\u201d, n\u00eb Rrug\u00ebn e Kosovar\u00ebve, n\u00eb Tiran\u00eb, aty ku banonte Cuku. Shallari shoq\u00ebrohej nga kush\u00ebriri i tij, Kristaq Leci, i cili po priste tek fusha me bar aty pran\u00eb dhe e orientonte n\u00eb distanc\u00eb me an\u00eb t\u00eb sms-ve.\u00a0\u00a0<\/span><\/p>\n<p><span style=\"color: #000000;\">Kur Artan Cuku doli nga minimarketi dhe u shfaq p\u00ebrball\u00eb autorit duke iu drejtuar hyrjes s\u00eb pallatit, Mikel Shallari u pozicionua tek shkall\u00ebt, n\u00eb pjes\u00ebn e brendshme. N\u00eb momentin q\u00eb Cuku u shfaq para tij, autori e q\u00eblloi nj\u00ebher\u00ebsh me dy pistoleta.<\/span><\/p>\n<p><span style=\"color: #000000;\">Artan Cuku u mbijetoi plumbave dhe tentoi t\u00eb futej n\u00eb ashensor, por vras\u00ebsi e ndoqi dhe e q\u00eblloi edhe aty. Cuku nuk u rr\u00ebzua, doli nga ashensori dhe tentoi t\u00eb p\u00ebrleshej fizikisht me autorin. Por aty mori goditjen fatale. Mikel Shallari e q\u00eblloi n\u00eb kok\u00eb.<\/span><\/p>\n<p><span style=\"color: #000000;\">M\u00eb 12 qershor t\u00eb vitit 2017 Mikel Shallari shpreh vullnetin t\u00eb bashk\u00ebpunoj\u00eb me drejt\u00ebsin\u00eb dhe n\u00ebnshkruan marr\u00ebveshjen e bashk\u00ebpunimit me prokurorin Henrik Ligori. Nj\u00eb dit\u00eb para, gjat\u00eb pyetjes s\u00eb tij, ai dha deklarime t\u00eb holl\u00ebsishme lidhur me krimin e kryer dhe bashk\u00ebpun\u00ebtor\u00ebve t\u00eb tij. N\u00eb rolin e organizatorit dhe t\u00eb shtyt\u00ebsit, t\u00eb cil\u00ebt i identifikoi si Bledar Jambelli, i njohur edhe si Rikardo Muho dhe Gerti Kajo, i njohur edhe si Kristaq Leci, ky i fundit djali i daj\u00ebs s\u00eb Shallarit.<\/span><\/p>\n<p><strong><span style=\"color: #000000;\">KRISTI PINE (VRAS\u00cbSI I PENDUAR Q\u00cb MERRTE URDHRA NGA BURGU)<\/span><\/strong><\/p>\n<p><span style=\"color: #000000;\">Kristi Pine, q\u00eb merrte urdhra nga burgu, nga Admir Tafili, u kthye n\u00eb t\u00eb penduar dhe rr\u00ebfeu disa krime. Pine tregoi se ka ekzekutuar n\u00eb oborrin e sht\u00ebpis\u00eb s\u00eb tij, shtetasin Ibrahim Mani. K\u00ebt\u00eb vrasje, Pine e ka kryer m\u00eb 25 qershor 2014 dhe n\u00eb baz\u00eb t\u00eb deklarimeve ia kishte k\u00ebrkuar Tafilaj ta kryente p\u00ebr llogari t\u00eb nj\u00eb familje me t\u00eb cil\u00ebt Mani kishte hasm\u00ebri. Pas vrasjes n\u00eb Shkod\u00ebr, q\u00eb Pine pranon se ka qen\u00eb e para n\u00eb jet\u00ebn e tij, atij i \u00ebsht\u00eb k\u00ebrkuar nga bashk\u00eb i pandehuri tjet\u00ebr Alfred Qefalia t\u00eb vras\u00eb shtetasin Edmond \u00c7akmashi n\u00eb Shkoz\u00eb t\u00eb Tiran\u00ebs. P\u00ebr k\u00ebt\u00eb vrasje, Pine thot\u00eb se ishte n\u00eb dijeni edhe Admir Tafili nga burgu, i cili ka insistuar t\u00eb kryent vrasjen dhe do merrte shum\u00ebn prej 15 mij\u00eb eurove.<\/span><\/p>\n<p><span style=\"color: #000000;\">Pine i ka th\u00ebn\u00eb Prokuroris\u00eb se nuk donte ta vriste por vet\u00ebm ta plagoste. P\u00ebr k\u00ebt\u00eb fakt, ai ka k\u00ebrkuar shum\u00ebn prej 7500 euro por q\u00eb nuk i \u00ebsht\u00eb dh\u00ebn\u00eb. N\u00eb shtator 2017, grupi i Tafilit mori d\u00ebnime t\u00eb r\u00ebnda nga gjykata, nd\u00ebrsa i penduari i drejt\u00ebsis\u00eb, Kristi Pine i shp\u00ebtoi burgimit t\u00eb p\u00ebrjetsh\u00ebm dhe trupi gjykues vendosi t\u00eb l\u00ebr\u00eb at\u00eb pas hekurave p\u00ebr 10 vite.<\/span><\/p>\n<p><strong><span style=\"color: #000000;\">ERNEJT SHYTI (I PENDUARI Q\u00cb ZBULOI AUTOR\u00cbT E VRASJES S\u00cb BEHAR SOFIS\u00cb)<\/span><\/strong><\/p>\n<p><span style=\"color: #000000;\">Ernejt Shyti, 26-vje\u00e7ari i dyshuar si autor i vrasjes s\u00eb Behar Sofis\u00eb, m\u00eb 25 shkurt t\u00eb vitit 2021 n\u00eb Tiran\u00eb, \u00ebsht\u00eb kthyer n\u00eb t\u00eb penduar dhe ka pranuar t\u00eb bashk\u00ebpunoj\u00eb me drejt\u00ebsin\u00eb, duke dh\u00ebn\u00eb d\u00ebshmi trondit\u00ebse n\u00eb Gjykat\u00ebn e Posa\u00e7me.<\/span><\/p>\n<p><span style=\"color: #000000;\">Shyti ka deklaruar se t\u00eb nj\u00ebjt\u00ebt persona q\u00eb e kishin porositur p\u00ebr t\u00eb vrar\u00eb Sofin\u00eb, i kishin k\u00ebrkuar t\u00eb kryente edhe nj\u00eb vrasje tjet\u00ebr n\u00eb Gjermani. Ai ka treguar se do t\u00eb vroste nj\u00eb 34-vje\u00e7ar dhe p\u00ebr k\u00ebt\u00eb do t\u00eb paguhej 500 mij\u00eb euro. Personat q\u00eb i kan\u00eb k\u00ebrkuar kryerjen e k\u00ebsaj vrasje, i kan\u00eb th\u00ebn\u00eb se parat\u00eb do i merrte nga \u201cBajlozi\u201d, q\u00eb ai pretendon se nuk e njihte.<\/span><\/p>\n<p><span style=\"color: #000000;\">Ernejt Shyti ka treguar detaje t\u00eb vrasjes s\u00eb Behar Sofis\u00eb, q\u00eb nga porosia, p\u00ebrgatitja dhe organizimi.\u00a0 P\u00ebr k\u00ebt\u00eb ngjarje ndodhen n\u00eb burg Sk\u00ebnder Vathi, Leonar Xhixha, Xhuljano Visha dhe vet\u00eb i penduari.<\/span><\/p>\n<p><span style=\"color: #000000;\">Ernejt Shyti ka pranuar krimin dhe faktin q\u00eb \u00e7alonte para se t\u00eb kryente krimin me q\u00ebllimin q\u00eb t\u00eb mos identifikohej dhe kapej nga policia. Ekspert\u00eb nga Britania e Madhe kan\u00eb par\u00eb se vras\u00ebsi shfaqet duke pritur sh\u00ebnjestr\u00ebn teksa \u00e7alon duke th\u00ebn\u00eb se e improvizon k\u00ebt\u00eb ecje dhe nuk ka probleme.<\/span><\/p>\n<div id=\"attachment_594641\" style=\"width: 1210px\" class=\"wp-caption aligncenter\"><img loading=\"lazy\" decoding=\"async\" aria-describedby=\"caption-attachment-594641\" class=\"size-full wp-image-594641\" src=\"https:\/\/www.hashtag.al\/wp-content\/uploads\/2023\/05\/Dumani-1.jpg\" alt=\"\" width=\"1200\" height=\"675\" srcset=\"https:\/\/www.hashtag.al\/wp-content\/uploads\/2023\/05\/Dumani-1.jpg 1200w, https:\/\/www.hashtag.al\/wp-content\/uploads\/2023\/05\/Dumani-1-300x169.jpg 300w, https:\/\/www.hashtag.al\/wp-content\/uploads\/2023\/05\/Dumani-1-1024x576.jpg 1024w, https:\/\/www.hashtag.al\/wp-content\/uploads\/2023\/05\/Dumani-1-768x432.jpg 768w\" sizes=\"auto, (max-width: 1200px) 100vw, 1200px\" \/><p id=\"caption-attachment-594641\" class=\"wp-caption-text\"><span style=\"color: #0000ff;\">Nuredin Dumani<\/span><\/p><\/div>\n<p><strong><span style=\"color: #000000;\">NUREDIN DUMANI (I PENDUARI Q\u00cb TREGOI POROSIT\u00cbSIT E VRASJEVE)<\/span><\/strong><\/p>\n<p><span style=\"color: #000000;\">\u201cKilleri\u201d q\u00eb u arrestua n\u00eb mars t\u00eb vitit 2022 n\u00eb Fier, Nuredin Dumani, u kthye menj\u00ebher\u00eb n\u00eb t\u00eb penduar. Bashk\u00eb me t\u00eb arrestuarin tjet\u00ebr, Henrik Hoxha, ai rr\u00ebfeu krime t\u00eb kryera e t\u00eb tjera t\u00eb porositura por q\u00eb nuk ishin realizuar.<\/span><\/p>\n<p><span style=\"color: #000000;\">Mbr\u00ebmjen e dat\u00ebs 29 mars t\u00eb vitit 2022, nga strukturat e Policis\u00eb s\u00eb Shtetit \u00ebsht\u00eb finalizuar operacioni policor i koduar &#8220;Arratia&#8221;, gjat\u00eb t\u00eb cilit u arrit t\u00eb arrestohet nj\u00eb prej personave m\u00eb t\u00eb k\u00ebrkuar, i dyshuar p\u00ebr disa vrasje.<\/span><\/p>\n<p><span style=\"color: #000000;\">Rreth or\u00ebs 22:25, n\u00eb lagjen &#8220;Apollonia&#8221; n\u00eb Fier, u b\u00eb lokalizimi dhe kapja e shtetasit Nuredin Dumani. Arrestimi i tij u konsiderua nj\u00eb sukses i madh p\u00ebr Policin\u00eb, pasi p\u00ebrve\u00e7se ai ishte nj\u00eb prej m\u00eb t\u00eb k\u00ebrkuarve, u kthye edhe n\u00eb bashk\u00ebpun\u00ebtor t\u00eb drejt\u00ebsis\u00eb.<\/span><\/p>\n<p><span style=\"color: #000000;\">Fal\u00eb d\u00ebshmis\u00eb s\u00eb tij, n\u00eb maj t\u00eb vitit t\u00eb kaluar u realizua operacioni tjet\u00ebr, i koduar \u201cPlumbi i art\u00eb\u201d, i cili nxori n\u00eb sken\u00eb shum\u00eb emra t\u00eb bot\u00ebs s\u00eb krimit. Vrasje t\u00eb kryera me porosi e t\u00eb tjera q\u00eb nuk ishin realizuar.<\/span><\/p>\n<p><strong><span style=\"color: #000000;\">ELVIS BARDHI (VRAS\u00cbSI I PENDUAR Q\u00cb \u00c7OI N\u00cb BURG ARDIAN \u00c7APJAN)<\/span><\/strong><\/p>\n<p><span style=\"color: #000000;\">D\u00ebshmia e vras\u00ebsit t\u00eb penduar, Elvis Bardhi, solli d\u00ebnimin me burgim t\u00eb p\u00ebrjetsh\u00ebm t\u00eb Ardian dhe Florenc \u00c7apjen p\u00ebr vrasjen e Gentian Beqirit dhe t\u00eb atit t\u00eb tij, Nezirit n\u00eb vitin 2012 n\u00eb Elbasan. Po ashtu, me burgim t\u00eb p\u00ebrjetsh\u00ebm \u00ebsht\u00eb d\u00ebnuar edhe Olsi Leku. Kurse p\u00ebr Ervis Bardhin, bashk\u00ebpun\u00ebtor i drejt\u00ebsis\u00eb n\u00eb k\u00ebt\u00eb proces, gjykata dha 15 vite burg. Nga 25 vite burgim Gjykata e Posa\u00e7me dha p\u00ebr Klaidi Dokoli dhe Etien \u00c7ani.<\/span><\/p>\n<p><span style=\"color: #000000;\">Ervisi b\u00ebhet i penduar i drejt\u00ebsis\u00eb pasi gjurm\u00ebt e gisht\u00ebrinjve t\u00eb tij kishin mbetur n\u00eb mjetin e q\u00eb kishte p\u00ebrdorur p\u00ebr t\u2019u larguar nga vendi ku vrau Gentian Beqirin bash\u00eb me t\u00eb atin. Arrestimi i Ardjan \u00c7apajas m\u00ebngjesin e 29 marsit t\u00eb vitit 2021 erdhi pas d\u00ebshmis\u00eb s\u00eb dh\u00ebn\u00eb nj\u00eb vit m\u00eb par\u00eb nga i penduari, i cili ka pranuar se kishte qen\u00eb ai q\u00eb t\u00ebrhoqi k\u00ebmb\u00ebz\u00ebn e arm\u00ebs q\u00eb vrau n\u00eb gjum\u00eb Gentjan Beqirin. Nd\u00ebrkoh\u00eb Florenca \u00c7apja \u00ebsht\u00eb ende n\u00eb k\u00ebrkim pasi akuzohet si porosit\u00ebsi i vrasjes s\u00eb dy personave, bab\u00eb e bir.<\/span><\/p>\n<p><strong><span style=\"color: #000000;\">MIKLAR TOLA (ZBULOI VRASJEN E NJ\u00cb VAJZE NGA BABAI E I V\u00cbLLAI)<\/span><\/strong><\/p>\n<p><span style=\"color: #000000;\">Miklar Tola, personi q\u00eb ndihmoi prokurorin\u00eb e Tiran\u00ebs p\u00ebr zbardhjen e vrasjes s\u00eb Eglantina Bucit, e ndodhur n\u00eb vitin 2012 ka deklaruar se autor\u00ebt jan\u00eb Shk\u00eblzen dhe Faik Buci. N\u00eb seanc\u00ebn e zhvilluar n\u00eb Gjykat\u00ebn e Tiran\u00ebs, Tola ka deklaruar t\u00eb gjitha th\u00ebniet q\u00eb ka b\u00ebr\u00eb edhe p\u00ebrpara Prokuroris\u00eb.<\/span><\/p>\n<p><span style=\"color: #000000;\">Vrasja e Eglantina Bucit n\u00eb vitin 2012 n\u00eb Malin me Gropa u zbardh fal\u00eb d\u00ebshmitarit t\u00eb mbrojtur, i cili ka qen\u00eb i pranish\u00ebm n\u00eb momentin e ekzekutimit t\u00eb s\u00eb res\u00eb. Shk\u00eblzen Buci, v\u00ebllai i Eglantin\u00ebs, dhe Faik Buci babai i vajz\u00ebs, jan\u00eb t\u00eb akuzuar p\u00ebr k\u00ebt\u00eb \u00e7\u00ebshtje.<\/span><\/p>\n<p><span style=\"color: #000000;\">Hetimet p\u00ebr ngjarje nis\u00ebn n\u00eb vitin 2017, kur u arrestua Shk\u00eblzen Buci. Ai u akuzua dhe d\u00ebnua p\u00ebr vrasjen e mbetur n\u00eb tentativ\u00eb t\u00eb aktorit Mishel Prela. Nj\u00ebri nd\u00ebr t\u00eb akuzuarit p\u00ebr vrasjen e mbetur n\u00eb tentativ\u00eb ndaj Prel\u00ebs, ishte edhe shoku i Shk\u00eblzen Bucit, i cili ka qen\u00eb i pranish\u00ebm n\u00eb vrasjen e Eglantina Bucit. Ky person, q\u00eb sot \u00ebsht\u00eb d\u00ebshmitar i mbrojtur, i ka treguar policis\u00eb t\u00eb gjith\u00eb ngjarjen e vitit 2012 n\u00eb Malin me Gropa.<\/span><\/p>\n<div id=\"attachment_594642\" style=\"width: 1290px\" class=\"wp-caption aligncenter\"><img loading=\"lazy\" decoding=\"async\" aria-describedby=\"caption-attachment-594642\" class=\"wp-image-594642 size-full\" src=\"https:\/\/www.hashtag.al\/wp-content\/uploads\/2023\/05\/maxresdefault-CwhdunlpR-transformed.jpeg\" alt=\"\" width=\"1280\" height=\"720\" srcset=\"https:\/\/www.hashtag.al\/wp-content\/uploads\/2023\/05\/maxresdefault-CwhdunlpR-transformed.jpeg 1280w, https:\/\/www.hashtag.al\/wp-content\/uploads\/2023\/05\/maxresdefault-CwhdunlpR-transformed-300x169.jpeg 300w, https:\/\/www.hashtag.al\/wp-content\/uploads\/2023\/05\/maxresdefault-CwhdunlpR-transformed-1024x576.jpeg 1024w, https:\/\/www.hashtag.al\/wp-content\/uploads\/2023\/05\/maxresdefault-CwhdunlpR-transformed-768x432.jpeg 768w\" sizes=\"auto, (max-width: 1280px) 100vw, 1280px\" \/><p id=\"caption-attachment-594642\" class=\"wp-caption-text\"><span style=\"color: #0000ff;\">Luftar Re\u00e7i<\/span><\/p><\/div>\n<p><strong><span style=\"color: #000000;\">LUFTAR RE\u00c7I (RIHAPI VRASJET PA AUTOR T\u00cb VAJDIN LAMES E KLODIAN SALIUT)<\/span><\/strong><\/p>\n<p><span style=\"color: #000000;\">Luftar Re\u00e7i, nj\u00eb i d\u00ebnuar q\u00eb u kthye n\u00eb bashk\u00ebpun\u00ebtor t\u00eb drejt\u00ebsis\u00eb, me d\u00ebshmin\u00eb e tij dh\u00ebn\u00eb n\u00eb Prokurorin\u00eb e Posa\u00e7me u hapi probleme serioze emrave t\u00eb njohur t\u00eb bot\u00ebs s\u00eb krimit n\u00eb Shqip\u00ebri, q\u00eb veprojn\u00eb n\u00eb Tiran\u00eb, Durr\u00ebs dhe Vlor\u00eb.<\/span><\/p>\n<p><span style=\"color: #000000;\">Re\u00e7i, i d\u00ebnuar me 25 vite burgim nga gjykata e Burrelit, p\u00ebr vrasjen e Aleks Lal\u00ebs, ka treguar n\u00eb tre rr\u00ebfime, at\u00eb t\u00eb dat\u00ebs 21 tetor, 31 tetor dhe 26 n\u00ebntor 2020, t\u00eb gjith\u00eb veprimtarin\u00eb kriminale q\u00eb ka pasur me Lulzim Berish\u00ebn dhe an\u00ebtar\u00ebt e tjer\u00eb t\u00eb band\u00ebs s\u00eb tij.<\/span><\/p>\n<p><span style=\"color: #000000;\">P\u00ebr t\u2019i shp\u00ebtuar d\u00ebnimit me 25 vite burgim Luftar Re\u00e7i, pretendoi se dit\u00ebn e krimit dhe n\u00eb momentin e krimit ka q\u00ebn\u00eb tek e dashura e tij bullgare n\u00eb Tiran\u00eb dhe jo n\u00eb fshatin Shkopet, ku ndodhi vrasja e m\u00eb pas djegia e trupit t\u00eb Aleks Lal\u00ebs.<\/span><\/p>\n<p><span style=\"color: #000000;\">Pas marjes s\u00eb d\u00ebnimit n\u00eb vitin 2008, Luftar Re\u00e7i, \u00ebsht\u00eb endur sa n\u00eb burgun e siguris\u00eb s\u00eb Lart\u00eb t\u00eb Burrelit, Peqin dhe n\u00eb Drenov\u00eb t\u00eb Kor\u00e7\u00ebs. Re\u00e7i aktualisht ndodhet n\u00eb burg dhe tashm\u00eb ka fituar statusin e bashk\u00ebpuntorit t\u00eb drejt\u00ebsis\u00eb, ku gjat\u00eb vuajtjes s\u00eb d\u00ebnimit p\u00ebrfiton privilegje t\u00eb tjera.<\/span><\/p>\n<p><span style=\"color: #000000;\">Luftar Re\u00e7i ka mundur t\u00eb jap\u00eb d\u00ebshmin\u00eb n\u00eb Gjykat\u00ebn e Posa\u00e7me, pas disa seancash te d\u00ebshtuara, n\u00eb procesin ku jan\u00eb t\u00eb pandehur Emiljano Shullazi, Viktor Imeri, Lulzim Berisha dhe an\u00ebtar\u00eb t\u00eb tjer\u00eb t\u00eb band\u00ebs s\u00eb Durr\u00ebsit, t\u00eb akuzuar p\u00ebr vrasjen e biznesmenit Vajdin Lame dhe Klodian Saliu n\u00eb vitin 2005. D\u00ebshmia e tij u dha pas vendimit t\u00eb gjykat\u00ebs p\u00ebr shoq\u00ebrimin e detyruesh\u00ebm t\u00eb Re\u00e7it megjith\u00ebse ai pretendoi se ndihej i rrezikuar.<\/span><\/p>\n<p><strong><span style=\"color: #000000;\">ENVER JAMAKU (D\u00cbSHMOI P\u00cbR 20 DEPO ARMATIMI N\u00cb TIRAN\u00cb)<\/span><\/strong><\/p>\n<p><span style=\"color: #000000;\">Enver Jamaku, pas arrestimit t\u00eb tij n\u00eb shkurt t\u00eb vitit 2020, pranoi t\u00eb bashk\u00ebpunoj\u00eb me drejt\u00ebsin\u00eb duke rr\u00ebfyer p\u00ebrfshirjen e tij n\u00eb ngjarjet kriminale. Deklarimet e tij \u00e7uan n\u00eb pranga 9 persona, shpall\u00ebn n\u00eb k\u00ebrkim dy t\u00eb tjer\u00eb, si edhe zbuluan gati 20 depo armatimi n\u00eb Tiran\u00eb.<\/span><\/p>\n<p><span style=\"color: #000000;\">Jamaku \u00ebsht\u00eb d\u00ebnuar me burg nga Gjykata e Tiran\u00ebs, pasi \u00ebsht\u00eb shpallur fajtor lidhur me nj\u00eb episod t\u00eb ndodhur n\u00eb shkurt t\u00eb vitit 2020, q\u00eb nuk ka lidhje me ngjarjen kriminale p\u00ebr t\u00eb cilat ai u b\u00eb i \u201ci penduar\u201d i drejt\u00ebsis\u00eb.<\/span><\/p>\n<p><span style=\"color: #000000;\">Enver Jamaku po hetohet edhe si autor i t\u00eb pakt\u00ebn dy atentateve t\u00eb d\u00ebshtuara me shp\u00ebrthim eksplozivi n\u00eb kryeqytet, atij ndaj biznesmenit Gjon Mena, n\u00eb shkurt 2021 n\u00eb Kam\u00ebz, si edhe ndaj Domart Konjarit n\u00eb tetor 2019, ku u plagos kunati i tij, Artion Bylyku.<\/span><\/p>\n<p><strong><span style=\"color: #000000;\">FATMIR VLADI (D\u00cbSHMITARI I MBROJTUR Q\u00cb U TENTUA T\u00cb VRITET)<\/span><\/strong><\/p>\n<p><span style=\"color: #000000;\">Fatmir Vladi, apo i njohur me emrin Arben Ndoka pasi mori statusin e d\u00ebshmitarit t\u00eb mbrojtur, ishte personi q\u00eb lidhi Arben Frrokun me vrasjen e kryekomisarit Dritan Lamaj n\u00eb vitin 2013.<\/span><\/p>\n<p><span style=\"color: #000000;\">Identiteti i tij i v\u00ebrtet\u00eb u zbulua nga vet\u00eb i pandehuri Arben Frroku. M\u00eb 26 shtator t\u00eb vitit 2014, Frroku b\u00ebri nj\u00eb deklarat\u00eb nga paraburgimi 302 duke th\u00ebn\u00eb se d\u00ebshmitari i mbrojtur n\u00eb procesin ndaj tij quhej Fatmir Vladi.<\/span><\/p>\n<p><span style=\"color: #000000;\">Nd\u00ebrkoh\u00eb, m\u00eb her\u00ebt, m\u00eb 15 shtator t\u00eb po atij viti, d\u00ebshmitari i mbrojtur i kishte shp\u00ebtuar nj\u00eb atentati me eksploziv, q\u00eb ishte vendosur n\u00eb makin\u00ebn e tij. Gjat\u00eb nj\u00eb kontrolli n\u00eb nj\u00eb servis n\u00eb rrug\u00ebn \u201cDon Bosko\u201d, n\u00eb makin\u00ebn n\u00eb pron\u00ebsi t\u00eb Fatmir Vladit u gjet nj\u00eb sasi eksplozivi, kjo e konfirmuar edhe nga deklarata zyrtare e Policis\u00eb po at\u00eb dit\u00eb. Por zbulimi q\u00eb Arben Frroku, i dyshuari p\u00ebr vrasjen e komisarit t\u00eb Kombinatit Dritan Lamaj, i b\u00ebri p\u00ebr her\u00eb t\u00eb par\u00eb emrit t\u00eb d\u00ebshmitarit t\u00eb mbrojtur, do t\u00eb zbulonte dhe lidhjen me vendosjen e tritolit n\u00eb automjetin Volzvagen me targa AA 750 GT.<\/span><\/p>\n<p><span style=\"color: #000000;\">Sh\u00ebrbimi i Kontrollit t\u00eb Brendshm\u00eb nisi n\u00eb at\u00eb koh\u00eb hetimet p\u00ebr identifikimin e atyre q\u00eb zbuluan identitetin e d\u00ebshmitarit t\u00eb mbrojtur. N\u00eb qend\u00ebr t\u00eb diskutimeve ka qen\u00eb nxjerrja e sekretit hetimor, q\u00eb ka v\u00ebn\u00eb n\u00eb rrezik jet\u00ebn e personit, i cili \u00ebsht\u00eb d\u00ebshmitari \u201cky\u00e7\u201d i vrasjes s\u00eb kryekomisarit Dritan Lamaj.<\/span><\/p>\n<div id=\"attachment_594643\" style=\"width: 1579px\" class=\"wp-caption aligncenter\"><img loading=\"lazy\" decoding=\"async\" aria-describedby=\"caption-attachment-594643\" class=\"size-full wp-image-594643\" src=\"https:\/\/www.hashtag.al\/wp-content\/uploads\/2023\/05\/romeo.jpg\" alt=\"\" width=\"1569\" height=\"775\" srcset=\"https:\/\/www.hashtag.al\/wp-content\/uploads\/2023\/05\/romeo.jpg 1569w, https:\/\/www.hashtag.al\/wp-content\/uploads\/2023\/05\/romeo-300x148.jpg 300w, https:\/\/www.hashtag.al\/wp-content\/uploads\/2023\/05\/romeo-1024x506.jpg 1024w, https:\/\/www.hashtag.al\/wp-content\/uploads\/2023\/05\/romeo-768x379.jpg 768w, https:\/\/www.hashtag.al\/wp-content\/uploads\/2023\/05\/romeo-1536x759.jpg 1536w\" sizes=\"auto, (max-width: 1569px) 100vw, 1569px\" \/><p id=\"caption-attachment-594643\" class=\"wp-caption-text\"><span style=\"color: #0000ff;\">Romeo Kara<\/span><\/p><\/div>\n<p><strong><span style=\"color: #000000;\">ROMEO KARA (D\u00cbSHMITARI I MBROJTUR Q\u00cb EKSPOZOI AFER\u00cbN E CEZ)<\/span><\/strong><\/p>\n<p><span style=\"color: #000000;\">Njeriu q\u00eb ekspozoi afer\u00ebn e CEZ, jurist i OSHEE, sot \u00ebsht\u00eb n\u00eb mbrojtje. Romeo Kara, d\u00ebshmitar ky\u00e7 n\u00eb procesin gjyq\u00ebsor ndaj biznesmenit Kastriot Ismailaj, fillimisht \u00ebsht\u00eb marr\u00eb n\u00eb mbrojtje nga policia n\u00eb vitin 2016 e m\u00eb pas ka p\u00ebrfituar edhe statusin e d\u00ebshmitarit t\u00eb mbrojtur.<\/span><\/p>\n<p><span style=\"color: #000000;\">Nj\u00eb telefonat\u00eb k\u00ebrc\u00ebnuese, e mb\u00ebrritur n\u00eb telefonin e juristit t\u00eb OSHE-s\u00eb \u00ebsht\u00eb b\u00ebr\u00eb shkak q\u00eb policia ta marr\u00eb n\u00eb mbrojtje, s\u00eb bashku me familjen e tij. Romeo Kara ka p\u00ebrfaq\u00ebsuar OSHEE &#8211; n\u00eb n\u00eb Arbitrazh, ku kompania e Ismailaj, DIA, k\u00ebrkonte d\u00ebmshp\u00ebrblim n\u00eb vler\u00ebn e 135 milion\u00eb eurove, p\u00ebr prishje t\u00eb nj\u00ebanshme t\u00eb kontrat\u00ebs.<\/span><\/p>\n<p><span style=\"color: #000000;\">DIA kishte fituar t\u00eb drejt\u00ebn p\u00ebr t\u00eb mbledhur borxhet q\u00eb biznese dhe familjar\u00eb i kishin nd\u00ebr vite OSHEE &#8211; s\u00eb. Por kjo, sipas Prokuroris\u00eb, rezultoi t\u00eb ishte nj\u00eb skem\u00eb mashtrimi, ku Ismailaj i vodhi buxhetit t\u00eb shtetit 5 milion\u00eb euro.<\/span><\/p>\n<p><span style=\"color: #000000;\">Nd\u00ebrkoh\u00eb Elvis Mataj u vu n\u00eb mbrojtje policore n\u00eb vitin 2016, pasi pretendonte se kishte fakte e prova q\u00eb do t\u00eb hidhnin drit\u00eb mbi skandalin CEZ-DIA, ku b\u00ebhej fjal\u00eb p\u00ebr nj\u00eb skem\u00eb t\u00eb past\u00ebr mashtrimi n\u00eb mbledhjen e borxheve t\u00eb CEZ.<\/span><\/p>\n<p><span style=\"color: #000000;\">N\u00eb fakt, ai asnj\u00ebher\u00eb nuk mori statusin e bashk\u00ebpun\u00ebtorit apo d\u00ebshmitarit t\u00eb drejt\u00ebsis\u00eb, pasi Prokuroria nuk e konsideroi d\u00ebshmin\u00eb e tij me shum\u00eb interes p\u00ebr procesin.<\/span><\/p>\n<p><span style=\"color: #000000;\">Mbrojtja policore iu garantua p\u00ebr shkak t\u00eb dyshimeve se i kanosej rrezik p\u00ebr jet\u00ebn, pas d\u00ebshmis\u00eb q\u00eb kishte dh\u00ebn\u00eb n\u00eb gjykat\u00ebn e Arbitrazhit. Ai kishte rr\u00ebfyer marr\u00ebdh\u00ebniet e tensionuara me biznesmenin Kastriot Ismailaj dhe k\u00ebrc\u00ebnimet q\u00eb ky i fundit i kishte b\u00ebr\u00eb p\u00ebr jet\u00ebn. Aktualisht nuk ka t\u00eb dh\u00ebna se ku ndodhet Elvis Mataj, por sipas d\u00ebshmive ai \u00ebsht\u00eb jasht\u00eb Shqip\u00ebris\u00eb.<\/span><\/p>\n<p><strong><span style=\"color: #000000;\">D\u00cbSHMITAR\u00cbT E MBROJTUR, SI RUHEN DHE \u00c7FAR\u00cb P\u00cbRFITOJN\u00cb PAS MARR\u00cbVESHJES<\/span><\/strong><\/p>\n<p><span style=\"color: #000000;\">Koncepti i bashk\u00ebpun\u00ebtor\u00ebve dhe d\u00ebshmitar\u00ebve t\u00eb drejt\u00ebsis\u00eb \u00ebsht\u00eb futur n\u00eb vendin ton\u00eb n\u00eb vitin 2004. Konkretisht, ky koncept u fut n\u00eb mars t\u00eb atij viti, koh\u00eb kur u krijua dhe Gjykata p\u00ebr Krimet e R\u00ebnda. Vit pas viti jan\u00eb b\u00ebr\u00eb ndryshime ligjore, akte, shtesa dhe udh\u00ebzime, derisa u arrit n\u00eb miratimin e nj\u00eb ligji q\u00eb \u00ebsht\u00eb n\u00eb fuqi edhe sot. Tashm\u00eb, q\u00eb prej vitit 2009, drejt\u00ebsia shqiptare p\u00ebrdor d\u00ebshmitar\u00eb, apo autor\u00eb t\u00eb penduar p\u00ebr zbardhjen e ngjarjeve t\u00eb ndryshme kriminale.<\/span><\/p>\n<p><span style=\"color: #000000;\">Ligji 10173 i dekretuar n\u00eb dat\u00eb 22 tetor t\u00eb vitit 2009 nga ish-presidenti Bamir Topi \u201cP\u00ebr mbrojtjen e d\u00ebshmitar\u00ebve dhe t\u00eb bashk\u00ebpun\u00ebtor\u00ebve t\u00eb drejt\u00ebsis\u00eb\u201d, n\u00eb 31 nenet e tij ka t\u00eb specifikuar deri n\u00eb detaje p\u00ebrfitimet e dikujt q\u00eb p\u00ebrfiton statusin e t\u00eb penduarit.<\/span><\/p>\n<p><span style=\"color: #000000;\">N\u00eb rastet e marrjes s\u00eb statusit, ai, por edhe familja g\u00ebzojn\u00eb benifite si kurr\u00eb m\u00eb par\u00eb. T\u00eb ardhura p\u00ebr familjen, roje sigurie q\u00eb paguhen nga shteti, shoq\u00ebrime me makina shtet\u00ebrore t\u00eb familjar\u00ebve, apo f\u00ebmij\u00ebve n\u00eb rastet kur \u00ebsht\u00eb kryefamiljar. Vet\u00eb i penduari nuk ka ato kushte n\u00eb burg si t\u00eb d\u00ebnuarit e tjer\u00eb. Programi p\u00ebr mbrojtjen e d\u00ebshmitar\u00ebve parashikon jo vet\u00ebm garantimin e jet\u00ebs s\u00eb personit dhe familjes s\u00eb tij, por edhe strehimin, trajtimin financiar, mjek\u00ebsor, arsimimin e deri te trajtimi psikologjik.<\/span><\/p>\n<p><span style=\"color: #000000;\">L\u00ebvizjet e personit t\u00eb marr\u00eb n\u00ebn ruajtje dhe familjar\u00ebve t\u00eb tij kryhen n\u00ebn v\u00ebzhgimin dhe shoq\u00ebrimin e agjent\u00ebve t\u00eb zyr\u00ebs p\u00ebr mbrojtjen e d\u00ebshmitar\u00ebve. P\u00ebr raste t\u00eb ve\u00e7anta, kur shkalla e rrezikut vler\u00ebsohet e lart\u00eb, strehimi i personit t\u00eb marr\u00eb n\u00ebn mbrojte dhe familjes s\u00eb tij realizohet edhe jasht\u00eb vendit. Trajtimi financiar i personave t\u00eb marr\u00eb n\u00ebn mbrojtje \u00ebsht\u00eb nj\u00eb tjet\u00ebr detyrim i shtetit ndaj k\u00ebtyre personave.<\/span><\/p>\n<p><strong><span style=\"color: #000000;\">ND\u00cbRPRERJA E MBROJTJES, PRISHJA E KONTRAT\u00cbS DHE HEQJA NGA PROGRAMI<\/span><\/strong><\/p>\n<p><span style=\"color: #000000;\">T\u00eb drejt\u00ebn p\u00ebr t\u00eb propozuar pranimin e nj\u00eb ose t\u00eb disa personave n\u00eb programin e mbrojtjes e ka prokurori i P\u00ebrgjithsh\u00ebm. N\u00eb rastin e bashk\u00ebpun\u00ebtorit t\u00eb drejt\u00ebsis\u00eb, propozimi shoq\u00ebrohet me p\u00ebrshkrimin e kushteve t\u00eb bashk\u00ebpunimit me drejt\u00ebsin\u00eb, t\u00eb cilat do t\u00eb b\u00ebhen pjes\u00eb e marr\u00ebveshjes s\u00eb mbrojtjes.<\/span><\/p>\n<p><span style=\"color: #000000;\">Propozimi i prokurorit t\u00eb P\u00ebrgjithsh\u00ebm p\u00ebr pranimin e nj\u00eb ose t\u00eb disa personave n\u00eb programin e mbrojtjes, s\u00eb bashku me informacionin baz\u00eb, depozitohen pran\u00eb Drejtoris\u00eb s\u00eb Mbrojtjes s\u00eb D\u00ebshmitar\u00ebve dhe t\u00eb Bashk\u00ebpun\u00ebtor\u00ebve t\u00eb Drejt\u00ebsis\u00eb, e cila kryen edhe funksionet e sekretaris\u00eb teknike.<\/span><\/p>\n<p><span style=\"color: #000000;\">N\u00eb nj\u00eb koh\u00eb sa m\u00eb t\u00eb shkurt\u00ebr dhe n\u00eb \u00e7do rast, jo m\u00eb von\u00eb se 10 dit\u00eb nga data e miratimit t\u00eb pranimit n\u00eb programin e mbrojtjes, drejtoria p\u00ebrgatit marr\u00ebveshjen p\u00ebr zbatimin e programit dhe merr masa p\u00ebr bisedimin dhe n\u00ebnshkrimin e saj me d\u00ebshmitarin, bashk\u00ebpun\u00ebtorin e drejt\u00ebsis\u00eb dhe personat e tjer\u00eb t\u00eb mbrojtur.<\/span><\/p>\n<p><em><span style=\"color: #000000;\">Programi i mbrojtjes mund t\u00eb nd\u00ebrpritet nga komisioni n\u00eb k\u00ebto raste:<\/span><\/em><\/p>\n<p><span style=\"color: #000000;\">&#8211; N\u00ebse gjat\u00eb hetimit dhe gjykimit t\u00eb \u00e7\u00ebshtjes penale v\u00ebrtetohet se d\u00ebshmitari ose bashk\u00ebpun\u00ebtori i drejt\u00ebsis\u00eb b\u00ebn deklarime a d\u00ebshmi t\u00eb rreme apo, p\u00ebr \u00e7far\u00ebdo arsye, nuk i jep deklarimet ose d\u00ebshmit\u00eb, p\u00ebr t\u00eb cilat u lejua pranimi n\u00eb programin e mbrojtjes;<\/span><\/p>\n<p><span style=\"color: #000000;\">&#8211; N\u00ebse personi i mbrojtur kryen nj\u00eb vep\u00ebr penale me dashje;<\/span><\/p>\n<p><span style=\"color: #000000;\">&#8211; N\u00ebse pas fillimit t\u00eb zbatimit t\u00eb programit t\u00eb mbrojtjes sigurohen t\u00eb dh\u00ebna t\u00eb arsyeshme dhe t\u00eb bazuara p\u00ebr p\u00ebrfshirjen e personit t\u00eb mbrojtur n\u00eb veprimtari kriminale, t\u00eb padeklaruara prej tij;<\/span><\/p>\n<p><span style=\"color: #000000;\">&#8211; N\u00ebse d\u00ebshmitari, bashk\u00ebpun\u00ebtori i drejt\u00ebsis\u00eb ose persona t\u00eb tjer\u00eb t\u00eb mbrojtur nuk respektojn\u00eb detyrimet e p\u00ebrmendura n\u00eb marr\u00ebveshjen e mbrojtjes ose kushtet e bashk\u00ebpunimit me drejt\u00ebsin\u00eb;<\/span><\/p>\n<p><span style=\"color: #000000;\">&#8211; N\u00ebse nj\u00eb autoritet i nj\u00eb shteti tjet\u00ebr k\u00ebrkon mbarimin e programit t\u00eb mbrojtjes, t\u00eb zbatuar n\u00eb territorn e atij shteti.<\/span><\/p>\n<p><strong><span style=\"color: #000000;\">ARBEN KICJA (D\u00cbSHMITARI I MBROJTUR Q\u00cb HUMBI STATUSIN)<\/span><\/strong><\/p>\n<p><span style=\"color: #000000;\">An\u00ebtar\u00ebt e band\u00ebs s\u00eb Lushnj\u00ebs, u d\u00ebnuan jo vet\u00ebm nga d\u00ebshmia e t\u00eb penduarit Petrit Li\u00e7i, por ata u fundos\u00ebn edhe nga deklarimet e d\u00ebshmitarit t\u00eb mbrojtur Arben Kicja.<\/span><\/p>\n<p><span style=\"color: #000000;\">Arben Kicja ka d\u00ebshmuar n\u00eb procesin ndaj Aldo Bares p\u00ebrmes nj\u00eb videokonference. N\u00eb d\u00ebshmin\u00eb e tij, ai rr\u00ebfeu se ishte q\u00eblluar n\u00eb vitin 2003 nga nj\u00eb an\u00ebtar i Band\u00ebs s\u00eb Lushnj\u00ebs. Pasi fitoi statusin e d\u00ebshmitarit t\u00eb mbrojtur ai tha se n\u00eb vrasjen e Hysni Demirajt ka marr\u00eb pjes\u00eb edhe Aldo Bare. Pik\u00ebrisht p\u00ebr k\u00ebt\u00eb d\u00ebshmi ai i frik\u00ebsohet nj\u00eb hakmarrjeje t\u00eb mundshme nga personat t\u00eb cil\u00ebt ai ka akuzuar p\u00ebr krime shum\u00eb t\u00eb r\u00ebnda.<\/span><\/p>\n<p><span style=\"color: #000000;\">Por n\u00eb vitin 2015, Kicja u paraqit n\u00eb Prokurorin\u00eb e P\u00ebrgjithshme duke pretenduar se \u00ebsht\u00eb k\u00ebrc\u00ebnuar me vdekje, nd\u00ebrsa k\u00ebrkon q\u00eb t&#8217;i rikthehet statusi i d\u00ebshmitarit, i cili iu hoq pasi ka prishur marr\u00ebveshjen.<\/span><\/p>\n<p><span style=\"color: #000000;\">Arben Kicja: \u201cNe duhet t\u00eb ishim integruar. Ne kemi 5 vjet aty ku jemi dhe jemi t\u00eb paintegruar. Q\u00eb do t\u00eb thot\u00eb, jemi pa oficer kontakti, jemi n\u00eb mes t\u00eb rrug\u00ebs. S\u2019kishim asnj\u00eb lloj kontakti me zyr\u00ebn, sidomos 6 muajt e fundit. Na kan\u00eb p\u00ebrz\u00ebn\u00eb nga sht\u00ebpia atje. Ne nuk kemi pasur asnj\u00eb lloj kontakti me zyr\u00ebn. E kemi t\u00eb dokumentuar me mesazhe, me video\u2026 T\u00eb d\u00ebnosh njer\u00ebz me burgim t\u00eb p\u00ebrjetsh\u00ebm \u2026\u201d<\/span><\/p>\n<p><span style=\"color: #000000;\">Ministria e Brendshme sqaroi n\u00eb at\u00eb koh\u00eb se d\u00ebshmitari Arben Kicja, i cili d\u00ebshmoi p\u00ebr kund\u00ebr band\u00ebs s\u00eb Lushnj\u00ebs, humbi statusin pasi shkeli marr\u00ebveshjen me shtetin shqiptar duke thyer n\u00eb m\u00ebnyr\u00eb t\u00eb vet\u00ebdijshme p\u00ebr m\u00eb shum\u00eb se nj\u00eb her\u00eb, rregullat e p\u00ebrcaktuara.<\/span><\/p>\n<p><strong><span style=\"color: #000000;\">YLVI BEQJA (D\u00cbSHMITARI I MBROJTUR Q\u00cb \u00c7OI N\u00cb BURG EMILJANO SHULLAZIN)<\/span><\/strong><\/p>\n<p><span style=\"color: #000000;\">Biznesmeni Ylvi Beqja, d\u00ebshmitar i mbrojtur i drejt\u00ebsis\u00eb p\u00ebr dosjen \u201cShullazi\u201d, \u00ebsht\u00eb nj\u00eb nga kall\u00ebzuesit p\u00ebr \u201cgjob\u00ebv\u00ebnie\u201d t\u00eb Emiljano Shullazit dhe t\u00eb bashk\u00ebpandehurve t\u00eb tij. D\u00ebshmia e tij ishte vendimtare n\u00eb procesin tek Krimet e R\u00ebnda q\u00eb p\u00ebrfundoi me deklarimin e fajtor t\u00eb t\u00eb pandehure. Gjykata dha n\u00eb total 55 vite burg p\u00ebr ta.<\/span><\/p>\n<p><span style=\"color: #000000;\">Ai ka dh\u00ebn\u00eb deklarime edhe p\u00ebr nj\u00eb hetim t\u00eb nisur ndaj Emiljano Shullazin nga Prokuroria e Tiran\u00ebs p\u00ebr akuz\u00ebn e \u201cpastrimit t\u00eb parave\u201d. Beqja dha shpjegime n\u00eb lidhje me dyshimet e ngritura p\u00ebr paligjshm\u00ebri t\u00eb konsumuar gjat\u00eb regjistrimit t\u00eb pron\u00ebsis\u00eb s\u00eb ish-hotel \u201cVollg\u00ebs\u201d n\u00eb Durr\u00ebs, nj\u00eb pjes\u00eb e t\u00eb cilit i \u00ebsht\u00eb kaluar Emiljano Shullazit apo p\u00ebr transaksione financiare t\u00eb kryera p\u00ebr k\u00ebt\u00eb q\u00ebllim.<\/span><\/p>\n<p><span style=\"color: #000000;\">Aktualisht kjo pron\u00eb \u00ebsht\u00eb n\u00ebn mas\u00ebn e sekuestros preventive. Por p\u00ebrve\u00e7 dijenis\u00eb p\u00ebr veprimet t\u00eb Shullazit, d\u00ebshmitari i mbrojtur Beqja ka dh\u00ebn\u00eb deklarime edhe si person n\u00ebn hetim, pasi emri i tij \u00ebsht\u00eb pjes\u00eb e t\u00eb nj\u00ebjtit hetim p\u00ebr \u201cpastrim parash\u201d t\u00eb nisur nga akuza e kryeqytetit.<\/span><\/p>\n<p><span style=\"color: #000000;\">Statusin e d\u00ebshmitarit t\u00eb mbrojtur Beqja e p\u00ebrfitoi p\u00ebr d\u00ebshmin\u00eb e dh\u00ebn\u00eb kund\u00ebr Shullazit, prova kryesore e prokuroris\u00eb n\u00eb procesin ndaj tij dhe grupit tek Krimet e R\u00ebnda.\u00a0<\/span><\/p>\n<p><span style=\"color: #000000;\">Emiljano Shullazi: <em>\u201cPo pse ne duam t\u00eb rrim\u00eb n\u00eb burg sipas teje!? K\u00ebrkoj fjal\u00ebn.. (nd\u00ebrhyn gjyqtarja q\u00eb i jep fjal\u00ebn Emiljano Shullazit). Prokurori citoi procesverbalin e dat\u00ebs 7, por ne mund t\u00eb themi \u00e7far\u00eb t\u00eb duam. Ju penguam gj\u00eb ne q\u00eb t\u00eb mos vini n\u00eb pun\u00eb, ne detyr\u00eb? N\u00eb s\u2019ju kemi pengu. Un\u00eb s\u2019jam dakord me ju. Un\u00eb ta kam th\u00ebn\u00eb edhe nj\u00eb her\u00eb dhe ta them edhe nj\u00eb her\u00eb, ta d\u00ebgjojn\u00eb edhe v\u00ebzhguesit q\u00eb jan\u00eb k\u00ebtu. Kur ti jep dor\u00ebheqjen, ore kur jep gjyqtari dor\u00ebheqjen, se nuk mund t\u00eb gjykoj un\u00eb, t\u2019ja fus murit me kok\u00eb un\u00eb eee, kur gjyqtari thot\u00eb se s\u2019mund t\u00eb gjykoj? Kuptohet dor\u00ebheqja jote. Un\u00eb do t\u00eb marr vendim, si do thuash ti, \u00ebsht\u00eb i padrejt\u00eb? \u00cbsht\u00eb i pav\u00ebrtet\u00eb Ylvi Beqja, kur ti n\u00eb vendim konfiskimi k\u00eb th\u00ebn\u00eb q\u00eb e ke bllokuar k\u00ebt\u00eb pron\u00eb se ia kam marr\u00eb me zor Ylvi Beqjas? Un\u00eb kam prova t\u00eb reja q\u00eb do i nxjerr para avokatit, si t\u00eb mi prish\u00ebsh ti mua ato prova? Se ti \u00e7far\u00eb vendimi do marr\u00ebsh, nuk ke si t\u00eb marr\u00ebsh, me dat\u00eb 1 mora at\u00eb vendim, me dat\u00eb 6 t\u00eb marr\u00ebsh vendim tjet\u00ebr&#8230; Pastaj, ku u njoh me dosjen Gjykata? M\u00eb dat\u00eb 6 more em\u00ebrimin n\u00eb apel, m\u00eb dat\u00eb 7 erdhe ke ne??\u201d<\/em><\/span><\/p>\n<p><span style=\"color: #000000;\">Por dy vite m\u00eb par\u00eb, m\u00eb 24 n\u00ebntor t\u00eb vitit 2021, koh\u00eb kur n\u00eb Apel mbahej seanca p\u00ebr Shullazin dhe grupin e tij, Ylvi Beqja \u00ebsht\u00eb kthyer n\u00eb Shqip\u00ebri, duke kryer veprime q\u00eb rrezikuan heqjen e statusit t\u00eb d\u00ebshmitarit t\u00eb drejt\u00ebsis\u00eb.<\/span><\/p>\n<p><span style=\"color: #000000;\">Me nj\u00eb shkres\u00eb q\u00eb drejtori i asaj koh\u00eb, Idajet Faskaj, i niste ish-kryeprokurorit t\u00eb SPAK Arben Kraja, dhe ish-drejtorit t\u00eb P\u00ebrgjithsh\u00ebm t\u00eb Policis\u00eb, Gledis Nano, paraqiste nj\u00eb informacion mbi problematik\u00ebn e programit t\u00eb mbrojtjes p\u00ebr Ylvi Beqjan.<\/span><\/p>\n<p><span style=\"color: #000000;\"><strong>Shkresa<\/strong><\/span><\/p>\n<p><span style=\"color: #000000;\">Masat e mbrojtjes ndiqen n\u00eb zbatim t\u00eb vendimit Nr.21, dat\u00eb 7 n\u00ebntor 2016 t\u00eb Komisionit p\u00ebr Vler\u00ebsimin e Masave t\u00eb Mbrojtjes s\u00eb D\u00ebshmitar\u00ebve dhe Bashk\u00ebpuntor\u00ebve t\u00eb Drejt\u00ebsis\u00eb p\u00ebr shtetasin, Ylvi Beqja, me status \u201cbashk\u00ebpuntor i drejt\u00ebsis\u00eb\u201d dhe familjen e tij.<\/span><\/p>\n<p><span style=\"color: #000000;\">N\u00eb zbatim t\u00eb k\u00ebtij vendimi, \u00ebsht\u00eb p\u00ebrpiluar Marr\u00ebveshja e Mbrojtjes me shtetasit e lartp\u00ebrmendur, t\u00eb cil\u00ebt pasi jan\u00eb njohur me kushtet, kufizimet dhe masat q\u00eb do merren, e kan\u00eb pranuar dhe firmosur at\u00eb.\u00a0 Aktualisht jan\u00eb n\u00eb program mbrojtje 8\u00a0 persona t\u00eb k\u00ebsaj familje.<\/span><\/p>\n<p><span style=\"color: #000000;\">Nisur nga r\u00ebnd\u00ebsia e k\u00ebtij d\u00ebshmitari, rrezikut serioz q\u00eb paraqiste grupi kriminal p\u00ebr t\u00eb cilin ky person bashk\u00ebpunoi me drejt\u00ebsin\u00eb, nga ana e Drejtoris\u00eb jan\u00eb marr\u00eb n\u00eb m\u00ebnyr\u00eb serioze dhe konsistente t\u00eb gjitha masat e duhura, si dhe jan\u00eb ndjekur procedurat e parashikuara n\u00eb ligj.<\/span><\/p>\n<p><span style=\"color: #000000;\">Pas komunikimeve t\u00eb vazhdueshme t\u00eb Drejtoris\u00eb p\u00ebr t\u00eb gjetur nj\u00eb mund\u00ebsi zhvendosje t\u00eb programit t\u00eb mbrojtjes, u dakort\u00ebsua me shtetin X, p\u00ebr nj\u00eb zhvendosje t\u00eb p\u00ebrkoh\u00ebshm deri n\u00eb finalizimin e saj n\u00eb nj\u00eb shtet tjet\u00ebr, me t\u00eb cilin kishin filluar negociatat.<\/span><\/p>\n<p><span style=\"color: #000000;\">Programi i mbrojtes u zhvendos p\u00ebrkoh\u00ebsisht n\u00eb shtetin X , n\u00eb muajin shkurt t\u00eb vitit 2019 dhe pas p\u00ebrfundimit t\u00eb marr\u00ebveshjes me shtetin \u201cY\u201d dhe arritjes s\u00eb kushteve dhe rrethanave t\u00eb favorshme, u b\u00eb zhvendosja e tyre m\u00eb 20 shtator 2021 n\u00eb shtetrin \u201cY\u201d ku ndodhen aktualisht.<\/span><\/p>\n<p><span style=\"color: #000000;\">Gjat\u00eb periudh\u00ebs s\u00eb q\u00ebndrimit n\u00eb vendin ton\u00eb, personi i mbrojtur ka kryer shkelje t\u00eb vazhdueshme dhe n\u00eb m\u00ebnyr\u00eb t\u00eb p\u00ebrs\u00ebritur, t\u00eb cilat binin ndesh me marr\u00ebveshjen e mbrojtjes e firmosur nga ai personalisht dhe titullarit.<\/span><\/p>\n<p><span style=\"color: #000000;\">Shkeljet e personit n\u00eb program mbrojtje, i jan\u00eb b\u00ebr\u00eb me dije atij si dhe Komisionit t\u00eb Vler\u00ebsimit t\u00eb Masave Mbrojt\u00ebse, gjithashu dhe Drejtorit t\u00eb P\u00ebrgjithsh\u00ebm t\u00eb Policis\u00eb s\u00eb Shtetit.<\/span><\/p>\n<p><span style=\"color: #000000;\">N\u00eb shkres\u00eb bie n\u00eb sy di\u00e7ka shum\u00eb e r\u00ebnd\u00ebsishme. Aty theksohet se q\u00eb nga periudha e p\u00ebrfshir\u00eb n\u00eb Program Mbrojtje , N\u00ebntor 2016 \u2013N\u00ebntor 2021, shpenzimet direkte p\u00ebr k\u00ebt\u00eb program jan\u00eb n\u00eb vler\u00ebn rreth 839 mij\u00eb Euro ose 60% e buxhetit t\u00eb shpenzuar p\u00ebr 65 personat e p\u00ebrfshir\u00eb n\u00eb Program mbrojtje p\u00ebr k\u00ebt\u00eb periudh\u00eb 4 &#8211; vje\u00e7are.<\/span><\/p>\n<p><span style=\"color: #000000;\">P\u00ebrfshirja n\u00eb programin e mbrojtjes, si\u00e7 e pam\u00eb ka nj\u00eb kosto mjaft t\u00eb lart\u00eb financiare. Por si\u00e7 shihet edhe n\u00eb rastin e fundit, eksizton mund\u00ebsia q\u00eb pavar\u00ebsisht t\u00eb gjithave t\u00eb ket\u00eb edhe kosto t\u00eb tjera.<\/span><\/p>\n<p><span style=\"color: #000000;\">Disa d\u00ebshmitar\u00eb dekonspirohen nga vet\u00eb strukturat shtet\u00ebrore, e disa t\u00eb tjer\u00eb e dekonspirojn\u00eb veten duke zgjedhur t\u00eb mos binden. Pasojat n\u00eb t\u00eb dy rastet mund t\u00eb jen\u00eb fatale. P\u00ebr \u00e7do d\u00ebshmi ka nj\u00eb kosto q\u00eb e p\u00ebrballon shteti. E pavar\u00ebsisht k\u00ebsaj kostoje, ky program \u00ebsht\u00eb vler\u00ebsuar si i suksessh\u00ebm duke garantuar vazhdim\u00ebsin\u00eb dhe zgjerimin e tij.<\/span><\/p>\n<p><span style=\"color: #000000;\">Duket se lufta me krimin do t\u00eb jet\u00eb nj\u00eb ndeshje pa fund, me dhe pa rregulla. Do t\u00eb sulmohet nga t\u00eb gjitha an\u00ebt. Por me r\u00ebd\u00ebsi do t\u00eb jet\u00eb q\u00eb inciativa p\u00ebr ta moshtur t\u00eb jet\u00eb n\u00eb krahun e t\u00eb drejt\u00ebs. Qoft\u00eb edhe me ndihm\u00ebn e bashk\u00ebpun\u00ebtor\u00ebve e d\u00ebshmitar\u00ebve q\u00eb kushtojn\u00eb qindra mij\u00ebra euro.<\/span><\/p>\n<p><span style=\"color: #000000;\"><span style=\"color: #ff0000;\"><strong>VINI RE<\/strong><\/span>: Marr\u00eb nga emisioni &#8220;Gj\u00ebrat tona&#8221; n\u00eb <span style=\"color: #0000ff;\">ABC News<\/span><\/span><\/p>\n","protected":false,"gt_translate_keys":[{"key":"rendered","format":"html"}]},"excerpt":{"rendered":"<p>Nga Etleva Delia Ata kan\u00eb rr\u00ebfyer krime t\u00eb r\u00ebnda. Kan\u00eb treguar emra kriminel\u00ebsh. Kan\u00eb \u00e7uar n\u00eb burg persona q\u00eb konsideroheshin t\u00eb papreksh\u00ebm. Jan\u00eb kthyer n\u00eb bashk\u00ebpun\u00ebtor\u00eb her\u00eb nga frika p\u00ebr jet\u00ebn e her\u00eb p\u00ebr t\u00eb p\u00ebrfituara mbrojtje nga shteti. Por n\u00eb ndonj\u00eb rast edhe kan\u00eb rrezikuar. Jan\u00eb dekonsipuar e jan\u00eb b\u00ebr\u00eb objekt atentashesh. E disa [&hellip;]<\/p>\n","protected":false,"gt_translate_keys":[{"key":"rendered","format":"html"}]},"author":51,"featured_media":594635,"comment_status":"closed","ping_status":"closed","sticky":false,"template":"","format":"standard","meta":{"footnotes":""},"categories":[22,65,13],"tags":[],"class_list":["post-594634","post","type-post","status-publish","format-standard","has-post-thumbnail","hentry","category-ballina","category-lajme","category-te-fundit"],"gt_translate_keys":[{"key":"link","format":"url"}],"_links":{"self":[{"href":"https:\/\/www.hashtag.al\/index.php\/wp-json\/wp\/v2\/posts\/594634","targetHints":{"allow":["GET"]}}],"collection":[{"href":"https:\/\/www.hashtag.al\/index.php\/wp-json\/wp\/v2\/posts"}],"about":[{"href":"https:\/\/www.hashtag.al\/index.php\/wp-json\/wp\/v2\/types\/post"}],"author":[{"embeddable":true,"href":"https:\/\/www.hashtag.al\/index.php\/wp-json\/wp\/v2\/users\/51"}],"replies":[{"embeddable":true,"href":"https:\/\/www.hashtag.al\/index.php\/wp-json\/wp\/v2\/comments?post=594634"}],"version-history":[{"count":0,"href":"https:\/\/www.hashtag.al\/index.php\/wp-json\/wp\/v2\/posts\/594634\/revisions"}],"wp:featuredmedia":[{"embeddable":true,"href":"https:\/\/www.hashtag.al\/index.php\/wp-json\/wp\/v2\/media\/594635"}],"wp:attachment":[{"href":"https:\/\/www.hashtag.al\/index.php\/wp-json\/wp\/v2\/media?parent=594634"}],"wp:term":[{"taxonomy":"category","embeddable":true,"href":"https:\/\/www.hashtag.al\/index.php\/wp-json\/wp\/v2\/categories?post=594634"},{"taxonomy":"post_tag","embeddable":true,"href":"https:\/\/www.hashtag.al\/index.php\/wp-json\/wp\/v2\/tags?post=594634"}],"curies":[{"name":"wp","href":"https:\/\/api.w.org\/{rel}","templated":true}]}}